{"id":32591,"date":"2022-11-29T06:57:21","date_gmt":"2022-11-29T05:57:21","guid":{"rendered":"http:\/\/www.rwg-bayreuth.de\/home\/?p=32591"},"modified":"2022-11-23T20:12:30","modified_gmt":"2022-11-23T19:12:30","slug":"ehrung-sozialen-engagements","status":"publish","type":"post","link":"https:\/\/www.rwg-bayreuth.de\/home\/?p=32591","title":{"rendered":"Anerkennung f\u00fcr sozial engagierte Sch\u00fcler\/innen"},"content":{"rendered":"<p><a href=\"https:\/\/www.rwg-bayreuth.de\/home\/wp-content\/uploads\/2022\/11\/22-23-EhrnugFSJ.jpg\"><img loading=\"lazy\" decoding=\"async\" src=\"https:\/\/www.rwg-bayreuth.de\/home\/wp-content\/uploads\/2022\/11\/22-23-EhrnugFSJ-450x300.jpg\" alt=\"\" width=\"450\" height=\"300\" class=\"aligncenter size-medium wp-image-32592\" srcset=\"https:\/\/www.rwg-bayreuth.de\/home\/wp-content\/uploads\/2022\/11\/22-23-EhrnugFSJ-450x300.jpg 450w, https:\/\/www.rwg-bayreuth.de\/home\/wp-content\/uploads\/2022\/11\/22-23-EhrnugFSJ-150x100.jpg 150w, https:\/\/www.rwg-bayreuth.de\/home\/wp-content\/uploads\/2022\/11\/22-23-EhrnugFSJ-768x512.jpg 768w, https:\/\/www.rwg-bayreuth.de\/home\/wp-content\/uploads\/2022\/11\/22-23-EhrnugFSJ-250x167.jpg 250w, https:\/\/www.rwg-bayreuth.de\/home\/wp-content\/uploads\/2022\/11\/22-23-EhrnugFSJ-900x600.jpg 900w, https:\/\/www.rwg-bayreuth.de\/home\/wp-content\/uploads\/2022\/11\/22-23-EhrnugFSJ.jpg 1024w\" sizes=\"(max-width: 450px) 100vw, 450px\" \/><\/a><\/p>\n<p>Auch dieses Jahr haben wieder Sch\u00fcler\/innen das freiwillige soziale Jahr unter der Tr\u00e4gerschaft des Freiwilligen Zentrums Bayreuth erfolgreich abgeschlossen. <\/p>\n<p>Die Jugendlichen engagierten sich in Ihrer Freizeit mindestens 50 Stunden in einer sozialen Einrichtung, wie einem Kindergarten, der offenen Ganztagsschule oder arbeiteten in einem Altersheim mit, um die Angestellten vor Ort zu unterst\u00fctzen. Von den 141 Sch\u00fcler(inne)n in Stadt und Landkreis Bayreuth kamen dieses Jahr auch 11 Jugendliche vom RWG. Diese erhielten nun von Frau Graf, Frau Steininger und Herrn Sellner ihre Zertifikate \u00fcberreicht. Sie freuten sich au\u00dferdem sowohl \u00fcber ein Schreiben des Landrats und des Oberb\u00fcrgermeisters als auch \u00fcber die angemessene Beurteilung ihrer Leistungen vonseiten der jeweiligen Einrichtungen. Als kleines Dankesch\u00f6n f\u00fcr ihr freiwilliges soziales Engagement bekamen alle Aktiven zudem einen Kugelschreiber des Freiwilligen Zentrums Bayreuth sowie den obligatorischen Kinogutschein \u00fcberreicht.<\/p>\n<p>Wir freuen uns sehr dar\u00fcber, dass so viele Jugendliche ihr Interesse an gemeinn\u00fctzigen T\u00e4tigkeiten unter Beweis gestellt haben und begl\u00fcckw\u00fcnschen die Sch\u00fcler\/innen zum Erhalt ihres Zertifikates.<\/p>\n","protected":false},"excerpt":{"rendered":"<p>Auch dieses Jahr haben wieder Sch\u00fcler\/innen das freiwillige soziale Jahr unter der Tr\u00e4gerschaft des Freiwilligen Zentrums Bayreuth erfolgreich abgeschlossen. Die Jugendlichen engagierten sich in Ihrer Freizeit mindestens 50 Stunden in einer sozialen Einrichtung, wie einem Kindergarten, der offenen Ganztagsschule oder arbeiteten in einem Altersheim mit, um die Angestellten vor Ort zu unterst\u00fctzen. Von den 141&hellip;<\/p>\n","protected":false},"author":11,"featured_media":32592,"comment_status":"closed","ping_status":"closed","sticky":false,"template":"","format":"standard","meta":{"footnotes":""},"categories":[1],"tags":[51,52],"_links":{"self":[{"href":"https:\/\/www.rwg-bayreuth.de\/home\/index.php?rest_route=\/wp\/v2\/posts\/32591"}],"collection":[{"href":"https:\/\/www.rwg-bayreuth.de\/home\/index.php?rest_route=\/wp\/v2\/posts"}],"about":[{"href":"https:\/\/www.rwg-bayreuth.de\/home\/index.php?rest_route=\/wp\/v2\/types\/post"}],"author":[{"embeddable":true,"href":"https:\/\/www.rwg-bayreuth.de\/home\/index.php?rest_route=\/wp\/v2\/users\/11"}],"replies":[{"embeddable":true,"href":"https:\/\/www.rwg-bayreuth.de\/home\/index.php?rest_route=%2Fwp%2Fv2%2Fcomments&post=32591"}],"version-history":[{"count":2,"href":"https:\/\/www.rwg-bayreuth.de\/home\/index.php?rest_route=\/wp\/v2\/posts\/32591\/revisions"}],"predecessor-version":[{"id":32602,"href":"https:\/\/www.rwg-bayreuth.de\/home\/index.php?rest_route=\/wp\/v2\/posts\/32591\/revisions\/32602"}],"wp:featuredmedia":[{"embeddable":true,"href":"https:\/\/www.rwg-bayreuth.de\/home\/index.php?rest_route=\/wp\/v2\/media\/32592"}],"wp:attachment":[{"href":"https:\/\/www.rwg-bayreuth.de\/home\/index.php?rest_route=%2Fwp%2Fv2%2Fmedia&parent=32591"}],"wp:term":[{"taxonomy":"category","embeddable":true,"href":"https:\/\/www.rwg-bayreuth.de\/home\/index.php?rest_route=%2Fwp%2Fv2%2Fcategories&post=32591"},{"taxonomy":"post_tag","embeddable":true,"href":"https:\/\/www.rwg-bayreuth.de\/home\/index.php?rest_route=%2Fwp%2Fv2%2Ftags&post=32591"}],"curies":[{"name":"wp","href":"https:\/\/api.w.org\/{rel}","templated":true}]}}