{"id":32379,"date":"2022-10-17T14:11:06","date_gmt":"2022-10-17T12:11:06","guid":{"rendered":"http:\/\/www.rwg-bayreuth.de\/home\/?p=32379"},"modified":"2022-12-09T21:09:32","modified_gmt":"2022-12-09T20:09:32","slug":"aktivfahrt-der-8-klassen-nach-bischofsgruen","status":"publish","type":"post","link":"https:\/\/www.rwg-bayreuth.de\/home\/?p=32379","title":{"rendered":"Aktivfahrt der 8. Klassen nach Bischofsgr\u00fcn"},"content":{"rendered":"<p>In der letzten Schulwoche vor den Ferien machten wir uns auf den kurzen Weg nach Bischofsgr\u00fcn, um eine Woche im SportCamp Oberfranken zu verbringen.<\/p>\n<p><a href=\"https:\/\/www.rwg-bayreuth.de\/home\/wp-content\/uploads\/2022\/11\/22-23-Aktivfahrt8-Gruppenbild.jpg\"><img loading=\"lazy\" decoding=\"async\" src=\"https:\/\/www.rwg-bayreuth.de\/home\/wp-content\/uploads\/2022\/11\/22-23-Aktivfahrt8-Gruppenbild-450x338.jpg\" alt=\"\" width=\"450\" height=\"338\" class=\"aligncenter size-medium wp-image-32380\" srcset=\"https:\/\/www.rwg-bayreuth.de\/home\/wp-content\/uploads\/2022\/11\/22-23-Aktivfahrt8-Gruppenbild-450x338.jpg 450w, https:\/\/www.rwg-bayreuth.de\/home\/wp-content\/uploads\/2022\/11\/22-23-Aktivfahrt8-Gruppenbild-150x113.jpg 150w, https:\/\/www.rwg-bayreuth.de\/home\/wp-content\/uploads\/2022\/11\/22-23-Aktivfahrt8-Gruppenbild-768x576.jpg 768w, https:\/\/www.rwg-bayreuth.de\/home\/wp-content\/uploads\/2022\/11\/22-23-Aktivfahrt8-Gruppenbild-250x188.jpg 250w, https:\/\/www.rwg-bayreuth.de\/home\/wp-content\/uploads\/2022\/11\/22-23-Aktivfahrt8-Gruppenbild.jpg 1024w\" sizes=\"(max-width: 450px) 100vw, 450px\" \/><\/a><\/p>\n<p>Wir begannen die Woche mit einer rasanten Fahrt mit dem Alpine Coaster, bei der einige laut kreischend die Steilkurven entlangsausten.<\/p>\n<div class=\"su-image-carousel  su-image-carousel-has-spacing su-image-carousel-crop su-image-carousel-crop-3-4 su-image-carousel-has-lightbox su-image-carousel-has-outline su-image-carousel-adaptive su-image-carousel-slides-style-minimal su-image-carousel-controls-style-light su-image-carousel-align-center\" style=\"max-width:300px\" data-flickity-options='{\"groupCells\":true,\"cellSelector\":\".su-image-carousel-item\",\"adaptiveHeight\":false,\"cellAlign\":\"left\",\"prevNextButtons\":true,\"pageDots\":false,\"autoPlay\":4000,\"imagesLoaded\":true,\"contain\":true,\"selectedAttraction\":0.025000000000000001,\"friction\":0.28000000000000003}' id=\"su_image_carousel_69f1ca96bcd46\"><div class=\"su-image-carousel-item\"><div class=\"su-image-carousel-item-content\"><a href=\"https:\/\/www.rwg-bayreuth.de\/home\/wp-content\/uploads\/2022\/11\/22-23-Aktivfahrt8-AlpineCoaster2.jpg\" data-caption=\"\"><img loading=\"lazy\" decoding=\"async\" width=\"768\" height=\"1024\" src=\"https:\/\/www.rwg-bayreuth.de\/home\/wp-content\/uploads\/2022\/11\/22-23-Aktivfahrt8-AlpineCoaster2.jpg\" class=\"\" alt=\"\" srcset=\"https:\/\/www.rwg-bayreuth.de\/home\/wp-content\/uploads\/2022\/11\/22-23-Aktivfahrt8-AlpineCoaster2.jpg 768w, https:\/\/www.rwg-bayreuth.de\/home\/wp-content\/uploads\/2022\/11\/22-23-Aktivfahrt8-AlpineCoaster2-338x450.jpg 338w, https:\/\/www.rwg-bayreuth.de\/home\/wp-content\/uploads\/2022\/11\/22-23-Aktivfahrt8-AlpineCoaster2-113x150.jpg 113w, https:\/\/www.rwg-bayreuth.de\/home\/wp-content\/uploads\/2022\/11\/22-23-Aktivfahrt8-AlpineCoaster2-250x333.jpg 250w\" sizes=\"(max-width: 768px) 100vw, 768px\" \/><\/a><\/div><\/div><div class=\"su-image-carousel-item\"><div class=\"su-image-carousel-item-content\"><a href=\"https:\/\/www.rwg-bayreuth.de\/home\/wp-content\/uploads\/2022\/11\/22-23-Aktivfahrt8-AlpineCoaster1.jpg\" data-caption=\"\"><img loading=\"lazy\" decoding=\"async\" width=\"768\" height=\"1024\" src=\"https:\/\/www.rwg-bayreuth.de\/home\/wp-content\/uploads\/2022\/11\/22-23-Aktivfahrt8-AlpineCoaster1.jpg\" class=\"\" alt=\"\" srcset=\"https:\/\/www.rwg-bayreuth.de\/home\/wp-content\/uploads\/2022\/11\/22-23-Aktivfahrt8-AlpineCoaster1.jpg 768w, https:\/\/www.rwg-bayreuth.de\/home\/wp-content\/uploads\/2022\/11\/22-23-Aktivfahrt8-AlpineCoaster1-338x450.jpg 338w, https:\/\/www.rwg-bayreuth.de\/home\/wp-content\/uploads\/2022\/11\/22-23-Aktivfahrt8-AlpineCoaster1-113x150.jpg 113w, https:\/\/www.rwg-bayreuth.de\/home\/wp-content\/uploads\/2022\/11\/22-23-Aktivfahrt8-AlpineCoaster1-250x333.jpg 250w\" sizes=\"(max-width: 768px) 100vw, 768px\" \/><\/a><\/div><\/div><\/div><script id=\"su_image_carousel_69f1ca96bcd46_script\">if(window.SUImageCarousel){setTimeout(function() {window.SUImageCarousel.initGallery(document.getElementById(\"su_image_carousel_69f1ca96bcd46\"))}, 0);}var su_image_carousel_69f1ca96bcd46_script=document.getElementById(\"su_image_carousel_69f1ca96bcd46_script\");if(su_image_carousel_69f1ca96bcd46_script){su_image_carousel_69f1ca96bcd46_script.parentNode.removeChild(su_image_carousel_69f1ca96bcd46_script);}<\/script>\n<p>Anschlie\u00dfend erklommen wir den Ochsenkopf. Der Aufstieg verlangte uns viel ab. Daf\u00fcr wurden wir mit einer gro\u00dfartigen Aussicht auf Fichtelgebirgswolken belohnt.<\/p>\n<p><a href=\"https:\/\/www.rwg-bayreuth.de\/home\/wp-content\/uploads\/2022\/11\/22-23-Aktivfahrt8-Ochsenkopf.jpg\"><img loading=\"lazy\" decoding=\"async\" src=\"https:\/\/www.rwg-bayreuth.de\/home\/wp-content\/uploads\/2022\/11\/22-23-Aktivfahrt8-Ochsenkopf-450x338.jpg\" alt=\"\" width=\"450\" height=\"338\" class=\"aligncenter size-medium wp-image-32383\" srcset=\"https:\/\/www.rwg-bayreuth.de\/home\/wp-content\/uploads\/2022\/11\/22-23-Aktivfahrt8-Ochsenkopf-450x338.jpg 450w, https:\/\/www.rwg-bayreuth.de\/home\/wp-content\/uploads\/2022\/11\/22-23-Aktivfahrt8-Ochsenkopf-150x113.jpg 150w, https:\/\/www.rwg-bayreuth.de\/home\/wp-content\/uploads\/2022\/11\/22-23-Aktivfahrt8-Ochsenkopf-768x576.jpg 768w, https:\/\/www.rwg-bayreuth.de\/home\/wp-content\/uploads\/2022\/11\/22-23-Aktivfahrt8-Ochsenkopf-250x188.jpg 250w, https:\/\/www.rwg-bayreuth.de\/home\/wp-content\/uploads\/2022\/11\/22-23-Aktivfahrt8-Ochsenkopf.jpg 1024w\" sizes=\"(max-width: 450px) 100vw, 450px\" \/><\/a><\/p>\n<p>Im Laufe der Woche hatten wir die M\u00f6glichkeit uns in vielen klasseninternen Wettbewerben zu messen. Dabei standen der Teamgeist und die Kooperationsf\u00e4higkeit stets im Mittelpunkt.<\/p>\n<p><a href=\"https:\/\/www.rwg-bayreuth.de\/home\/wp-content\/uploads\/2022\/11\/22-23-Aktivfahrt8-Turnhalle.jpg\"><img loading=\"lazy\" decoding=\"async\" src=\"https:\/\/www.rwg-bayreuth.de\/home\/wp-content\/uploads\/2022\/11\/22-23-Aktivfahrt8-Turnhalle-450x338.jpg\" alt=\"\" width=\"450\" height=\"338\" class=\"aligncenter size-medium wp-image-32384\" srcset=\"https:\/\/www.rwg-bayreuth.de\/home\/wp-content\/uploads\/2022\/11\/22-23-Aktivfahrt8-Turnhalle-450x338.jpg 450w, https:\/\/www.rwg-bayreuth.de\/home\/wp-content\/uploads\/2022\/11\/22-23-Aktivfahrt8-Turnhalle-150x113.jpg 150w, https:\/\/www.rwg-bayreuth.de\/home\/wp-content\/uploads\/2022\/11\/22-23-Aktivfahrt8-Turnhalle-768x576.jpg 768w, https:\/\/www.rwg-bayreuth.de\/home\/wp-content\/uploads\/2022\/11\/22-23-Aktivfahrt8-Turnhalle-250x188.jpg 250w, https:\/\/www.rwg-bayreuth.de\/home\/wp-content\/uploads\/2022\/11\/22-23-Aktivfahrt8-Turnhalle.jpg 1024w\" sizes=\"(max-width: 450px) 100vw, 450px\" \/><\/a> <\/p>\n<p>Bei einer Fotochallenge konnten wir den Ort Bischofsgr\u00fcn erkunden und dabei unserer Fotokreativit\u00e4t freien Lauf lassen.<\/p>\n<div class=\"su-image-carousel  su-image-carousel-columns-3 su-image-carousel-has-spacing su-image-carousel-crop su-image-carousel-crop-4-3 su-image-carousel-has-lightbox su-image-carousel-has-outline su-image-carousel-adaptive su-image-carousel-slides-style-minimal su-image-carousel-controls-style-light su-image-carousel-align-center\" style=\"\" data-flickity-options='{\"groupCells\":true,\"cellSelector\":\".su-image-carousel-item\",\"adaptiveHeight\":false,\"cellAlign\":\"left\",\"prevNextButtons\":true,\"pageDots\":false,\"autoPlay\":4000,\"imagesLoaded\":true,\"contain\":true,\"selectedAttraction\":0.025000000000000001,\"friction\":0.28000000000000003}' id=\"su_image_carousel_69f1ca96bd060\"><div class=\"su-image-carousel-item\"><div class=\"su-image-carousel-item-content\"><a href=\"https:\/\/www.rwg-bayreuth.de\/home\/wp-content\/uploads\/2022\/11\/22-23-Aktivfahrt8-Photochallenge1.jpg\" data-caption=\"\"><img loading=\"lazy\" decoding=\"async\" width=\"1024\" height=\"556\" src=\"https:\/\/www.rwg-bayreuth.de\/home\/wp-content\/uploads\/2022\/11\/22-23-Aktivfahrt8-Photochallenge1.jpg\" class=\"\" alt=\"\" srcset=\"https:\/\/www.rwg-bayreuth.de\/home\/wp-content\/uploads\/2022\/11\/22-23-Aktivfahrt8-Photochallenge1.jpg 1024w, https:\/\/www.rwg-bayreuth.de\/home\/wp-content\/uploads\/2022\/11\/22-23-Aktivfahrt8-Photochallenge1-450x244.jpg 450w, https:\/\/www.rwg-bayreuth.de\/home\/wp-content\/uploads\/2022\/11\/22-23-Aktivfahrt8-Photochallenge1-150x81.jpg 150w, https:\/\/www.rwg-bayreuth.de\/home\/wp-content\/uploads\/2022\/11\/22-23-Aktivfahrt8-Photochallenge1-768x417.jpg 768w, https:\/\/www.rwg-bayreuth.de\/home\/wp-content\/uploads\/2022\/11\/22-23-Aktivfahrt8-Photochallenge1-250x136.jpg 250w\" sizes=\"(max-width: 1024px) 100vw, 1024px\" \/><\/a><\/div><\/div><div class=\"su-image-carousel-item\"><div class=\"su-image-carousel-item-content\"><a href=\"https:\/\/www.rwg-bayreuth.de\/home\/wp-content\/uploads\/2022\/11\/22-23-Aktivfahrt8-Photochallenge2.jpg\" data-caption=\"\"><img loading=\"lazy\" decoding=\"async\" width=\"1024\" height=\"768\" src=\"https:\/\/www.rwg-bayreuth.de\/home\/wp-content\/uploads\/2022\/11\/22-23-Aktivfahrt8-Photochallenge2.jpg\" class=\"\" alt=\"\" srcset=\"https:\/\/www.rwg-bayreuth.de\/home\/wp-content\/uploads\/2022\/11\/22-23-Aktivfahrt8-Photochallenge2.jpg 1024w, https:\/\/www.rwg-bayreuth.de\/home\/wp-content\/uploads\/2022\/11\/22-23-Aktivfahrt8-Photochallenge2-450x338.jpg 450w, https:\/\/www.rwg-bayreuth.de\/home\/wp-content\/uploads\/2022\/11\/22-23-Aktivfahrt8-Photochallenge2-150x113.jpg 150w, https:\/\/www.rwg-bayreuth.de\/home\/wp-content\/uploads\/2022\/11\/22-23-Aktivfahrt8-Photochallenge2-768x576.jpg 768w, https:\/\/www.rwg-bayreuth.de\/home\/wp-content\/uploads\/2022\/11\/22-23-Aktivfahrt8-Photochallenge2-250x188.jpg 250w\" sizes=\"(max-width: 1024px) 100vw, 1024px\" \/><\/a><\/div><\/div><div class=\"su-image-carousel-item\"><div class=\"su-image-carousel-item-content\"><a href=\"https:\/\/www.rwg-bayreuth.de\/home\/wp-content\/uploads\/2022\/11\/22-23-Aktivfahrt8-Photochallenge3.jpg\" data-caption=\"\"><img loading=\"lazy\" decoding=\"async\" width=\"1024\" height=\"897\" src=\"https:\/\/www.rwg-bayreuth.de\/home\/wp-content\/uploads\/2022\/11\/22-23-Aktivfahrt8-Photochallenge3.jpg\" class=\"\" alt=\"\" srcset=\"https:\/\/www.rwg-bayreuth.de\/home\/wp-content\/uploads\/2022\/11\/22-23-Aktivfahrt8-Photochallenge3.jpg 1024w, https:\/\/www.rwg-bayreuth.de\/home\/wp-content\/uploads\/2022\/11\/22-23-Aktivfahrt8-Photochallenge3-450x394.jpg 450w, https:\/\/www.rwg-bayreuth.de\/home\/wp-content\/uploads\/2022\/11\/22-23-Aktivfahrt8-Photochallenge3-150x131.jpg 150w, https:\/\/www.rwg-bayreuth.de\/home\/wp-content\/uploads\/2022\/11\/22-23-Aktivfahrt8-Photochallenge3-768x673.jpg 768w, https:\/\/www.rwg-bayreuth.de\/home\/wp-content\/uploads\/2022\/11\/22-23-Aktivfahrt8-Photochallenge3-250x219.jpg 250w\" sizes=\"(max-width: 1024px) 100vw, 1024px\" \/><\/a><\/div><\/div><\/div><script id=\"su_image_carousel_69f1ca96bd060_script\">if(window.SUImageCarousel){setTimeout(function() {window.SUImageCarousel.initGallery(document.getElementById(\"su_image_carousel_69f1ca96bd060\"))}, 0);}var su_image_carousel_69f1ca96bd060_script=document.getElementById(\"su_image_carousel_69f1ca96bd060_script\");if(su_image_carousel_69f1ca96bd060_script){su_image_carousel_69f1ca96bd060_script.parentNode.removeChild(su_image_carousel_69f1ca96bd060_script);}<\/script>\n<p>Eines der Highlights der Woche war der Besuch im Greifvogelpark Wunsiedel bei dem wir mit Greifv\u00f6geln auf Tuchf\u00fchlung gehen und so einiges Wissenswertes \u00fcber die K\u00f6nige der L\u00fcfte erfahren konnten.<\/p>\n<p><a href=\"https:\/\/www.rwg-bayreuth.de\/home\/wp-content\/uploads\/2022\/11\/22-23-Aktivfahrt8-Greifvoegel.jpg\"><img loading=\"lazy\" decoding=\"async\" src=\"https:\/\/www.rwg-bayreuth.de\/home\/wp-content\/uploads\/2022\/11\/22-23-Aktivfahrt8-Greifvoegel-450x338.jpg\" alt=\"\" width=\"450\" height=\"338\" class=\"aligncenter size-medium wp-image-32388\" srcset=\"https:\/\/www.rwg-bayreuth.de\/home\/wp-content\/uploads\/2022\/11\/22-23-Aktivfahrt8-Greifvoegel-450x338.jpg 450w, https:\/\/www.rwg-bayreuth.de\/home\/wp-content\/uploads\/2022\/11\/22-23-Aktivfahrt8-Greifvoegel-150x113.jpg 150w, https:\/\/www.rwg-bayreuth.de\/home\/wp-content\/uploads\/2022\/11\/22-23-Aktivfahrt8-Greifvoegel-768x576.jpg 768w, https:\/\/www.rwg-bayreuth.de\/home\/wp-content\/uploads\/2022\/11\/22-23-Aktivfahrt8-Greifvoegel-250x188.jpg 250w, https:\/\/www.rwg-bayreuth.de\/home\/wp-content\/uploads\/2022\/11\/22-23-Aktivfahrt8-Greifvoegel.jpg 1024w\" sizes=\"(max-width: 450px) 100vw, 450px\" \/><\/a><\/p>\n<p>Beim Besuch des Felsenlabyrinth Luisenburg beeindruckten uns die nat\u00fcrlichen Felsformationen.<\/p>\n<p><a href=\"https:\/\/www.rwg-bayreuth.de\/home\/wp-content\/uploads\/2022\/11\/22-23-Aktivfahrt8-Felsenlabyrinth.jpg\"><img loading=\"lazy\" decoding=\"async\" src=\"https:\/\/www.rwg-bayreuth.de\/home\/wp-content\/uploads\/2022\/11\/22-23-Aktivfahrt8-Felsenlabyrinth-338x450.jpg\" alt=\"\" width=\"338\" height=\"450\" class=\"aligncenter size-medium wp-image-32389\" srcset=\"https:\/\/www.rwg-bayreuth.de\/home\/wp-content\/uploads\/2022\/11\/22-23-Aktivfahrt8-Felsenlabyrinth-338x450.jpg 338w, https:\/\/www.rwg-bayreuth.de\/home\/wp-content\/uploads\/2022\/11\/22-23-Aktivfahrt8-Felsenlabyrinth-113x150.jpg 113w, https:\/\/www.rwg-bayreuth.de\/home\/wp-content\/uploads\/2022\/11\/22-23-Aktivfahrt8-Felsenlabyrinth-250x333.jpg 250w, https:\/\/www.rwg-bayreuth.de\/home\/wp-content\/uploads\/2022\/11\/22-23-Aktivfahrt8-Felsenlabyrinth.jpg 768w\" sizes=\"(max-width: 338px) 100vw, 338px\" \/><\/a><\/p>\n<p>Am Donnerstagabend lie\u00dfen wir bei einem Diskoabend die Fetzen fliegen. Am Freitag nach dem Fr\u00fchst\u00fcck endete die gro\u00dfartige Woche, die leider viel zu schnell vor\u00fcber war, und wir fuhren wieder heim. Als kleiner Trost konnten wir direkt in die Herbstferien starten!<\/p>\n","protected":false},"excerpt":{"rendered":"<p>In der letzten Schulwoche vor den Ferien machten wir uns auf den kurzen Weg nach Bischofsgr\u00fcn, um eine Woche im SportCamp Oberfranken zu verbringen. Wir begannen die Woche mit einer rasanten Fahrt mit dem Alpine Coaster, bei der einige laut kreischend die Steilkurven entlangsausten. Anschlie\u00dfend erklommen wir den Ochsenkopf. Der Aufstieg verlangte uns viel ab.&hellip;<\/p>\n","protected":false},"author":11,"featured_media":32392,"comment_status":"closed","ping_status":"closed","sticky":false,"template":"","format":"standard","meta":{"footnotes":""},"categories":[1],"tags":[126,51],"_links":{"self":[{"href":"https:\/\/www.rwg-bayreuth.de\/home\/index.php?rest_route=\/wp\/v2\/posts\/32379"}],"collection":[{"href":"https:\/\/www.rwg-bayreuth.de\/home\/index.php?rest_route=\/wp\/v2\/posts"}],"about":[{"href":"https:\/\/www.rwg-bayreuth.de\/home\/index.php?rest_route=\/wp\/v2\/types\/post"}],"author":[{"embeddable":true,"href":"https:\/\/www.rwg-bayreuth.de\/home\/index.php?rest_route=\/wp\/v2\/users\/11"}],"replies":[{"embeddable":true,"href":"https:\/\/www.rwg-bayreuth.de\/home\/index.php?rest_route=%2Fwp%2Fv2%2Fcomments&post=32379"}],"version-history":[{"count":2,"href":"https:\/\/www.rwg-bayreuth.de\/home\/index.php?rest_route=\/wp\/v2\/posts\/32379\/revisions"}],"predecessor-version":[{"id":32391,"href":"https:\/\/www.rwg-bayreuth.de\/home\/index.php?rest_route=\/wp\/v2\/posts\/32379\/revisions\/32391"}],"wp:featuredmedia":[{"embeddable":true,"href":"https:\/\/www.rwg-bayreuth.de\/home\/index.php?rest_route=\/wp\/v2\/media\/32392"}],"wp:attachment":[{"href":"https:\/\/www.rwg-bayreuth.de\/home\/index.php?rest_route=%2Fwp%2Fv2%2Fmedia&parent=32379"}],"wp:term":[{"taxonomy":"category","embeddable":true,"href":"https:\/\/www.rwg-bayreuth.de\/home\/index.php?rest_route=%2Fwp%2Fv2%2Fcategories&post=32379"},{"taxonomy":"post_tag","embeddable":true,"href":"https:\/\/www.rwg-bayreuth.de\/home\/index.php?rest_route=%2Fwp%2Fv2%2Ftags&post=32379"}],"curies":[{"name":"wp","href":"https:\/\/api.w.org\/{rel}","templated":true}]}}