{"id":32346,"date":"2022-10-20T06:11:05","date_gmt":"2022-10-20T04:11:05","guid":{"rendered":"http:\/\/www.rwg-bayreuth.de\/home\/?p=32346"},"modified":"2022-12-09T21:10:20","modified_gmt":"2022-12-09T20:10:20","slug":"ritchie-und-das-rwg-auf-den-spuren-richard-wagners","status":"publish","type":"post","link":"https:\/\/www.rwg-bayreuth.de\/home\/?p=32346","title":{"rendered":"Ritchie und das RWG \u2013 Auf den Spuren Richard Wagners"},"content":{"rendered":"<p><a href=\"https:\/\/www.rwg-bayreuth.de\/home\/wp-content\/uploads\/2022\/11\/22-23-RichardWagner-5.jpg\"><img decoding=\"async\" src=\"https:\/\/www.rwg-bayreuth.de\/home\/wp-content\/uploads\/2022\/11\/22-23-RichardWagner-5.jpg\" alt=\"\" width=\"370\" height=\"auto\" class=\"alignright size-full wp-image-32347\" style=\"max-width: 30%\" srcset=\"https:\/\/www.rwg-bayreuth.de\/home\/wp-content\/uploads\/2022\/11\/22-23-RichardWagner-5.jpg 739w, https:\/\/www.rwg-bayreuth.de\/home\/wp-content\/uploads\/2022\/11\/22-23-RichardWagner-5-325x450.jpg 325w, https:\/\/www.rwg-bayreuth.de\/home\/wp-content\/uploads\/2022\/11\/22-23-RichardWagner-5-108x150.jpg 108w, https:\/\/www.rwg-bayreuth.de\/home\/wp-content\/uploads\/2022\/11\/22-23-RichardWagner-5-250x346.jpg 250w\" sizes=\"(max-width: 739px) 100vw, 739px\" \/><\/a>In diesem Schuljahr wollten wir unseren neuen F\u00fcnftkl\u00e4ssler*innen zum ersten Mal den Namenspatron unserer Schule etwas n\u00e4herbringen und begaben uns deshalb auf die Spuren Richard Wagners in Bayreuth. <\/p>\n<p>So erkundeten die Sch\u00fcler*innen ausgehend von Wagners ehemaligen Wohnhaus am Dammw\u00e4ldchen, in welchem dieser von 1872-1874 lebte, zun\u00e4chst wichtige Stationen in Wagners Leben in Bayreuth mit Hilfe des \u201eWalk of Wagner\u201c. Anschlie\u00dfend besuchten die Klassen die Villa Wahnfried auf dem Gel\u00e4nde des Richard-Wagner-Museums.<\/p>\n<p><a href=\"https:\/\/www.rwg-bayreuth.de\/home\/wp-content\/uploads\/2022\/11\/22-23-RichardWagner-6.jpg\"><img loading=\"lazy\" decoding=\"async\" src=\"https:\/\/www.rwg-bayreuth.de\/home\/wp-content\/uploads\/2022\/11\/22-23-RichardWagner-6.jpg\" alt=\"\" width=\"1024\" height=\"327\" class=\"alignnone size-full wp-image-32349\" srcset=\"https:\/\/www.rwg-bayreuth.de\/home\/wp-content\/uploads\/2022\/11\/22-23-RichardWagner-6.jpg 1024w, https:\/\/www.rwg-bayreuth.de\/home\/wp-content\/uploads\/2022\/11\/22-23-RichardWagner-6-450x144.jpg 450w, https:\/\/www.rwg-bayreuth.de\/home\/wp-content\/uploads\/2022\/11\/22-23-RichardWagner-6-150x48.jpg 150w, https:\/\/www.rwg-bayreuth.de\/home\/wp-content\/uploads\/2022\/11\/22-23-RichardWagner-6-768x245.jpg 768w, https:\/\/www.rwg-bayreuth.de\/home\/wp-content\/uploads\/2022\/11\/22-23-RichardWagner-6-250x80.jpg 250w\" sizes=\"(max-width: 1024px) 100vw, 1024px\" \/><\/a><\/p>\n<p>Mit diesen Eindr\u00fccken und dem Wissen, dass das RWG 1867 zun\u00e4chst als Bildungsanstalt f\u00fcr h\u00f6here T\u00f6chter gegr\u00fcndet wurde und erst seit dem Jahre 1965 durch einen Beschluss des Bayreuther Stadtrats den Namen \u201eRichard-Wagner-Gymnasium\u201c tr\u00e4gt, sind unsere F\u00fcnftkl\u00e4ssler*innen nun bestens f\u00fcr ihre Zeit am RWG ger\u00fcstet.<\/p>\n<p>P. Wilk-B\u00f6hm<\/p>\n<div class=\"su-image-carousel  su-image-carousel-columns-4 su-image-carousel-has-spacing su-image-carousel-crop su-image-carousel-crop-4-3 su-image-carousel-has-lightbox su-image-carousel-has-outline su-image-carousel-adaptive su-image-carousel-slides-style-minimal su-image-carousel-controls-style-light su-image-carousel-align-none\" style=\"\" data-flickity-options='{\"groupCells\":true,\"cellSelector\":\".su-image-carousel-item\",\"adaptiveHeight\":false,\"cellAlign\":\"left\",\"prevNextButtons\":true,\"pageDots\":false,\"autoPlay\":4000,\"imagesLoaded\":true,\"contain\":true,\"selectedAttraction\":0.025000000000000001,\"friction\":0.28000000000000003}' id=\"su_image_carousel_69f1cef70344d\"><div class=\"su-image-carousel-item\"><div class=\"su-image-carousel-item-content\"><a href=\"https:\/\/www.rwg-bayreuth.de\/home\/wp-content\/uploads\/2022\/11\/22-23-RichardWagner-1.jpg\" data-caption=\"\"><img loading=\"lazy\" decoding=\"async\" width=\"1024\" height=\"768\" src=\"https:\/\/www.rwg-bayreuth.de\/home\/wp-content\/uploads\/2022\/11\/22-23-RichardWagner-1.jpg\" class=\"\" alt=\"\" srcset=\"https:\/\/www.rwg-bayreuth.de\/home\/wp-content\/uploads\/2022\/11\/22-23-RichardWagner-1.jpg 1024w, https:\/\/www.rwg-bayreuth.de\/home\/wp-content\/uploads\/2022\/11\/22-23-RichardWagner-1-450x338.jpg 450w, https:\/\/www.rwg-bayreuth.de\/home\/wp-content\/uploads\/2022\/11\/22-23-RichardWagner-1-150x113.jpg 150w, https:\/\/www.rwg-bayreuth.de\/home\/wp-content\/uploads\/2022\/11\/22-23-RichardWagner-1-768x576.jpg 768w, https:\/\/www.rwg-bayreuth.de\/home\/wp-content\/uploads\/2022\/11\/22-23-RichardWagner-1-250x188.jpg 250w, https:\/\/www.rwg-bayreuth.de\/home\/wp-content\/uploads\/2022\/11\/22-23-RichardWagner-1-600x450.jpg 600w\" sizes=\"(max-width: 1024px) 100vw, 1024px\" \/><\/a><\/div><\/div><div class=\"su-image-carousel-item\"><div class=\"su-image-carousel-item-content\"><a href=\"https:\/\/www.rwg-bayreuth.de\/home\/wp-content\/uploads\/2022\/11\/22-23-RichardWagner-4.jpg\" data-caption=\"\"><img loading=\"lazy\" decoding=\"async\" width=\"1024\" height=\"768\" src=\"https:\/\/www.rwg-bayreuth.de\/home\/wp-content\/uploads\/2022\/11\/22-23-RichardWagner-4.jpg\" class=\"\" alt=\"\" srcset=\"https:\/\/www.rwg-bayreuth.de\/home\/wp-content\/uploads\/2022\/11\/22-23-RichardWagner-4.jpg 1024w, https:\/\/www.rwg-bayreuth.de\/home\/wp-content\/uploads\/2022\/11\/22-23-RichardWagner-4-450x338.jpg 450w, https:\/\/www.rwg-bayreuth.de\/home\/wp-content\/uploads\/2022\/11\/22-23-RichardWagner-4-150x113.jpg 150w, https:\/\/www.rwg-bayreuth.de\/home\/wp-content\/uploads\/2022\/11\/22-23-RichardWagner-4-768x576.jpg 768w, https:\/\/www.rwg-bayreuth.de\/home\/wp-content\/uploads\/2022\/11\/22-23-RichardWagner-4-250x188.jpg 250w, https:\/\/www.rwg-bayreuth.de\/home\/wp-content\/uploads\/2022\/11\/22-23-RichardWagner-4-600x450.jpg 600w\" sizes=\"(max-width: 1024px) 100vw, 1024px\" \/><\/a><\/div><\/div><div class=\"su-image-carousel-item\"><div class=\"su-image-carousel-item-content\"><a href=\"https:\/\/www.rwg-bayreuth.de\/home\/wp-content\/uploads\/2022\/11\/22-23-RichardWagner-2.jpg\" data-caption=\"\"><img loading=\"lazy\" decoding=\"async\" width=\"1024\" height=\"768\" src=\"https:\/\/www.rwg-bayreuth.de\/home\/wp-content\/uploads\/2022\/11\/22-23-RichardWagner-2.jpg\" class=\"\" alt=\"\" srcset=\"https:\/\/www.rwg-bayreuth.de\/home\/wp-content\/uploads\/2022\/11\/22-23-RichardWagner-2.jpg 1024w, https:\/\/www.rwg-bayreuth.de\/home\/wp-content\/uploads\/2022\/11\/22-23-RichardWagner-2-450x338.jpg 450w, https:\/\/www.rwg-bayreuth.de\/home\/wp-content\/uploads\/2022\/11\/22-23-RichardWagner-2-150x113.jpg 150w, https:\/\/www.rwg-bayreuth.de\/home\/wp-content\/uploads\/2022\/11\/22-23-RichardWagner-2-768x576.jpg 768w, https:\/\/www.rwg-bayreuth.de\/home\/wp-content\/uploads\/2022\/11\/22-23-RichardWagner-2-250x188.jpg 250w, https:\/\/www.rwg-bayreuth.de\/home\/wp-content\/uploads\/2022\/11\/22-23-RichardWagner-2-600x450.jpg 600w\" sizes=\"(max-width: 1024px) 100vw, 1024px\" \/><\/a><\/div><\/div><div class=\"su-image-carousel-item\"><div class=\"su-image-carousel-item-content\"><a href=\"https:\/\/www.rwg-bayreuth.de\/home\/wp-content\/uploads\/2022\/11\/22-23-RichardWagner-3.jpg\" data-caption=\"\"><img loading=\"lazy\" decoding=\"async\" width=\"1024\" height=\"768\" src=\"https:\/\/www.rwg-bayreuth.de\/home\/wp-content\/uploads\/2022\/11\/22-23-RichardWagner-3.jpg\" class=\"\" alt=\"\" srcset=\"https:\/\/www.rwg-bayreuth.de\/home\/wp-content\/uploads\/2022\/11\/22-23-RichardWagner-3.jpg 1024w, https:\/\/www.rwg-bayreuth.de\/home\/wp-content\/uploads\/2022\/11\/22-23-RichardWagner-3-450x338.jpg 450w, https:\/\/www.rwg-bayreuth.de\/home\/wp-content\/uploads\/2022\/11\/22-23-RichardWagner-3-150x113.jpg 150w, https:\/\/www.rwg-bayreuth.de\/home\/wp-content\/uploads\/2022\/11\/22-23-RichardWagner-3-768x576.jpg 768w, https:\/\/www.rwg-bayreuth.de\/home\/wp-content\/uploads\/2022\/11\/22-23-RichardWagner-3-250x188.jpg 250w, https:\/\/www.rwg-bayreuth.de\/home\/wp-content\/uploads\/2022\/11\/22-23-RichardWagner-3-600x450.jpg 600w\" sizes=\"(max-width: 1024px) 100vw, 1024px\" \/><\/a><\/div><\/div><\/div><script id=\"su_image_carousel_69f1cef70344d_script\">if(window.SUImageCarousel){setTimeout(function() {window.SUImageCarousel.initGallery(document.getElementById(\"su_image_carousel_69f1cef70344d\"))}, 0);}var su_image_carousel_69f1cef70344d_script=document.getElementById(\"su_image_carousel_69f1cef70344d_script\");if(su_image_carousel_69f1cef70344d_script){su_image_carousel_69f1cef70344d_script.parentNode.removeChild(su_image_carousel_69f1cef70344d_script);}<\/script>\n","protected":false},"excerpt":{"rendered":"<p>In diesem Schuljahr wollten wir unseren neuen F\u00fcnftkl\u00e4ssler*innen zum ersten Mal den Namenspatron unserer Schule etwas n\u00e4herbringen und begaben uns deshalb auf die Spuren Richard Wagners in Bayreuth. So erkundeten die Sch\u00fcler*innen ausgehend von Wagners ehemaligen Wohnhaus am Dammw\u00e4ldchen, in welchem dieser von 1872-1874 lebte, zun\u00e4chst wichtige Stationen in Wagners Leben in Bayreuth mit Hilfe&hellip;<\/p>\n","protected":false},"author":11,"featured_media":32355,"comment_status":"closed","ping_status":"closed","sticky":false,"template":"","format":"standard","meta":{"footnotes":""},"categories":[1],"tags":[47,51],"_links":{"self":[{"href":"https:\/\/www.rwg-bayreuth.de\/home\/index.php?rest_route=\/wp\/v2\/posts\/32346"}],"collection":[{"href":"https:\/\/www.rwg-bayreuth.de\/home\/index.php?rest_route=\/wp\/v2\/posts"}],"about":[{"href":"https:\/\/www.rwg-bayreuth.de\/home\/index.php?rest_route=\/wp\/v2\/types\/post"}],"author":[{"embeddable":true,"href":"https:\/\/www.rwg-bayreuth.de\/home\/index.php?rest_route=\/wp\/v2\/users\/11"}],"replies":[{"embeddable":true,"href":"https:\/\/www.rwg-bayreuth.de\/home\/index.php?rest_route=%2Fwp%2Fv2%2Fcomments&post=32346"}],"version-history":[{"count":3,"href":"https:\/\/www.rwg-bayreuth.de\/home\/index.php?rest_route=\/wp\/v2\/posts\/32346\/revisions"}],"predecessor-version":[{"id":32356,"href":"https:\/\/www.rwg-bayreuth.de\/home\/index.php?rest_route=\/wp\/v2\/posts\/32346\/revisions\/32356"}],"wp:featuredmedia":[{"embeddable":true,"href":"https:\/\/www.rwg-bayreuth.de\/home\/index.php?rest_route=\/wp\/v2\/media\/32355"}],"wp:attachment":[{"href":"https:\/\/www.rwg-bayreuth.de\/home\/index.php?rest_route=%2Fwp%2Fv2%2Fmedia&parent=32346"}],"wp:term":[{"taxonomy":"category","embeddable":true,"href":"https:\/\/www.rwg-bayreuth.de\/home\/index.php?rest_route=%2Fwp%2Fv2%2Fcategories&post=32346"},{"taxonomy":"post_tag","embeddable":true,"href":"https:\/\/www.rwg-bayreuth.de\/home\/index.php?rest_route=%2Fwp%2Fv2%2Ftags&post=32346"}],"curies":[{"name":"wp","href":"https:\/\/api.w.org\/{rel}","templated":true}]}}