{"id":32290,"date":"2022-10-16T14:23:44","date_gmt":"2022-10-16T12:23:44","guid":{"rendered":"http:\/\/www.rwg-bayreuth.de\/home\/?p=32290"},"modified":"2022-12-09T21:11:07","modified_gmt":"2022-12-09T20:11:07","slug":"klassische-inhalte-des-deutschunterrichts-in-weimar","status":"publish","type":"post","link":"https:\/\/www.rwg-bayreuth.de\/home\/?p=32290","title":{"rendered":"\u201aKlassische\u2018 Inhalte des Deutschunterrichts in Weimar"},"content":{"rendered":"<p><a href=\"https:\/\/www.rwg-bayreuth.de\/home\/wp-content\/uploads\/2022\/11\/22-23-Weimarfahrt-Aufgang-Goethehaus.jpg\"><img loading=\"lazy\" decoding=\"async\" src=\"https:\/\/www.rwg-bayreuth.de\/home\/wp-content\/uploads\/2022\/11\/22-23-Weimarfahrt-Aufgang-Goethehaus-450x338.jpg\" alt=\"\" width=\"450\" height=\"338\" class=\"aligncenter size-medium wp-image-32291\" srcset=\"https:\/\/www.rwg-bayreuth.de\/home\/wp-content\/uploads\/2022\/11\/22-23-Weimarfahrt-Aufgang-Goethehaus-450x338.jpg 450w, https:\/\/www.rwg-bayreuth.de\/home\/wp-content\/uploads\/2022\/11\/22-23-Weimarfahrt-Aufgang-Goethehaus-150x113.jpg 150w, https:\/\/www.rwg-bayreuth.de\/home\/wp-content\/uploads\/2022\/11\/22-23-Weimarfahrt-Aufgang-Goethehaus-768x576.jpg 768w, https:\/\/www.rwg-bayreuth.de\/home\/wp-content\/uploads\/2022\/11\/22-23-Weimarfahrt-Aufgang-Goethehaus-250x188.jpg 250w, https:\/\/www.rwg-bayreuth.de\/home\/wp-content\/uploads\/2022\/11\/22-23-Weimarfahrt-Aufgang-Goethehaus.jpg 1024w, https:\/\/www.rwg-bayreuth.de\/home\/wp-content\/uploads\/2022\/11\/22-23-Weimarfahrt-Aufgang-Goethehaus-600x450.jpg 600w\" sizes=\"(max-width: 450px) 100vw, 450px\" \/><\/a><\/p>\n<p>Eine lange Tradition am RWG im Rahmen des Literaturunterrichts der Oberstufe hat mittlerweile l\u00e4ngst die Studienfahrt ins th\u00fcringische Weimar; so wandelten auch in diesem Herbst alle Sch\u00fcler\/innen mitsamt den Kursleiterinnen der Q11 auf den Spuren der beiden \u201aDichterf\u00fcrsten\u2018 Goethe und Schiller.<\/p>\n<p>Vor Ort angekommen erkundeten die RWGler\/innen in Kleingruppen die einzelnen Stationen der besonderen Freundschaft der beiden Dichterkollegen, die keine f\u00fcnf Minuten Gehzeit voneinander entfernt wohnten:  Der eine (Goethe) als beg\u00fcterter Staatsmann, der Jahrzehnte lang seine G\u00e4ste in imposant ausgestatteten, repr\u00e4sentativen Empfangsr\u00e4umen  am Frauenplan bewirtete \u2013 unverkennbar dabei auch stets die Faszination gegen\u00fcber antiken Mustern und Formen\u2026 <\/p>\n<div class=\"su-image-carousel  su-image-carousel-columns-5 su-image-carousel-has-spacing su-image-carousel-crop su-image-carousel-crop-1-1 su-image-carousel-has-lightbox su-image-carousel-has-outline su-image-carousel-adaptive su-image-carousel-slides-style-minimal su-image-carousel-controls-style-light su-image-carousel-align-none\" style=\"\" data-flickity-options='{\"groupCells\":true,\"cellSelector\":\".su-image-carousel-item\",\"adaptiveHeight\":false,\"cellAlign\":\"left\",\"prevNextButtons\":true,\"pageDots\":false,\"autoPlay\":4000,\"imagesLoaded\":true,\"contain\":true,\"selectedAttraction\":0.025000000000000001,\"friction\":0.28000000000000003}' id=\"su_image_carousel_69f1d9243670d\"><div class=\"su-image-carousel-item\"><div class=\"su-image-carousel-item-content\"><a href=\"https:\/\/www.rwg-bayreuth.de\/home\/wp-content\/uploads\/2022\/11\/22-23-Weimarfahrt-Goethehaus1.jpg\" data-caption=\"\"><img loading=\"lazy\" decoding=\"async\" width=\"768\" height=\"1024\" src=\"https:\/\/www.rwg-bayreuth.de\/home\/wp-content\/uploads\/2022\/11\/22-23-Weimarfahrt-Goethehaus1.jpg\" class=\"\" alt=\"\" srcset=\"https:\/\/www.rwg-bayreuth.de\/home\/wp-content\/uploads\/2022\/11\/22-23-Weimarfahrt-Goethehaus1.jpg 768w, https:\/\/www.rwg-bayreuth.de\/home\/wp-content\/uploads\/2022\/11\/22-23-Weimarfahrt-Goethehaus1-338x450.jpg 338w, https:\/\/www.rwg-bayreuth.de\/home\/wp-content\/uploads\/2022\/11\/22-23-Weimarfahrt-Goethehaus1-113x150.jpg 113w, https:\/\/www.rwg-bayreuth.de\/home\/wp-content\/uploads\/2022\/11\/22-23-Weimarfahrt-Goethehaus1-250x333.jpg 250w\" sizes=\"(max-width: 768px) 100vw, 768px\" \/><\/a><\/div><\/div><div class=\"su-image-carousel-item\"><div class=\"su-image-carousel-item-content\"><a href=\"https:\/\/www.rwg-bayreuth.de\/home\/wp-content\/uploads\/2022\/11\/22-23-Weimarfahrt-Goethehaus2.jpg\" data-caption=\"\"><img loading=\"lazy\" decoding=\"async\" width=\"768\" height=\"1024\" src=\"https:\/\/www.rwg-bayreuth.de\/home\/wp-content\/uploads\/2022\/11\/22-23-Weimarfahrt-Goethehaus2.jpg\" class=\"\" alt=\"\" srcset=\"https:\/\/www.rwg-bayreuth.de\/home\/wp-content\/uploads\/2022\/11\/22-23-Weimarfahrt-Goethehaus2.jpg 768w, https:\/\/www.rwg-bayreuth.de\/home\/wp-content\/uploads\/2022\/11\/22-23-Weimarfahrt-Goethehaus2-338x450.jpg 338w, https:\/\/www.rwg-bayreuth.de\/home\/wp-content\/uploads\/2022\/11\/22-23-Weimarfahrt-Goethehaus2-113x150.jpg 113w, https:\/\/www.rwg-bayreuth.de\/home\/wp-content\/uploads\/2022\/11\/22-23-Weimarfahrt-Goethehaus2-250x333.jpg 250w\" sizes=\"(max-width: 768px) 100vw, 768px\" \/><\/a><\/div><\/div><div class=\"su-image-carousel-item\"><div class=\"su-image-carousel-item-content\"><a href=\"https:\/\/www.rwg-bayreuth.de\/home\/wp-content\/uploads\/2022\/11\/22-23-Weimarfahrt-Goethehaus3.jpg\" data-caption=\"\"><img loading=\"lazy\" decoding=\"async\" width=\"768\" height=\"1024\" src=\"https:\/\/www.rwg-bayreuth.de\/home\/wp-content\/uploads\/2022\/11\/22-23-Weimarfahrt-Goethehaus3.jpg\" class=\"\" alt=\"\" srcset=\"https:\/\/www.rwg-bayreuth.de\/home\/wp-content\/uploads\/2022\/11\/22-23-Weimarfahrt-Goethehaus3.jpg 768w, https:\/\/www.rwg-bayreuth.de\/home\/wp-content\/uploads\/2022\/11\/22-23-Weimarfahrt-Goethehaus3-338x450.jpg 338w, https:\/\/www.rwg-bayreuth.de\/home\/wp-content\/uploads\/2022\/11\/22-23-Weimarfahrt-Goethehaus3-113x150.jpg 113w, https:\/\/www.rwg-bayreuth.de\/home\/wp-content\/uploads\/2022\/11\/22-23-Weimarfahrt-Goethehaus3-250x333.jpg 250w\" sizes=\"(max-width: 768px) 100vw, 768px\" \/><\/a><\/div><\/div><div class=\"su-image-carousel-item\"><div class=\"su-image-carousel-item-content\"><a href=\"https:\/\/www.rwg-bayreuth.de\/home\/wp-content\/uploads\/2022\/11\/22-23-Weimarfahrt-Schreibtisch-Goethe.jpg\" data-caption=\"\"><img loading=\"lazy\" decoding=\"async\" width=\"1024\" height=\"768\" src=\"https:\/\/www.rwg-bayreuth.de\/home\/wp-content\/uploads\/2022\/11\/22-23-Weimarfahrt-Schreibtisch-Goethe.jpg\" class=\"\" alt=\"\" srcset=\"https:\/\/www.rwg-bayreuth.de\/home\/wp-content\/uploads\/2022\/11\/22-23-Weimarfahrt-Schreibtisch-Goethe.jpg 1024w, https:\/\/www.rwg-bayreuth.de\/home\/wp-content\/uploads\/2022\/11\/22-23-Weimarfahrt-Schreibtisch-Goethe-450x338.jpg 450w, https:\/\/www.rwg-bayreuth.de\/home\/wp-content\/uploads\/2022\/11\/22-23-Weimarfahrt-Schreibtisch-Goethe-150x113.jpg 150w, https:\/\/www.rwg-bayreuth.de\/home\/wp-content\/uploads\/2022\/11\/22-23-Weimarfahrt-Schreibtisch-Goethe-768x576.jpg 768w, https:\/\/www.rwg-bayreuth.de\/home\/wp-content\/uploads\/2022\/11\/22-23-Weimarfahrt-Schreibtisch-Goethe-250x188.jpg 250w\" sizes=\"(max-width: 1024px) 100vw, 1024px\" \/><\/a><\/div><\/div><div class=\"su-image-carousel-item\"><div class=\"su-image-carousel-item-content\"><a href=\"https:\/\/www.rwg-bayreuth.de\/home\/wp-content\/uploads\/2022\/11\/22-23-Weimarfahrt-Goethe_Frauenplan.jpg\" data-caption=\"\"><img loading=\"lazy\" decoding=\"async\" width=\"1024\" height=\"768\" src=\"https:\/\/www.rwg-bayreuth.de\/home\/wp-content\/uploads\/2022\/11\/22-23-Weimarfahrt-Goethe_Frauenplan.jpg\" class=\"\" alt=\"\" srcset=\"https:\/\/www.rwg-bayreuth.de\/home\/wp-content\/uploads\/2022\/11\/22-23-Weimarfahrt-Goethe_Frauenplan.jpg 1024w, https:\/\/www.rwg-bayreuth.de\/home\/wp-content\/uploads\/2022\/11\/22-23-Weimarfahrt-Goethe_Frauenplan-450x338.jpg 450w, https:\/\/www.rwg-bayreuth.de\/home\/wp-content\/uploads\/2022\/11\/22-23-Weimarfahrt-Goethe_Frauenplan-150x113.jpg 150w, https:\/\/www.rwg-bayreuth.de\/home\/wp-content\/uploads\/2022\/11\/22-23-Weimarfahrt-Goethe_Frauenplan-768x576.jpg 768w, https:\/\/www.rwg-bayreuth.de\/home\/wp-content\/uploads\/2022\/11\/22-23-Weimarfahrt-Goethe_Frauenplan-250x188.jpg 250w\" sizes=\"(max-width: 1024px) 100vw, 1024px\" \/><\/a><\/div><\/div><div class=\"su-image-carousel-item\"><div class=\"su-image-carousel-item-content\"><a href=\"https:\/\/www.rwg-bayreuth.de\/home\/wp-content\/uploads\/2022\/11\/22-23-Weimarfahrt-Ausblick-Garten.jpg\" data-caption=\"\"><img loading=\"lazy\" decoding=\"async\" width=\"1024\" height=\"768\" src=\"https:\/\/www.rwg-bayreuth.de\/home\/wp-content\/uploads\/2022\/11\/22-23-Weimarfahrt-Ausblick-Garten.jpg\" class=\"\" alt=\"\" srcset=\"https:\/\/www.rwg-bayreuth.de\/home\/wp-content\/uploads\/2022\/11\/22-23-Weimarfahrt-Ausblick-Garten.jpg 1024w, https:\/\/www.rwg-bayreuth.de\/home\/wp-content\/uploads\/2022\/11\/22-23-Weimarfahrt-Ausblick-Garten-450x338.jpg 450w, https:\/\/www.rwg-bayreuth.de\/home\/wp-content\/uploads\/2022\/11\/22-23-Weimarfahrt-Ausblick-Garten-150x113.jpg 150w, https:\/\/www.rwg-bayreuth.de\/home\/wp-content\/uploads\/2022\/11\/22-23-Weimarfahrt-Ausblick-Garten-768x576.jpg 768w, https:\/\/www.rwg-bayreuth.de\/home\/wp-content\/uploads\/2022\/11\/22-23-Weimarfahrt-Ausblick-Garten-250x188.jpg 250w\" sizes=\"(max-width: 1024px) 100vw, 1024px\" \/><\/a><\/div><\/div><\/div><script id=\"su_image_carousel_69f1d9243670d_script\">if(window.SUImageCarousel){setTimeout(function() {window.SUImageCarousel.initGallery(document.getElementById(\"su_image_carousel_69f1d9243670d\"))}, 0);}var su_image_carousel_69f1d9243670d_script=document.getElementById(\"su_image_carousel_69f1d9243670d_script\");if(su_image_carousel_69f1d9243670d_script){su_image_carousel_69f1d9243670d_script.parentNode.removeChild(su_image_carousel_69f1d9243670d_script);}<\/script>\n<p>\u2026der andere (Schiller), dem w\u00e4hrend seines insgesamt kurzen Lebens nur eine sp\u00e4rliche Zeit in dem deutlich kleineren und daher unscheinbareren Wohnhaus verg\u00f6nnt war:<\/p>\n<div class=\"su-image-carousel  su-image-carousel-columns-5 su-image-carousel-has-spacing su-image-carousel-crop su-image-carousel-crop-1-1 su-image-carousel-has-lightbox su-image-carousel-has-outline su-image-carousel-adaptive su-image-carousel-slides-style-minimal su-image-carousel-controls-style-light su-image-carousel-align-none\" style=\"\" data-flickity-options='{\"groupCells\":true,\"cellSelector\":\".su-image-carousel-item\",\"adaptiveHeight\":false,\"cellAlign\":\"left\",\"prevNextButtons\":true,\"pageDots\":false,\"autoPlay\":4000,\"imagesLoaded\":true,\"contain\":true,\"selectedAttraction\":0.025000000000000001,\"friction\":0.28000000000000003}' id=\"su_image_carousel_69f1d92436b4d\"><div class=\"su-image-carousel-item\"><div class=\"su-image-carousel-item-content\"><a href=\"https:\/\/www.rwg-bayreuth.de\/home\/wp-content\/uploads\/2022\/11\/22-23-Weimarfahrt-Schillerhaus-aussen.jpg\" data-caption=\"\"><img loading=\"lazy\" decoding=\"async\" width=\"1024\" height=\"768\" src=\"https:\/\/www.rwg-bayreuth.de\/home\/wp-content\/uploads\/2022\/11\/22-23-Weimarfahrt-Schillerhaus-aussen.jpg\" class=\"\" alt=\"\" srcset=\"https:\/\/www.rwg-bayreuth.de\/home\/wp-content\/uploads\/2022\/11\/22-23-Weimarfahrt-Schillerhaus-aussen.jpg 1024w, https:\/\/www.rwg-bayreuth.de\/home\/wp-content\/uploads\/2022\/11\/22-23-Weimarfahrt-Schillerhaus-aussen-450x338.jpg 450w, https:\/\/www.rwg-bayreuth.de\/home\/wp-content\/uploads\/2022\/11\/22-23-Weimarfahrt-Schillerhaus-aussen-150x113.jpg 150w, https:\/\/www.rwg-bayreuth.de\/home\/wp-content\/uploads\/2022\/11\/22-23-Weimarfahrt-Schillerhaus-aussen-768x576.jpg 768w, https:\/\/www.rwg-bayreuth.de\/home\/wp-content\/uploads\/2022\/11\/22-23-Weimarfahrt-Schillerhaus-aussen-250x188.jpg 250w\" sizes=\"(max-width: 1024px) 100vw, 1024px\" \/><\/a><\/div><\/div><div class=\"su-image-carousel-item\"><div class=\"su-image-carousel-item-content\"><a href=\"https:\/\/www.rwg-bayreuth.de\/home\/wp-content\/uploads\/2022\/11\/22-23-Weimarfahrt-Schillerhaus-aussen1.jpg\" data-caption=\"\"><img loading=\"lazy\" decoding=\"async\" width=\"1024\" height=\"768\" src=\"https:\/\/www.rwg-bayreuth.de\/home\/wp-content\/uploads\/2022\/11\/22-23-Weimarfahrt-Schillerhaus-aussen1.jpg\" class=\"\" alt=\"\" srcset=\"https:\/\/www.rwg-bayreuth.de\/home\/wp-content\/uploads\/2022\/11\/22-23-Weimarfahrt-Schillerhaus-aussen1.jpg 1024w, https:\/\/www.rwg-bayreuth.de\/home\/wp-content\/uploads\/2022\/11\/22-23-Weimarfahrt-Schillerhaus-aussen1-450x338.jpg 450w, https:\/\/www.rwg-bayreuth.de\/home\/wp-content\/uploads\/2022\/11\/22-23-Weimarfahrt-Schillerhaus-aussen1-150x113.jpg 150w, https:\/\/www.rwg-bayreuth.de\/home\/wp-content\/uploads\/2022\/11\/22-23-Weimarfahrt-Schillerhaus-aussen1-768x576.jpg 768w, https:\/\/www.rwg-bayreuth.de\/home\/wp-content\/uploads\/2022\/11\/22-23-Weimarfahrt-Schillerhaus-aussen1-250x188.jpg 250w\" sizes=\"(max-width: 1024px) 100vw, 1024px\" \/><\/a><\/div><\/div><div class=\"su-image-carousel-item\"><div class=\"su-image-carousel-item-content\"><a href=\"https:\/\/www.rwg-bayreuth.de\/home\/wp-content\/uploads\/2022\/11\/22-23-Weimarfahrt-Schillerhaus-innen.jpg\" data-caption=\"\"><img loading=\"lazy\" decoding=\"async\" width=\"1024\" height=\"768\" src=\"https:\/\/www.rwg-bayreuth.de\/home\/wp-content\/uploads\/2022\/11\/22-23-Weimarfahrt-Schillerhaus-innen.jpg\" class=\"\" alt=\"\" srcset=\"https:\/\/www.rwg-bayreuth.de\/home\/wp-content\/uploads\/2022\/11\/22-23-Weimarfahrt-Schillerhaus-innen.jpg 1024w, https:\/\/www.rwg-bayreuth.de\/home\/wp-content\/uploads\/2022\/11\/22-23-Weimarfahrt-Schillerhaus-innen-450x338.jpg 450w, https:\/\/www.rwg-bayreuth.de\/home\/wp-content\/uploads\/2022\/11\/22-23-Weimarfahrt-Schillerhaus-innen-150x113.jpg 150w, https:\/\/www.rwg-bayreuth.de\/home\/wp-content\/uploads\/2022\/11\/22-23-Weimarfahrt-Schillerhaus-innen-768x576.jpg 768w, https:\/\/www.rwg-bayreuth.de\/home\/wp-content\/uploads\/2022\/11\/22-23-Weimarfahrt-Schillerhaus-innen-250x188.jpg 250w\" sizes=\"(max-width: 1024px) 100vw, 1024px\" \/><\/a><\/div><\/div><div class=\"su-image-carousel-item\"><div class=\"su-image-carousel-item-content\"><a href=\"https:\/\/www.rwg-bayreuth.de\/home\/wp-content\/uploads\/2022\/11\/22-23-Weimarfahrt-Schreibtisch-Schiller.jpg\" data-caption=\"\"><img loading=\"lazy\" decoding=\"async\" width=\"1024\" height=\"768\" src=\"https:\/\/www.rwg-bayreuth.de\/home\/wp-content\/uploads\/2022\/11\/22-23-Weimarfahrt-Schreibtisch-Schiller.jpg\" class=\"\" alt=\"\" srcset=\"https:\/\/www.rwg-bayreuth.de\/home\/wp-content\/uploads\/2022\/11\/22-23-Weimarfahrt-Schreibtisch-Schiller.jpg 1024w, https:\/\/www.rwg-bayreuth.de\/home\/wp-content\/uploads\/2022\/11\/22-23-Weimarfahrt-Schreibtisch-Schiller-450x338.jpg 450w, https:\/\/www.rwg-bayreuth.de\/home\/wp-content\/uploads\/2022\/11\/22-23-Weimarfahrt-Schreibtisch-Schiller-150x113.jpg 150w, https:\/\/www.rwg-bayreuth.de\/home\/wp-content\/uploads\/2022\/11\/22-23-Weimarfahrt-Schreibtisch-Schiller-768x576.jpg 768w, https:\/\/www.rwg-bayreuth.de\/home\/wp-content\/uploads\/2022\/11\/22-23-Weimarfahrt-Schreibtisch-Schiller-250x188.jpg 250w\" sizes=\"(max-width: 1024px) 100vw, 1024px\" \/><\/a><\/div><\/div><div class=\"su-image-carousel-item\"><div class=\"su-image-carousel-item-content\"><a href=\"https:\/\/www.rwg-bayreuth.de\/home\/wp-content\/uploads\/2022\/11\/22-23-Weimarfahrt-Schiller-Museum.jpg\" data-caption=\"\"><img loading=\"lazy\" decoding=\"async\" width=\"1024\" height=\"768\" src=\"https:\/\/www.rwg-bayreuth.de\/home\/wp-content\/uploads\/2022\/11\/22-23-Weimarfahrt-Schiller-Museum.jpg\" class=\"\" alt=\"\" srcset=\"https:\/\/www.rwg-bayreuth.de\/home\/wp-content\/uploads\/2022\/11\/22-23-Weimarfahrt-Schiller-Museum.jpg 1024w, https:\/\/www.rwg-bayreuth.de\/home\/wp-content\/uploads\/2022\/11\/22-23-Weimarfahrt-Schiller-Museum-450x338.jpg 450w, https:\/\/www.rwg-bayreuth.de\/home\/wp-content\/uploads\/2022\/11\/22-23-Weimarfahrt-Schiller-Museum-150x113.jpg 150w, https:\/\/www.rwg-bayreuth.de\/home\/wp-content\/uploads\/2022\/11\/22-23-Weimarfahrt-Schiller-Museum-768x576.jpg 768w, https:\/\/www.rwg-bayreuth.de\/home\/wp-content\/uploads\/2022\/11\/22-23-Weimarfahrt-Schiller-Museum-250x188.jpg 250w\" sizes=\"(max-width: 1024px) 100vw, 1024px\" \/><\/a><\/div><\/div><\/div><script id=\"su_image_carousel_69f1d92436b4d_script\">if(window.SUImageCarousel){setTimeout(function() {window.SUImageCarousel.initGallery(document.getElementById(\"su_image_carousel_69f1d92436b4d\"))}, 0);}var su_image_carousel_69f1d92436b4d_script=document.getElementById(\"su_image_carousel_69f1d92436b4d_script\");if(su_image_carousel_69f1d92436b4d_script){su_image_carousel_69f1d92436b4d_script.parentNode.removeChild(su_image_carousel_69f1d92436b4d_script);}<\/script>\n<p>Gut erfahrbar und direkt am Ort des Geschehens (be)greifbar wurde das Leben der beiden zentralen Autoren der Weimarer Klassik mittels der informativen Audioguides, anhand derer sich die Sch\u00fcler\/innen zu jedem einzelnen Raum ausf\u00fchrlich kundig machen konnten.<\/p>\n<p>Ein weiteres Highlight des Tages bot au\u00dferdem der Besuch der Dauerausstellung im Goethe-Nationalmuseum: Hier erl\u00e4uterten Expertinnen jeweils \u00e4u\u00dferst fachkundig und gleicherma\u00dfen kurzweilig aussagekr\u00e4ftige Ausstellungsst\u00fccke, welche die verschiedenen Etappen bzw. Zeitumst\u00e4nde von Goethes Leben unter unterschiedlichen Schlagworten beleuchten.<\/p>\n<div class=\"su-image-carousel  su-image-carousel-columns-5 su-image-carousel-has-spacing su-image-carousel-crop su-image-carousel-crop-1-1 su-image-carousel-has-lightbox su-image-carousel-has-outline su-image-carousel-adaptive su-image-carousel-slides-style-minimal su-image-carousel-controls-style-light su-image-carousel-align-none\" style=\"\" data-flickity-options='{\"groupCells\":true,\"cellSelector\":\".su-image-carousel-item\",\"adaptiveHeight\":false,\"cellAlign\":\"left\",\"prevNextButtons\":true,\"pageDots\":false,\"autoPlay\":4000,\"imagesLoaded\":true,\"contain\":true,\"selectedAttraction\":0.025000000000000001,\"friction\":0.28000000000000003}' id=\"su_image_carousel_69f1d92436dd8\"><div class=\"su-image-carousel-item\"><div class=\"su-image-carousel-item-content\"><a href=\"https:\/\/www.rwg-bayreuth.de\/home\/wp-content\/uploads\/2022\/11\/22-23-Weimarfahrt-Fuehrung-Goethehaus.jpg\" data-caption=\"\"><img loading=\"lazy\" decoding=\"async\" width=\"1024\" height=\"768\" src=\"https:\/\/www.rwg-bayreuth.de\/home\/wp-content\/uploads\/2022\/11\/22-23-Weimarfahrt-Fuehrung-Goethehaus.jpg\" class=\"\" alt=\"\" srcset=\"https:\/\/www.rwg-bayreuth.de\/home\/wp-content\/uploads\/2022\/11\/22-23-Weimarfahrt-Fuehrung-Goethehaus.jpg 1024w, https:\/\/www.rwg-bayreuth.de\/home\/wp-content\/uploads\/2022\/11\/22-23-Weimarfahrt-Fuehrung-Goethehaus-450x338.jpg 450w, https:\/\/www.rwg-bayreuth.de\/home\/wp-content\/uploads\/2022\/11\/22-23-Weimarfahrt-Fuehrung-Goethehaus-150x113.jpg 150w, https:\/\/www.rwg-bayreuth.de\/home\/wp-content\/uploads\/2022\/11\/22-23-Weimarfahrt-Fuehrung-Goethehaus-768x576.jpg 768w, https:\/\/www.rwg-bayreuth.de\/home\/wp-content\/uploads\/2022\/11\/22-23-Weimarfahrt-Fuehrung-Goethehaus-250x188.jpg 250w\" sizes=\"(max-width: 1024px) 100vw, 1024px\" \/><\/a><\/div><\/div><div class=\"su-image-carousel-item\"><div class=\"su-image-carousel-item-content\"><a href=\"https:\/\/www.rwg-bayreuth.de\/home\/wp-content\/uploads\/2022\/11\/22-23-Weimarfahrt-Goethe-Buesten.jpg\" data-caption=\"\"><img loading=\"lazy\" decoding=\"async\" width=\"1024\" height=\"768\" src=\"https:\/\/www.rwg-bayreuth.de\/home\/wp-content\/uploads\/2022\/11\/22-23-Weimarfahrt-Goethe-Buesten.jpg\" class=\"\" alt=\"\" srcset=\"https:\/\/www.rwg-bayreuth.de\/home\/wp-content\/uploads\/2022\/11\/22-23-Weimarfahrt-Goethe-Buesten.jpg 1024w, https:\/\/www.rwg-bayreuth.de\/home\/wp-content\/uploads\/2022\/11\/22-23-Weimarfahrt-Goethe-Buesten-450x338.jpg 450w, https:\/\/www.rwg-bayreuth.de\/home\/wp-content\/uploads\/2022\/11\/22-23-Weimarfahrt-Goethe-Buesten-150x113.jpg 150w, https:\/\/www.rwg-bayreuth.de\/home\/wp-content\/uploads\/2022\/11\/22-23-Weimarfahrt-Goethe-Buesten-768x576.jpg 768w, https:\/\/www.rwg-bayreuth.de\/home\/wp-content\/uploads\/2022\/11\/22-23-Weimarfahrt-Goethe-Buesten-250x188.jpg 250w\" sizes=\"(max-width: 1024px) 100vw, 1024px\" \/><\/a><\/div><\/div><\/div><script id=\"su_image_carousel_69f1d92436dd8_script\">if(window.SUImageCarousel){setTimeout(function() {window.SUImageCarousel.initGallery(document.getElementById(\"su_image_carousel_69f1d92436dd8\"))}, 0);}var su_image_carousel_69f1d92436dd8_script=document.getElementById(\"su_image_carousel_69f1d92436dd8_script\");if(su_image_carousel_69f1d92436dd8_script){su_image_carousel_69f1d92436dd8_script.parentNode.removeChild(su_image_carousel_69f1d92436dd8_script);}<\/script>\n<p>Die wohlverdienten kurzen Pausen zwischen den einzelnen Programmpunkten konnten meist ganz individuell genutzt werden: Sicherlich die meisten hatten hierbei auch einen kurzen Zwischentopp beim Goethe- und Schiller-Denkmal vor dem Nationaltheater in Weimar eingeplant \u2013 schlie\u00dflich bietet dies doch nicht zuletzt auch eine imposante Kulisse f\u00fcr das eine oder andere Selfie! \ud83d\ude42<\/p>\n<div class=\"su-image-carousel  su-image-carousel-columns-5 su-image-carousel-has-spacing su-image-carousel-crop su-image-carousel-crop-1-1 su-image-carousel-has-lightbox su-image-carousel-has-outline su-image-carousel-adaptive su-image-carousel-slides-style-minimal su-image-carousel-controls-style-light su-image-carousel-align-none\" style=\"\" data-flickity-options='{\"groupCells\":true,\"cellSelector\":\".su-image-carousel-item\",\"adaptiveHeight\":false,\"cellAlign\":\"left\",\"prevNextButtons\":true,\"pageDots\":false,\"autoPlay\":4000,\"imagesLoaded\":true,\"contain\":true,\"selectedAttraction\":0.025000000000000001,\"friction\":0.28000000000000003}' id=\"su_image_carousel_69f1d92437066\"><div class=\"su-image-carousel-item\"><div class=\"su-image-carousel-item-content\"><a href=\"https:\/\/www.rwg-bayreuth.de\/home\/wp-content\/uploads\/2022\/11\/22-23-Weimarfahrt-Denkmal.jpg\" data-caption=\"\"><img loading=\"lazy\" decoding=\"async\" width=\"1024\" height=\"768\" src=\"https:\/\/www.rwg-bayreuth.de\/home\/wp-content\/uploads\/2022\/11\/22-23-Weimarfahrt-Denkmal.jpg\" class=\"\" alt=\"\" srcset=\"https:\/\/www.rwg-bayreuth.de\/home\/wp-content\/uploads\/2022\/11\/22-23-Weimarfahrt-Denkmal.jpg 1024w, https:\/\/www.rwg-bayreuth.de\/home\/wp-content\/uploads\/2022\/11\/22-23-Weimarfahrt-Denkmal-450x338.jpg 450w, https:\/\/www.rwg-bayreuth.de\/home\/wp-content\/uploads\/2022\/11\/22-23-Weimarfahrt-Denkmal-150x113.jpg 150w, https:\/\/www.rwg-bayreuth.de\/home\/wp-content\/uploads\/2022\/11\/22-23-Weimarfahrt-Denkmal-768x576.jpg 768w, https:\/\/www.rwg-bayreuth.de\/home\/wp-content\/uploads\/2022\/11\/22-23-Weimarfahrt-Denkmal-250x188.jpg 250w\" sizes=\"(max-width: 1024px) 100vw, 1024px\" \/><\/a><\/div><\/div><div class=\"su-image-carousel-item\"><div class=\"su-image-carousel-item-content\"><a href=\"https:\/\/www.rwg-bayreuth.de\/home\/wp-content\/uploads\/2022\/11\/22-23-Weimarfahrt-Reiterdenkmal.jpg\" data-caption=\"\"><img loading=\"lazy\" decoding=\"async\" width=\"1024\" height=\"768\" src=\"https:\/\/www.rwg-bayreuth.de\/home\/wp-content\/uploads\/2022\/11\/22-23-Weimarfahrt-Reiterdenkmal.jpg\" class=\"\" alt=\"\" srcset=\"https:\/\/www.rwg-bayreuth.de\/home\/wp-content\/uploads\/2022\/11\/22-23-Weimarfahrt-Reiterdenkmal.jpg 1024w, https:\/\/www.rwg-bayreuth.de\/home\/wp-content\/uploads\/2022\/11\/22-23-Weimarfahrt-Reiterdenkmal-450x338.jpg 450w, https:\/\/www.rwg-bayreuth.de\/home\/wp-content\/uploads\/2022\/11\/22-23-Weimarfahrt-Reiterdenkmal-150x113.jpg 150w, https:\/\/www.rwg-bayreuth.de\/home\/wp-content\/uploads\/2022\/11\/22-23-Weimarfahrt-Reiterdenkmal-768x576.jpg 768w, https:\/\/www.rwg-bayreuth.de\/home\/wp-content\/uploads\/2022\/11\/22-23-Weimarfahrt-Reiterdenkmal-250x188.jpg 250w\" sizes=\"(max-width: 1024px) 100vw, 1024px\" \/><\/a><\/div><\/div><\/div><script id=\"su_image_carousel_69f1d92437066_script\">if(window.SUImageCarousel){setTimeout(function() {window.SUImageCarousel.initGallery(document.getElementById(\"su_image_carousel_69f1d92437066\"))}, 0);}var su_image_carousel_69f1d92437066_script=document.getElementById(\"su_image_carousel_69f1d92437066_script\");if(su_image_carousel_69f1d92437066_script){su_image_carousel_69f1d92437066_script.parentNode.removeChild(su_image_carousel_69f1d92437066_script);}<\/script>\n<p>Durchaus auch lohnenswert gestaltete sich ein kurzer, malerischer Spaziergang bei bestem \u2013 goldenem \u2013 Herbstwetter durch den Ilmpark, an dessen Wegesrand sich Goethes Gartenhaus befindet. <\/p>\n<div class=\"su-image-carousel  su-image-carousel-columns-5 su-image-carousel-has-spacing su-image-carousel-crop su-image-carousel-crop-1-1 su-image-carousel-has-lightbox su-image-carousel-has-outline su-image-carousel-adaptive su-image-carousel-slides-style-minimal su-image-carousel-controls-style-light su-image-carousel-align-none\" style=\"\" data-flickity-options='{\"groupCells\":true,\"cellSelector\":\".su-image-carousel-item\",\"adaptiveHeight\":false,\"cellAlign\":\"left\",\"prevNextButtons\":true,\"pageDots\":false,\"autoPlay\":4000,\"imagesLoaded\":true,\"contain\":true,\"selectedAttraction\":0.025000000000000001,\"friction\":0.28000000000000003}' id=\"su_image_carousel_69f1d9243748e\"><div class=\"su-image-carousel-item\"><div class=\"su-image-carousel-item-content\"><a href=\"https:\/\/www.rwg-bayreuth.de\/home\/wp-content\/uploads\/2022\/11\/22-23-Weimarfahrt-Gartenhaus.jpg\" data-caption=\"\"><img loading=\"lazy\" decoding=\"async\" width=\"1024\" height=\"768\" src=\"https:\/\/www.rwg-bayreuth.de\/home\/wp-content\/uploads\/2022\/11\/22-23-Weimarfahrt-Gartenhaus.jpg\" class=\"\" alt=\"\" srcset=\"https:\/\/www.rwg-bayreuth.de\/home\/wp-content\/uploads\/2022\/11\/22-23-Weimarfahrt-Gartenhaus.jpg 1024w, https:\/\/www.rwg-bayreuth.de\/home\/wp-content\/uploads\/2022\/11\/22-23-Weimarfahrt-Gartenhaus-450x338.jpg 450w, https:\/\/www.rwg-bayreuth.de\/home\/wp-content\/uploads\/2022\/11\/22-23-Weimarfahrt-Gartenhaus-150x113.jpg 150w, https:\/\/www.rwg-bayreuth.de\/home\/wp-content\/uploads\/2022\/11\/22-23-Weimarfahrt-Gartenhaus-768x576.jpg 768w, https:\/\/www.rwg-bayreuth.de\/home\/wp-content\/uploads\/2022\/11\/22-23-Weimarfahrt-Gartenhaus-250x188.jpg 250w\" sizes=\"(max-width: 1024px) 100vw, 1024px\" \/><\/a><\/div><\/div><div class=\"su-image-carousel-item\"><div class=\"su-image-carousel-item-content\"><a href=\"https:\/\/www.rwg-bayreuth.de\/home\/wp-content\/uploads\/2022\/11\/22-23-Weimarfahrt-Gartenhaus1.jpg\" data-caption=\"\"><img loading=\"lazy\" decoding=\"async\" width=\"1024\" height=\"768\" src=\"https:\/\/www.rwg-bayreuth.de\/home\/wp-content\/uploads\/2022\/11\/22-23-Weimarfahrt-Gartenhaus1.jpg\" class=\"\" alt=\"\" srcset=\"https:\/\/www.rwg-bayreuth.de\/home\/wp-content\/uploads\/2022\/11\/22-23-Weimarfahrt-Gartenhaus1.jpg 1024w, https:\/\/www.rwg-bayreuth.de\/home\/wp-content\/uploads\/2022\/11\/22-23-Weimarfahrt-Gartenhaus1-450x338.jpg 450w, https:\/\/www.rwg-bayreuth.de\/home\/wp-content\/uploads\/2022\/11\/22-23-Weimarfahrt-Gartenhaus1-150x113.jpg 150w, https:\/\/www.rwg-bayreuth.de\/home\/wp-content\/uploads\/2022\/11\/22-23-Weimarfahrt-Gartenhaus1-768x576.jpg 768w, https:\/\/www.rwg-bayreuth.de\/home\/wp-content\/uploads\/2022\/11\/22-23-Weimarfahrt-Gartenhaus1-250x188.jpg 250w\" sizes=\"(max-width: 1024px) 100vw, 1024px\" \/><\/a><\/div><\/div><div class=\"su-image-carousel-item\"><div class=\"su-image-carousel-item-content\"><a href=\"https:\/\/www.rwg-bayreuth.de\/home\/wp-content\/uploads\/2022\/11\/22-23-Weimarfahrt-Felsentreppe.jpg\" data-caption=\"\"><img loading=\"lazy\" decoding=\"async\" width=\"768\" height=\"1024\" src=\"https:\/\/www.rwg-bayreuth.de\/home\/wp-content\/uploads\/2022\/11\/22-23-Weimarfahrt-Felsentreppe.jpg\" class=\"\" alt=\"\" srcset=\"https:\/\/www.rwg-bayreuth.de\/home\/wp-content\/uploads\/2022\/11\/22-23-Weimarfahrt-Felsentreppe.jpg 768w, https:\/\/www.rwg-bayreuth.de\/home\/wp-content\/uploads\/2022\/11\/22-23-Weimarfahrt-Felsentreppe-338x450.jpg 338w, https:\/\/www.rwg-bayreuth.de\/home\/wp-content\/uploads\/2022\/11\/22-23-Weimarfahrt-Felsentreppe-113x150.jpg 113w, https:\/\/www.rwg-bayreuth.de\/home\/wp-content\/uploads\/2022\/11\/22-23-Weimarfahrt-Felsentreppe-250x333.jpg 250w\" sizes=\"(max-width: 768px) 100vw, 768px\" \/><\/a><\/div><\/div><div class=\"su-image-carousel-item\"><div class=\"su-image-carousel-item-content\"><a href=\"https:\/\/www.rwg-bayreuth.de\/home\/wp-content\/uploads\/2022\/11\/22-23-Weimarfahrt-Pompejanische-Bank.jpg\" data-caption=\"\"><img loading=\"lazy\" decoding=\"async\" width=\"1024\" height=\"768\" src=\"https:\/\/www.rwg-bayreuth.de\/home\/wp-content\/uploads\/2022\/11\/22-23-Weimarfahrt-Pompejanische-Bank.jpg\" class=\"\" alt=\"\" srcset=\"https:\/\/www.rwg-bayreuth.de\/home\/wp-content\/uploads\/2022\/11\/22-23-Weimarfahrt-Pompejanische-Bank.jpg 1024w, https:\/\/www.rwg-bayreuth.de\/home\/wp-content\/uploads\/2022\/11\/22-23-Weimarfahrt-Pompejanische-Bank-450x338.jpg 450w, https:\/\/www.rwg-bayreuth.de\/home\/wp-content\/uploads\/2022\/11\/22-23-Weimarfahrt-Pompejanische-Bank-150x113.jpg 150w, https:\/\/www.rwg-bayreuth.de\/home\/wp-content\/uploads\/2022\/11\/22-23-Weimarfahrt-Pompejanische-Bank-768x576.jpg 768w, https:\/\/www.rwg-bayreuth.de\/home\/wp-content\/uploads\/2022\/11\/22-23-Weimarfahrt-Pompejanische-Bank-250x188.jpg 250w\" sizes=\"(max-width: 1024px) 100vw, 1024px\" \/><\/a><\/div><\/div><div class=\"su-image-carousel-item\"><div class=\"su-image-carousel-item-content\"><a href=\"https:\/\/www.rwg-bayreuth.de\/home\/wp-content\/uploads\/2022\/11\/22-23-Weimarfahrt-Anna-Amalia-Bib.jpg\" data-caption=\"\"><img loading=\"lazy\" decoding=\"async\" width=\"768\" height=\"1024\" src=\"https:\/\/www.rwg-bayreuth.de\/home\/wp-content\/uploads\/2022\/11\/22-23-Weimarfahrt-Anna-Amalia-Bib.jpg\" class=\"\" alt=\"\" srcset=\"https:\/\/www.rwg-bayreuth.de\/home\/wp-content\/uploads\/2022\/11\/22-23-Weimarfahrt-Anna-Amalia-Bib.jpg 768w, https:\/\/www.rwg-bayreuth.de\/home\/wp-content\/uploads\/2022\/11\/22-23-Weimarfahrt-Anna-Amalia-Bib-338x450.jpg 338w, https:\/\/www.rwg-bayreuth.de\/home\/wp-content\/uploads\/2022\/11\/22-23-Weimarfahrt-Anna-Amalia-Bib-113x150.jpg 113w, https:\/\/www.rwg-bayreuth.de\/home\/wp-content\/uploads\/2022\/11\/22-23-Weimarfahrt-Anna-Amalia-Bib-250x333.jpg 250w\" sizes=\"(max-width: 768px) 100vw, 768px\" \/><\/a><\/div><\/div><\/div><script id=\"su_image_carousel_69f1d9243748e_script\">if(window.SUImageCarousel){setTimeout(function() {window.SUImageCarousel.initGallery(document.getElementById(\"su_image_carousel_69f1d9243748e\"))}, 0);}var su_image_carousel_69f1d9243748e_script=document.getElementById(\"su_image_carousel_69f1d9243748e_script\");if(su_image_carousel_69f1d9243748e_script){su_image_carousel_69f1d9243748e_script.parentNode.removeChild(su_image_carousel_69f1d9243748e_script);}<\/script>\n<p>Aber auch wer \u201anur\u2018 entspannt in einem der Stra\u00dfencaf\u00e9 sitzend das ganz besondere Flair der Stadt aufzusaugen versuchte \u2013 ohne sich vom Ansturm der vielen Touristen ablenken zu lassen \u2013 , hatte ebenfalls einiges aus der Exkursion mitgenommen: Denn nirgendwo anders ist das Verst\u00e4ndnis von Kunst, Kultur und Gesellschaft der Weimarer Klassik nat\u00fcrlich derart nachzuempfinden wie in der Stadt selbst, die der literarischen Epoche ihren Namen verliehen hat! <\/p>\n<p><em>S. Track <\/em><\/p>\n","protected":false},"excerpt":{"rendered":"<p>Eine lange Tradition am RWG im Rahmen des Literaturunterrichts der Oberstufe hat mittlerweile l\u00e4ngst die Studienfahrt ins th\u00fcringische Weimar; so wandelten auch in diesem Herbst alle Sch\u00fcler\/innen mitsamt den Kursleiterinnen der Q11 auf den Spuren der beiden \u201aDichterf\u00fcrsten\u2018 Goethe und Schiller. Vor Ort angekommen erkundeten die RWGler\/innen in Kleingruppen die einzelnen Stationen der besonderen Freundschaft&hellip;<\/p>\n","protected":false},"author":11,"featured_media":32310,"comment_status":"closed","ping_status":"closed","sticky":false,"template":"","format":"standard","meta":{"footnotes":""},"categories":[1],"tags":[59,51],"_links":{"self":[{"href":"https:\/\/www.rwg-bayreuth.de\/home\/index.php?rest_route=\/wp\/v2\/posts\/32290"}],"collection":[{"href":"https:\/\/www.rwg-bayreuth.de\/home\/index.php?rest_route=\/wp\/v2\/posts"}],"about":[{"href":"https:\/\/www.rwg-bayreuth.de\/home\/index.php?rest_route=\/wp\/v2\/types\/post"}],"author":[{"embeddable":true,"href":"https:\/\/www.rwg-bayreuth.de\/home\/index.php?rest_route=\/wp\/v2\/users\/11"}],"replies":[{"embeddable":true,"href":"https:\/\/www.rwg-bayreuth.de\/home\/index.php?rest_route=%2Fwp%2Fv2%2Fcomments&post=32290"}],"version-history":[{"count":4,"href":"https:\/\/www.rwg-bayreuth.de\/home\/index.php?rest_route=\/wp\/v2\/posts\/32290\/revisions"}],"predecessor-version":[{"id":32317,"href":"https:\/\/www.rwg-bayreuth.de\/home\/index.php?rest_route=\/wp\/v2\/posts\/32290\/revisions\/32317"}],"wp:featuredmedia":[{"embeddable":true,"href":"https:\/\/www.rwg-bayreuth.de\/home\/index.php?rest_route=\/wp\/v2\/media\/32310"}],"wp:attachment":[{"href":"https:\/\/www.rwg-bayreuth.de\/home\/index.php?rest_route=%2Fwp%2Fv2%2Fmedia&parent=32290"}],"wp:term":[{"taxonomy":"category","embeddable":true,"href":"https:\/\/www.rwg-bayreuth.de\/home\/index.php?rest_route=%2Fwp%2Fv2%2Fcategories&post=32290"},{"taxonomy":"post_tag","embeddable":true,"href":"https:\/\/www.rwg-bayreuth.de\/home\/index.php?rest_route=%2Fwp%2Fv2%2Ftags&post=32290"}],"curies":[{"name":"wp","href":"https:\/\/api.w.org\/{rel}","templated":true}]}}