{"id":32220,"date":"2022-11-02T06:22:01","date_gmt":"2022-11-02T05:22:01","guid":{"rendered":"http:\/\/www.rwg-bayreuth.de\/home\/?p=32220"},"modified":"2022-11-02T12:09:04","modified_gmt":"2022-11-02T11:09:04","slug":"hohe-auszeichnung-fuer-das-richard-wagner-gymnasium","status":"publish","type":"post","link":"https:\/\/www.rwg-bayreuth.de\/home\/?p=32220","title":{"rendered":"Hohe Auszeichnung f\u00fcr das Richard-Wagner-Gymnasium"},"content":{"rendered":"<p><a href=\"https:\/\/www.rwg-bayreuth.de\/home\/wp-content\/uploads\/2022\/10\/22-23-TeamUmweltschule_RWG.jpg\"><img loading=\"lazy\" decoding=\"async\" src=\"https:\/\/www.rwg-bayreuth.de\/home\/wp-content\/uploads\/2022\/10\/22-23-TeamUmweltschule_RWG.jpg\" alt=\"\" width=\"1024\" height=\"440\" class=\"alignnone size-full wp-image-32221\" srcset=\"https:\/\/www.rwg-bayreuth.de\/home\/wp-content\/uploads\/2022\/10\/22-23-TeamUmweltschule_RWG.jpg 1024w, https:\/\/www.rwg-bayreuth.de\/home\/wp-content\/uploads\/2022\/10\/22-23-TeamUmweltschule_RWG-450x193.jpg 450w, https:\/\/www.rwg-bayreuth.de\/home\/wp-content\/uploads\/2022\/10\/22-23-TeamUmweltschule_RWG-768x330.jpg 768w, https:\/\/www.rwg-bayreuth.de\/home\/wp-content\/uploads\/2022\/10\/22-23-TeamUmweltschule_RWG-250x107.jpg 250w\" sizes=\"(max-width: 1024px) 100vw, 1024px\" \/><\/a><\/p>\n<p><strong>Das Richard-Wagner-Gymnasium erh\u00e4lt seitens des Umweltministerium, des Kultusministeriums sowie der ALP und des LBV erstmals den Titel \u201eUmweltschule in Europa \/ Internationale Nachhaltigkeitsschule\u201c und ist damit Teil des weltweiten Eco-Schools-Netzwerkes.<\/strong><\/p>\n<p><img loading=\"lazy\" decoding=\"async\" src=\"https:\/\/www.rwg-bayreuth.de\/home\/wp-content\/uploads\/2022\/10\/UmweltschuleinEuropa-q-150x150.png\" alt=\"\" width=\"150\" height=\"150\" class=\"alignright size-thumbnail wp-image-32226\" srcset=\"https:\/\/www.rwg-bayreuth.de\/home\/wp-content\/uploads\/2022\/10\/UmweltschuleinEuropa-q-150x150.png 150w, https:\/\/www.rwg-bayreuth.de\/home\/wp-content\/uploads\/2022\/10\/UmweltschuleinEuropa-q-450x450.png 450w, https:\/\/www.rwg-bayreuth.de\/home\/wp-content\/uploads\/2022\/10\/UmweltschuleinEuropa-q-768x766.png 768w, https:\/\/www.rwg-bayreuth.de\/home\/wp-content\/uploads\/2022\/10\/UmweltschuleinEuropa-q-250x250.png 250w, https:\/\/www.rwg-bayreuth.de\/home\/wp-content\/uploads\/2022\/10\/UmweltschuleinEuropa-q-600x600.png 600w, https:\/\/www.rwg-bayreuth.de\/home\/wp-content\/uploads\/2022\/10\/UmweltschuleinEuropa-q.png 1000w\" sizes=\"(max-width: 150px) 100vw, 150px\" \/>Am 24. Oktober traf die hei\u00df ersehnte Nachricht ein: Das Richard-Wagner-Gymnasium Bayreuth bekommt f\u00fcr seinen Einsatz f\u00fcr mehr Nachhaltigkeit im Schulalltag von der Europ\u00e4ischen Umweltbildungsstiftung den Titel \u201eUmweltschule in Europa \/ Internationale Nachhaltigkeitsschule\u201c r\u00fcckwirkend f\u00fcr das Schuljahr 2021\/22 verliehen.<br \/>\nDie Schulleiterin OStDin Ursula Graf zeigte sich begeistert \u00fcber die Ernennung: \u201eIch freue mich riesig, dass wir bereits bei unserer ersten Bewerbung als Umweltschule ausgezeichnet wurden. Das ist ein toller und verdienter Erfolg f\u00fcr die Arbeit unserer Umweltgruppe.\u201c Das Team Umweltschule \u2013 bestehend als Sch\u00fcler*innen und Lehrer*innen \u2013 hatte sich erst zu Beginn des letzten Schuljahres gegr\u00fcndet und die Schwerpunkte \u201eM\u00fclltrennung und M\u00fcllvermeidung\u201c sowie \u201eNachhaltiger Konsum \u2013 \u00f6kologische und soziale Verantwortung\u201c auf die Jahresagenda gesetzt. Im Rahmen dieser Themen wurden zahlreiche Projekte umgesetzt, wie zum Beispiel ein sch\u00fclerbasiertes Konzept zum Thema Recycling.<br \/>\nH\u00f6hepunkt waren die Projekttage im Schuljahr 2021\/22, an denen Sch\u00fcler*innen bei Workshops wie \u201eEinkaufen ohne Plastik\u201c, einer Fahrradreparaturwerkstatt und \u201eVegan Kochen f\u00fcr Anf\u00e4nger*innen\u201c bis hin zu verschiedenen Aufr\u00e4umaktionen in und um Bayreuth ihre Selbstwirksamkeit praktisch erfahren konnten.<br \/>\nAuftakt f\u00fcr die diesj\u00e4hrigen Projekte am RWG stellte im September der \u201e1. Marktplatz der Nachhaltigkeit\u201c dar, bei dem es u.a. eine Pflanzen-, Kleider- und B\u00fcchertauschb\u00f6rse gab und Vortr\u00e4ge lokaler Gruppen Input f\u00fcr die weitere Arbeit lieferten. \u201eNat\u00fcrlich ist es so, dass uns die gestrige Nachricht jetzt erst recht dazu motiviert, noch mehr Projekte zu Nachhaltigkeit und Umweltschutz durchzuf\u00fchren, um dem Titel langfristig gerecht zu werden\u201c, so Teammitglied Franziska Hackl aus der 11. Klasse.<br \/>\nDas Team Umweltschule freut sich sehr, die Auszeichnung als Umweltschule f\u00fcr die gesamte Schulfamilie entgegennehmen zu k\u00f6nnen und hofft, diese Auszeichnung langfristig an der Schule etablieren zu k\u00f6nnen. <\/p>\n<h4>\u00dcber die Auszeichnung \u201eUmweltschule in Europa \/ Internationale Nachhaltigkeitsschule\u201c<\/h4>\n<p>\u201eUmweltschule in Europa \u2013 Internationale Nachhaltigkeitsschule\u201c ist eine Ausschreibung der Europ\u00e4ischen Umweltbildungsstiftung, f\u00fcr die teilnehmende Schulen innerhalb eines Schuljahrs zwei Projekte zum Thema Umwelt und Nachhaltigkeit bearbeiten und dokumentieren. Weltweit beteiligten sich 56.000 Schulen in \u00fcber 70 Staaten an dem Projekt. 2020 wurden in Deutschland \u00fcber 1000 Schulen ausgezeichnet, insgesamt 509 aus ganz Bayern. Der Landesbund f\u00fcr Vogelschutz in Bayern e. v. (LBV) koordiniert die Auszeichnung im Auftrag der Deutschen Gesellschaft f\u00fcr Umwelterziehung (DGU). Die Auszeichnung gilt jeweils f\u00fcr ein Jahr und soll den Schulen als Impuls f\u00fcr eine Fortsetzung einer umweltbewussten und nachhaltigen Schulentwicklung dienen.<br \/>\nMit der Auszeichnung \u201eUmweltschule in Europa \/ Internationale Nachhaltigkeitsschule\u201c wird ein ganzheitlicher Ansatz verfolgt, der die gesamte Schule im Rahmen der Schulentwicklung unter dem Leitbild einer Bildung f\u00fcr nachhaltige Entwicklung (BNE) voranbringt. <\/p>\n","protected":false},"excerpt":{"rendered":"<p>Das Richard-Wagner-Gymnasium erh\u00e4lt seitens des Umweltministerium, des Kultusministeriums sowie der ALP und des LBV erstmals den Titel \u201eUmweltschule in Europa \/ Internationale Nachhaltigkeitsschule\u201c und ist damit Teil des weltweiten Eco-Schools-Netzwerkes. Am 24. Oktober traf die hei\u00df ersehnte Nachricht ein: Das Richard-Wagner-Gymnasium Bayreuth bekommt f\u00fcr seinen Einsatz f\u00fcr mehr Nachhaltigkeit im Schulalltag von der Europ\u00e4ischen Umweltbildungsstiftung&hellip;<\/p>\n","protected":false},"author":11,"featured_media":32222,"comment_status":"closed","ping_status":"closed","sticky":false,"template":"","format":"standard","meta":{"footnotes":""},"categories":[1],"tags":[51,136],"_links":{"self":[{"href":"https:\/\/www.rwg-bayreuth.de\/home\/index.php?rest_route=\/wp\/v2\/posts\/32220"}],"collection":[{"href":"https:\/\/www.rwg-bayreuth.de\/home\/index.php?rest_route=\/wp\/v2\/posts"}],"about":[{"href":"https:\/\/www.rwg-bayreuth.de\/home\/index.php?rest_route=\/wp\/v2\/types\/post"}],"author":[{"embeddable":true,"href":"https:\/\/www.rwg-bayreuth.de\/home\/index.php?rest_route=\/wp\/v2\/users\/11"}],"replies":[{"embeddable":true,"href":"https:\/\/www.rwg-bayreuth.de\/home\/index.php?rest_route=%2Fwp%2Fv2%2Fcomments&post=32220"}],"version-history":[{"count":4,"href":"https:\/\/www.rwg-bayreuth.de\/home\/index.php?rest_route=\/wp\/v2\/posts\/32220\/revisions"}],"predecessor-version":[{"id":32227,"href":"https:\/\/www.rwg-bayreuth.de\/home\/index.php?rest_route=\/wp\/v2\/posts\/32220\/revisions\/32227"}],"wp:featuredmedia":[{"embeddable":true,"href":"https:\/\/www.rwg-bayreuth.de\/home\/index.php?rest_route=\/wp\/v2\/media\/32222"}],"wp:attachment":[{"href":"https:\/\/www.rwg-bayreuth.de\/home\/index.php?rest_route=%2Fwp%2Fv2%2Fmedia&parent=32220"}],"wp:term":[{"taxonomy":"category","embeddable":true,"href":"https:\/\/www.rwg-bayreuth.de\/home\/index.php?rest_route=%2Fwp%2Fv2%2Fcategories&post=32220"},{"taxonomy":"post_tag","embeddable":true,"href":"https:\/\/www.rwg-bayreuth.de\/home\/index.php?rest_route=%2Fwp%2Fv2%2Ftags&post=32220"}],"curies":[{"name":"wp","href":"https:\/\/api.w.org\/{rel}","templated":true}]}}