{"id":32111,"date":"2022-10-07T19:39:07","date_gmt":"2022-10-07T17:39:07","guid":{"rendered":"http:\/\/www.rwg-bayreuth.de\/home\/?p=32111"},"modified":"2022-12-09T21:12:30","modified_gmt":"2022-12-09T20:12:30","slug":"wandertag-mal-anders","status":"publish","type":"post","link":"https:\/\/www.rwg-bayreuth.de\/home\/?p=32111","title":{"rendered":"Wandertag \u2013 mal anders"},"content":{"rendered":"<div class=\"su-image-carousel  su-image-carousel-has-spacing su-image-carousel-crop su-image-carousel-crop-3-2 su-image-carousel-has-lightbox su-image-carousel-has-outline su-image-carousel-adaptive su-image-carousel-slides-style-minimal su-image-carousel-controls-style-light su-image-carousel-align-center\" style=\"max-width:450px\" data-flickity-options='{\"groupCells\":true,\"cellSelector\":\".su-image-carousel-item\",\"adaptiveHeight\":false,\"cellAlign\":\"left\",\"prevNextButtons\":true,\"pageDots\":false,\"autoPlay\":4000,\"imagesLoaded\":true,\"contain\":true,\"selectedAttraction\":0.025000000000000001,\"friction\":0.28000000000000003}' id=\"su_image_carousel_69f1ca76178a0\"><div class=\"su-image-carousel-item\"><div class=\"su-image-carousel-item-content\"><a href=\"https:\/\/www.rwg-bayreuth.de\/home\/wp-content\/uploads\/2022\/10\/22-23-Wandertag-Gruppenfoto_6a.jpg\" data-caption=\"\"><img loading=\"lazy\" decoding=\"async\" width=\"1024\" height=\"682\" src=\"https:\/\/www.rwg-bayreuth.de\/home\/wp-content\/uploads\/2022\/10\/22-23-Wandertag-Gruppenfoto_6a.jpg\" class=\"\" alt=\"\" srcset=\"https:\/\/www.rwg-bayreuth.de\/home\/wp-content\/uploads\/2022\/10\/22-23-Wandertag-Gruppenfoto_6a.jpg 1024w, https:\/\/www.rwg-bayreuth.de\/home\/wp-content\/uploads\/2022\/10\/22-23-Wandertag-Gruppenfoto_6a-450x300.jpg 450w, https:\/\/www.rwg-bayreuth.de\/home\/wp-content\/uploads\/2022\/10\/22-23-Wandertag-Gruppenfoto_6a-768x512.jpg 768w, https:\/\/www.rwg-bayreuth.de\/home\/wp-content\/uploads\/2022\/10\/22-23-Wandertag-Gruppenfoto_6a-250x167.jpg 250w, https:\/\/www.rwg-bayreuth.de\/home\/wp-content\/uploads\/2022\/10\/22-23-Wandertag-Gruppenfoto_6a-900x600.jpg 900w\" sizes=\"(max-width: 1024px) 100vw, 1024px\" \/><\/a><\/div><\/div><div class=\"su-image-carousel-item\"><div class=\"su-image-carousel-item-content\"><a href=\"https:\/\/www.rwg-bayreuth.de\/home\/wp-content\/uploads\/2022\/10\/22-23-Wandertag-Gruppenfoto_6a_2.jpg\" data-caption=\"\"><img loading=\"lazy\" decoding=\"async\" width=\"1024\" height=\"682\" src=\"https:\/\/www.rwg-bayreuth.de\/home\/wp-content\/uploads\/2022\/10\/22-23-Wandertag-Gruppenfoto_6a_2.jpg\" class=\"\" alt=\"\" srcset=\"https:\/\/www.rwg-bayreuth.de\/home\/wp-content\/uploads\/2022\/10\/22-23-Wandertag-Gruppenfoto_6a_2.jpg 1024w, https:\/\/www.rwg-bayreuth.de\/home\/wp-content\/uploads\/2022\/10\/22-23-Wandertag-Gruppenfoto_6a_2-450x300.jpg 450w, https:\/\/www.rwg-bayreuth.de\/home\/wp-content\/uploads\/2022\/10\/22-23-Wandertag-Gruppenfoto_6a_2-768x512.jpg 768w, https:\/\/www.rwg-bayreuth.de\/home\/wp-content\/uploads\/2022\/10\/22-23-Wandertag-Gruppenfoto_6a_2-250x167.jpg 250w, https:\/\/www.rwg-bayreuth.de\/home\/wp-content\/uploads\/2022\/10\/22-23-Wandertag-Gruppenfoto_6a_2-900x600.jpg 900w\" sizes=\"(max-width: 1024px) 100vw, 1024px\" \/><\/a><\/div><\/div><div class=\"su-image-carousel-item\"><div class=\"su-image-carousel-item-content\"><a href=\"https:\/\/www.rwg-bayreuth.de\/home\/wp-content\/uploads\/2022\/10\/22-23-Wandertag-Gruppenfoto_6a_3.jpg\" data-caption=\"\"><img loading=\"lazy\" decoding=\"async\" width=\"1024\" height=\"683\" src=\"https:\/\/www.rwg-bayreuth.de\/home\/wp-content\/uploads\/2022\/10\/22-23-Wandertag-Gruppenfoto_6a_3.jpg\" class=\"\" alt=\"\" srcset=\"https:\/\/www.rwg-bayreuth.de\/home\/wp-content\/uploads\/2022\/10\/22-23-Wandertag-Gruppenfoto_6a_3.jpg 1024w, https:\/\/www.rwg-bayreuth.de\/home\/wp-content\/uploads\/2022\/10\/22-23-Wandertag-Gruppenfoto_6a_3-450x300.jpg 450w, https:\/\/www.rwg-bayreuth.de\/home\/wp-content\/uploads\/2022\/10\/22-23-Wandertag-Gruppenfoto_6a_3-768x512.jpg 768w, https:\/\/www.rwg-bayreuth.de\/home\/wp-content\/uploads\/2022\/10\/22-23-Wandertag-Gruppenfoto_6a_3-250x167.jpg 250w, https:\/\/www.rwg-bayreuth.de\/home\/wp-content\/uploads\/2022\/10\/22-23-Wandertag-Gruppenfoto_6a_3-900x600.jpg 900w\" sizes=\"(max-width: 1024px) 100vw, 1024px\" \/><\/a><\/div><\/div><\/div><script id=\"su_image_carousel_69f1ca76178a0_script\">if(window.SUImageCarousel){setTimeout(function() {window.SUImageCarousel.initGallery(document.getElementById(\"su_image_carousel_69f1ca76178a0\"))}, 0);}var su_image_carousel_69f1ca76178a0_script=document.getElementById(\"su_image_carousel_69f1ca76178a0_script\");if(su_image_carousel_69f1ca76178a0_script){su_image_carousel_69f1ca76178a0_script.parentNode.removeChild(su_image_carousel_69f1ca76178a0_script);}<\/script>\n<p>F\u00fcr den Wandertag hatten wir \u2013 die 6a \u2013 uns dieses Schuljahr etwas ganz Besonderes \u00fcberlegt: Wir wollten das Thema GEMEINSCHAFT in den Mittelpunkt stellen und gleichzeitig etwas Gutes tun. So haben wir unseren Wandertag zweigeteilt. <\/p>\n<p>Zuerst sammelten wir \u2013 in Kooperation mit dem Bauhof der Stadt Bayreuth \u2013 in Kleingruppen den M\u00fcll, den wir in der Stadt finden konnten. Diese Aktion hat uns bewusst gemacht, wie viel M\u00fcll auf den Stra\u00dfen und im Hofgarten von Bayreuth am Boden zu finden ist. Praktischerweise fanden wir sogar einen Einkaufswagen am Dammw\u00e4ldchen, mit dem wir unseren gesammelten M\u00fcll wieder ans RWG bringen konnten, um ihn dort vom Bauhof am kommenden Tag abholen zu lassen \u2013 ihr k\u00f6nnt euch nicht vorstellen, wie viel M\u00fcll wir in zwei Stunden gefunden haben.<\/p>\n<p>Im Anschluss daran starteten wir ein Klassenprojekt der besonderen Art: das \u201eApfel und Ei\u201c-Projekt. Daf\u00fcr teilten wir uns erneut in Gruppen auf und bekamen von Frau Wagner und Frau Jurenka pro Gruppe zwei gekochte Bio-Eier sowie zwei Bio-\u00c4pfel. Mit diesen sollten wir dann durch die Stadt laufen, Leute ansprechen und fragen, ob sie etwas dagegen tauschen wollen. Der Gedanke dieses Spiels war, dass wir lernen, freundlich und mutig im Umgang mit anderen Menschen zu sein. Die meisten Leute, die wir ansprachen, waren sehr nett und freundlich zu uns. Wenn sie nicht etwas Wichtiges zu erledigen hatten, wie z.B. zum Arzt oder zur Apotheke zu gehen oder wirklich gar nichts dabeihatten, haben wir viele tolle Sachen bekommen. Erstaunlich bei diesem Spiel war vor allem, wie schnell man von einem Apfel und einem Ei zu einer Taschentuchpackung, einem Buch, einem P\u00e4ckchen Kaffee oder sogar einem Gutschein f\u00fcr einmal Ohrlochstechen inkl. Silberohrsteckern kommen kann. <\/p>\n<p>Als wir dann zu unserem Treffpunkt am Brunnen der Stadtkirche kamen, konnten wir stolz unsere Sch\u00e4tze zeigen: Ein Weihnachtsbuch, ein Ohrlochstechset mit Gutschein, einen Becher mit Zuckergusskugeln, einen Block, ein paar Magnete f\u00fcr unsere Tafel und die \u00fcbrig gebliebenen Eier. Auch die anderen Gruppen hatten tolle Sachen ergattert. Zum Schluss hielten wir den sch\u00f6nen Tag in einem Gruppenfoto fest. Es war ein echt tolles Erlebnis und hat viel Spa\u00df gemacht. Letztlich hat uns dieses Projekt wirklich gezeigt, dass wir mit Freundlichkeit und ein bisschen Mut anderen Menschen n\u00e4herkommen, aber auch, dass wir zusammen alles schaffen k\u00f6nnen.<\/p>\n<p>Wir bedanken uns auch nochmal bei den Leuten, die so freundlich zu uns waren, und uns so tolle Sachen getauscht haben. <\/p>\n<p><em>Jette Moser und Mia Th\u00fcmmler, 6a<\/em><\/p>\n","protected":false},"excerpt":{"rendered":"<p>F\u00fcr den Wandertag hatten wir \u2013 die 6a \u2013 uns dieses Schuljahr etwas ganz Besonderes \u00fcberlegt: Wir wollten das Thema GEMEINSCHAFT in den Mittelpunkt stellen und gleichzeitig etwas Gutes tun. So haben wir unseren Wandertag zweigeteilt. Zuerst sammelten wir \u2013 in Kooperation mit dem Bauhof der Stadt Bayreuth \u2013 in Kleingruppen den M\u00fcll, den wir&hellip;<\/p>\n","protected":false},"author":11,"featured_media":32114,"comment_status":"closed","ping_status":"closed","sticky":false,"template":"","format":"standard","meta":{"footnotes":""},"categories":[1],"tags":[51],"_links":{"self":[{"href":"https:\/\/www.rwg-bayreuth.de\/home\/index.php?rest_route=\/wp\/v2\/posts\/32111"}],"collection":[{"href":"https:\/\/www.rwg-bayreuth.de\/home\/index.php?rest_route=\/wp\/v2\/posts"}],"about":[{"href":"https:\/\/www.rwg-bayreuth.de\/home\/index.php?rest_route=\/wp\/v2\/types\/post"}],"author":[{"embeddable":true,"href":"https:\/\/www.rwg-bayreuth.de\/home\/index.php?rest_route=\/wp\/v2\/users\/11"}],"replies":[{"embeddable":true,"href":"https:\/\/www.rwg-bayreuth.de\/home\/index.php?rest_route=%2Fwp%2Fv2%2Fcomments&post=32111"}],"version-history":[{"count":1,"href":"https:\/\/www.rwg-bayreuth.de\/home\/index.php?rest_route=\/wp\/v2\/posts\/32111\/revisions"}],"predecessor-version":[{"id":32115,"href":"https:\/\/www.rwg-bayreuth.de\/home\/index.php?rest_route=\/wp\/v2\/posts\/32111\/revisions\/32115"}],"wp:featuredmedia":[{"embeddable":true,"href":"https:\/\/www.rwg-bayreuth.de\/home\/index.php?rest_route=\/wp\/v2\/media\/32114"}],"wp:attachment":[{"href":"https:\/\/www.rwg-bayreuth.de\/home\/index.php?rest_route=%2Fwp%2Fv2%2Fmedia&parent=32111"}],"wp:term":[{"taxonomy":"category","embeddable":true,"href":"https:\/\/www.rwg-bayreuth.de\/home\/index.php?rest_route=%2Fwp%2Fv2%2Fcategories&post=32111"},{"taxonomy":"post_tag","embeddable":true,"href":"https:\/\/www.rwg-bayreuth.de\/home\/index.php?rest_route=%2Fwp%2Fv2%2Ftags&post=32111"}],"curies":[{"name":"wp","href":"https:\/\/api.w.org\/{rel}","templated":true}]}}