{"id":32006,"date":"2022-08-02T06:37:08","date_gmt":"2022-08-02T04:37:08","guid":{"rendered":"http:\/\/www.rwg-bayreuth.de\/home\/?p=32006"},"modified":"2022-12-09T21:16:39","modified_gmt":"2022-12-09T20:16:39","slug":"roemisches-leben-am-limes-zum-anfassen","status":"publish","type":"post","link":"https:\/\/www.rwg-bayreuth.de\/home\/?p=32006","title":{"rendered":"R\u00f6misches Leben am Limes \u201azum Anfassen\u2018"},"content":{"rendered":"<p><a href=\"https:\/\/www.rwg-bayreuth.de\/home\/wp-content\/uploads\/2022\/09\/21-22-Roemerfahrt-Gruppenbild-6c.jpg\"><img loading=\"lazy\" decoding=\"async\" src=\"https:\/\/www.rwg-bayreuth.de\/home\/wp-content\/uploads\/2022\/09\/21-22-Roemerfahrt-Gruppenbild-6c-450x253.jpg\" alt=\"\" width=\"450\" height=\"253\" class=\"aligncenter size-medium wp-image-32007\" srcset=\"https:\/\/www.rwg-bayreuth.de\/home\/wp-content\/uploads\/2022\/09\/21-22-Roemerfahrt-Gruppenbild-6c-450x253.jpg 450w, https:\/\/www.rwg-bayreuth.de\/home\/wp-content\/uploads\/2022\/09\/21-22-Roemerfahrt-Gruppenbild-6c-768x432.jpg 768w, https:\/\/www.rwg-bayreuth.de\/home\/wp-content\/uploads\/2022\/09\/21-22-Roemerfahrt-Gruppenbild-6c-250x141.jpg 250w, https:\/\/www.rwg-bayreuth.de\/home\/wp-content\/uploads\/2022\/09\/21-22-Roemerfahrt-Gruppenbild-6c.jpg 1024w, https:\/\/www.rwg-bayreuth.de\/home\/wp-content\/uploads\/2022\/09\/21-22-Roemerfahrt-Gruppenbild-6c-800x450.jpg 800w\" sizes=\"(max-width: 450px) 100vw, 450px\" \/><\/a><\/p>\n<p>Jeweils eine halbe Schulwoche lang durften unsere Sechstkl\u00e4ssler\/innen in der vorletzten Woche des Schuljahres alte Geschichte erleben, indem sie sich mit der Zeit der r\u00f6mischen Provinzverwaltung in und um Germanien befassten. Unter dem Titel \u201aR\u00f6mer \u2013 R\u00e4uber \u2013 Rabauken\u2018 waren dabei f\u00fcr alle Klassen insgesamt drei Tage geplant, bei denen allerhand geboten wurde \u2013 vom Filmmaterial, das teils auch in 3D-Animation zur Verf\u00fcgung stand, \u00fcber Bastelvorlagen, bei denen die Kinder sich selbstt\u00e4tig als \u201aBaumeister\u2018 bzw. \u201aSchuhmacher\u2018 versuchen konnten, bis hin zu Hintergrundinformationen (inkl. Kartenmaterial zur besseren Orientierung), welche gemeinsam per Arbeitsblatt im Projektunterricht erarbeitet wurden u.v.m.<br \/>\nDabei versteht es sich fast schon von selbst, dass nat\u00fcrlich auch Erkundungen \u201avor Ort\u2018 zu einem festen Bestandteil des Programms geh\u00f6rten! <\/p>\n<p><a href=\"https:\/\/www.rwg-bayreuth.de\/home\/wp-content\/uploads\/2022\/09\/21-22-Roemerfahrt-GruppenfotoRoemerturm.jpg\"><img loading=\"lazy\" decoding=\"async\" src=\"https:\/\/www.rwg-bayreuth.de\/home\/wp-content\/uploads\/2022\/09\/21-22-Roemerfahrt-GruppenfotoRoemerturm-450x253.jpg\" alt=\"\" width=\"450\" height=\"253\" class=\"aligncenter size-medium wp-image-32008\" srcset=\"https:\/\/www.rwg-bayreuth.de\/home\/wp-content\/uploads\/2022\/09\/21-22-Roemerfahrt-GruppenfotoRoemerturm-450x253.jpg 450w, https:\/\/www.rwg-bayreuth.de\/home\/wp-content\/uploads\/2022\/09\/21-22-Roemerfahrt-GruppenfotoRoemerturm-768x432.jpg 768w, https:\/\/www.rwg-bayreuth.de\/home\/wp-content\/uploads\/2022\/09\/21-22-Roemerfahrt-GruppenfotoRoemerturm-250x141.jpg 250w, https:\/\/www.rwg-bayreuth.de\/home\/wp-content\/uploads\/2022\/09\/21-22-Roemerfahrt-GruppenfotoRoemerturm.jpg 1024w, https:\/\/www.rwg-bayreuth.de\/home\/wp-content\/uploads\/2022\/09\/21-22-Roemerfahrt-GruppenfotoRoemerturm-800x450.jpg 800w\" sizes=\"(max-width: 450px) 100vw, 450px\" \/><\/a><\/p>\n<p>Nach einem allgemeinen Einf\u00fchrungsteil \u00fcber die Lokalisierung, die Funktion und den Aufbau des obergermanisch-r\u00e4tischen Grenzwalls inmitten der entlang von Rhein und Donau gelegenen St\u00e4dte war immer wieder auch das praktische Geschick unserer Sch\u00fcler\/innen gefragt. So sollte beispielsweise anhand einer Baselvorlage der typische Wachturm nachgebaut werden, was die Sechstkl\u00e4ssler\/innen mit Bravour meisterten. <\/p>\n<div class=\"su-image-carousel  su-image-carousel-columns-4 su-image-carousel-has-spacing su-image-carousel-crop su-image-carousel-crop-1-1 su-image-carousel-has-lightbox su-image-carousel-has-outline su-image-carousel-adaptive su-image-carousel-slides-style-minimal su-image-carousel-controls-style-light su-image-carousel-align-none\" style=\"\" data-flickity-options='{\"groupCells\":true,\"cellSelector\":\".su-image-carousel-item\",\"adaptiveHeight\":false,\"cellAlign\":\"left\",\"prevNextButtons\":true,\"pageDots\":false,\"autoPlay\":4000,\"imagesLoaded\":true,\"contain\":true,\"selectedAttraction\":0.025000000000000001,\"friction\":0.28000000000000003}' id=\"su_image_carousel_69f1ca4574ddf\"><div class=\"su-image-carousel-item\"><div class=\"su-image-carousel-item-content\"><a href=\"https:\/\/www.rwg-bayreuth.de\/home\/wp-content\/uploads\/2022\/09\/21-22-Roemerfahrt-roemischer-Wachturm1.jpg\" data-caption=\"\"><img loading=\"lazy\" decoding=\"async\" width=\"1024\" height=\"472\" src=\"https:\/\/www.rwg-bayreuth.de\/home\/wp-content\/uploads\/2022\/09\/21-22-Roemerfahrt-roemischer-Wachturm1.jpg\" class=\"\" alt=\"\" srcset=\"https:\/\/www.rwg-bayreuth.de\/home\/wp-content\/uploads\/2022\/09\/21-22-Roemerfahrt-roemischer-Wachturm1.jpg 1024w, https:\/\/www.rwg-bayreuth.de\/home\/wp-content\/uploads\/2022\/09\/21-22-Roemerfahrt-roemischer-Wachturm1-450x207.jpg 450w, https:\/\/www.rwg-bayreuth.de\/home\/wp-content\/uploads\/2022\/09\/21-22-Roemerfahrt-roemischer-Wachturm1-768x354.jpg 768w, https:\/\/www.rwg-bayreuth.de\/home\/wp-content\/uploads\/2022\/09\/21-22-Roemerfahrt-roemischer-Wachturm1-250x115.jpg 250w\" sizes=\"(max-width: 1024px) 100vw, 1024px\" \/><\/a><\/div><\/div><div class=\"su-image-carousel-item\"><div class=\"su-image-carousel-item-content\"><a href=\"https:\/\/www.rwg-bayreuth.de\/home\/wp-content\/uploads\/2022\/09\/21-22-Roemerfahrt-roemischer-Wachturm2.jpg\" data-caption=\"\"><img loading=\"lazy\" decoding=\"async\" width=\"1024\" height=\"768\" src=\"https:\/\/www.rwg-bayreuth.de\/home\/wp-content\/uploads\/2022\/09\/21-22-Roemerfahrt-roemischer-Wachturm2.jpg\" class=\"\" alt=\"\" srcset=\"https:\/\/www.rwg-bayreuth.de\/home\/wp-content\/uploads\/2022\/09\/21-22-Roemerfahrt-roemischer-Wachturm2.jpg 1024w, https:\/\/www.rwg-bayreuth.de\/home\/wp-content\/uploads\/2022\/09\/21-22-Roemerfahrt-roemischer-Wachturm2-450x338.jpg 450w, https:\/\/www.rwg-bayreuth.de\/home\/wp-content\/uploads\/2022\/09\/21-22-Roemerfahrt-roemischer-Wachturm2-768x576.jpg 768w, https:\/\/www.rwg-bayreuth.de\/home\/wp-content\/uploads\/2022\/09\/21-22-Roemerfahrt-roemischer-Wachturm2-250x188.jpg 250w\" sizes=\"(max-width: 1024px) 100vw, 1024px\" \/><\/a><\/div><\/div><div class=\"su-image-carousel-item\"><div class=\"su-image-carousel-item-content\"><a href=\"https:\/\/www.rwg-bayreuth.de\/home\/wp-content\/uploads\/2022\/09\/21-22-Roemerfahrt-roemischer-Wachturm3.jpg\" data-caption=\"\"><img loading=\"lazy\" decoding=\"async\" width=\"1024\" height=\"768\" src=\"https:\/\/www.rwg-bayreuth.de\/home\/wp-content\/uploads\/2022\/09\/21-22-Roemerfahrt-roemischer-Wachturm3.jpg\" class=\"\" alt=\"\" srcset=\"https:\/\/www.rwg-bayreuth.de\/home\/wp-content\/uploads\/2022\/09\/21-22-Roemerfahrt-roemischer-Wachturm3.jpg 1024w, https:\/\/www.rwg-bayreuth.de\/home\/wp-content\/uploads\/2022\/09\/21-22-Roemerfahrt-roemischer-Wachturm3-450x338.jpg 450w, https:\/\/www.rwg-bayreuth.de\/home\/wp-content\/uploads\/2022\/09\/21-22-Roemerfahrt-roemischer-Wachturm3-768x576.jpg 768w, https:\/\/www.rwg-bayreuth.de\/home\/wp-content\/uploads\/2022\/09\/21-22-Roemerfahrt-roemischer-Wachturm3-250x188.jpg 250w\" sizes=\"(max-width: 1024px) 100vw, 1024px\" \/><\/a><\/div><\/div><div class=\"su-image-carousel-item\"><div class=\"su-image-carousel-item-content\"><a href=\"https:\/\/www.rwg-bayreuth.de\/home\/wp-content\/uploads\/2022\/09\/21-22-Roemerfahrt-roemischer-Wachturm4.jpg\" data-caption=\"\"><img loading=\"lazy\" decoding=\"async\" width=\"768\" height=\"1024\" src=\"https:\/\/www.rwg-bayreuth.de\/home\/wp-content\/uploads\/2022\/09\/21-22-Roemerfahrt-roemischer-Wachturm4.jpg\" class=\"\" alt=\"\" srcset=\"https:\/\/www.rwg-bayreuth.de\/home\/wp-content\/uploads\/2022\/09\/21-22-Roemerfahrt-roemischer-Wachturm4.jpg 768w, https:\/\/www.rwg-bayreuth.de\/home\/wp-content\/uploads\/2022\/09\/21-22-Roemerfahrt-roemischer-Wachturm4-338x450.jpg 338w, https:\/\/www.rwg-bayreuth.de\/home\/wp-content\/uploads\/2022\/09\/21-22-Roemerfahrt-roemischer-Wachturm4-250x333.jpg 250w\" sizes=\"(max-width: 768px) 100vw, 768px\" \/><\/a><\/div><\/div><\/div><script id=\"su_image_carousel_69f1ca4574ddf_script\">if(window.SUImageCarousel){setTimeout(function() {window.SUImageCarousel.initGallery(document.getElementById(\"su_image_carousel_69f1ca4574ddf\"))}, 0);}var su_image_carousel_69f1ca4574ddf_script=document.getElementById(\"su_image_carousel_69f1ca4574ddf_script\");if(su_image_carousel_69f1ca4574ddf_script){su_image_carousel_69f1ca4574ddf_script.parentNode.removeChild(su_image_carousel_69f1ca4574ddf_script);}<\/script>\n<p>Wie beschwerlich das Leben eines am Limes stationierten Soldaten tats\u00e4chlich war, lie\u00df sich nicht nur am Gep\u00e4ck ermessen, das diese tagt\u00e4glich bei Fu\u00dfm\u00e4rschen mit sich herumtragen mussten; auch das Schuhwerk der damaligen Zeit war weitaus weniger bequem, als wir es heute gewohnt sind. Ungeachtet dieser Tatsache waren die Kinder mit sehr gro\u00dfem Eifer dabei, ihre eigenen R\u00f6mersandalen anhand von vorgefertigten Schnittmustern sowie bereitgelegten Lederstoffen und Jutekordel herzustellen. Und am Ende gab es sogar das eine oder andere \u201aSchaulaufen\u2018 in den Klassenzimmern\u2026 \ud83d\ude42<\/p>\n<div class=\"su-image-carousel  su-image-carousel-columns-4 su-image-carousel-has-spacing su-image-carousel-crop su-image-carousel-crop-1-1 su-image-carousel-has-lightbox su-image-carousel-has-outline su-image-carousel-adaptive su-image-carousel-slides-style-minimal su-image-carousel-controls-style-light su-image-carousel-align-none\" style=\"\" data-flickity-options='{\"groupCells\":true,\"cellSelector\":\".su-image-carousel-item\",\"adaptiveHeight\":false,\"cellAlign\":\"left\",\"prevNextButtons\":true,\"pageDots\":false,\"autoPlay\":4000,\"imagesLoaded\":true,\"contain\":true,\"selectedAttraction\":0.025000000000000001,\"friction\":0.28000000000000003}' id=\"su_image_carousel_69f1ca4575337\"><div class=\"su-image-carousel-item\"><div class=\"su-image-carousel-item-content\"><a href=\"https:\/\/www.rwg-bayreuth.de\/home\/wp-content\/uploads\/2022\/09\/21-22-Roemerfahrt-Roemersandale0.jpg\" data-caption=\"\"><img loading=\"lazy\" decoding=\"async\" width=\"1024\" height=\"768\" src=\"https:\/\/www.rwg-bayreuth.de\/home\/wp-content\/uploads\/2022\/09\/21-22-Roemerfahrt-Roemersandale0.jpg\" class=\"\" alt=\"\" srcset=\"https:\/\/www.rwg-bayreuth.de\/home\/wp-content\/uploads\/2022\/09\/21-22-Roemerfahrt-Roemersandale0.jpg 1024w, https:\/\/www.rwg-bayreuth.de\/home\/wp-content\/uploads\/2022\/09\/21-22-Roemerfahrt-Roemersandale0-450x338.jpg 450w, https:\/\/www.rwg-bayreuth.de\/home\/wp-content\/uploads\/2022\/09\/21-22-Roemerfahrt-Roemersandale0-768x576.jpg 768w, https:\/\/www.rwg-bayreuth.de\/home\/wp-content\/uploads\/2022\/09\/21-22-Roemerfahrt-Roemersandale0-250x188.jpg 250w\" sizes=\"(max-width: 1024px) 100vw, 1024px\" \/><\/a><\/div><\/div><div class=\"su-image-carousel-item\"><div class=\"su-image-carousel-item-content\"><a href=\"https:\/\/www.rwg-bayreuth.de\/home\/wp-content\/uploads\/2022\/09\/21-22-Roemerfahrt-Roemersandale1.jpg\" data-caption=\"\"><img loading=\"lazy\" decoding=\"async\" width=\"1024\" height=\"472\" src=\"https:\/\/www.rwg-bayreuth.de\/home\/wp-content\/uploads\/2022\/09\/21-22-Roemerfahrt-Roemersandale1.jpg\" class=\"\" alt=\"\" srcset=\"https:\/\/www.rwg-bayreuth.de\/home\/wp-content\/uploads\/2022\/09\/21-22-Roemerfahrt-Roemersandale1.jpg 1024w, https:\/\/www.rwg-bayreuth.de\/home\/wp-content\/uploads\/2022\/09\/21-22-Roemerfahrt-Roemersandale1-450x207.jpg 450w, https:\/\/www.rwg-bayreuth.de\/home\/wp-content\/uploads\/2022\/09\/21-22-Roemerfahrt-Roemersandale1-768x354.jpg 768w, https:\/\/www.rwg-bayreuth.de\/home\/wp-content\/uploads\/2022\/09\/21-22-Roemerfahrt-Roemersandale1-250x115.jpg 250w\" sizes=\"(max-width: 1024px) 100vw, 1024px\" \/><\/a><\/div><\/div><div class=\"su-image-carousel-item\"><div class=\"su-image-carousel-item-content\"><a href=\"https:\/\/www.rwg-bayreuth.de\/home\/wp-content\/uploads\/2022\/09\/21-22-Roemerfahrt-Roemersandale2.jpg\" data-caption=\"\"><img loading=\"lazy\" decoding=\"async\" width=\"1024\" height=\"768\" src=\"https:\/\/www.rwg-bayreuth.de\/home\/wp-content\/uploads\/2022\/09\/21-22-Roemerfahrt-Roemersandale2.jpg\" class=\"\" alt=\"\" srcset=\"https:\/\/www.rwg-bayreuth.de\/home\/wp-content\/uploads\/2022\/09\/21-22-Roemerfahrt-Roemersandale2.jpg 1024w, https:\/\/www.rwg-bayreuth.de\/home\/wp-content\/uploads\/2022\/09\/21-22-Roemerfahrt-Roemersandale2-450x338.jpg 450w, https:\/\/www.rwg-bayreuth.de\/home\/wp-content\/uploads\/2022\/09\/21-22-Roemerfahrt-Roemersandale2-768x576.jpg 768w, https:\/\/www.rwg-bayreuth.de\/home\/wp-content\/uploads\/2022\/09\/21-22-Roemerfahrt-Roemersandale2-250x188.jpg 250w\" sizes=\"(max-width: 1024px) 100vw, 1024px\" \/><\/a><\/div><\/div><div class=\"su-image-carousel-item\"><div class=\"su-image-carousel-item-content\"><a href=\"https:\/\/www.rwg-bayreuth.de\/home\/wp-content\/uploads\/2022\/09\/21-22-Roemerfahrt-Roemersandale3.jpg\" data-caption=\"\"><img loading=\"lazy\" decoding=\"async\" width=\"1024\" height=\"768\" src=\"https:\/\/www.rwg-bayreuth.de\/home\/wp-content\/uploads\/2022\/09\/21-22-Roemerfahrt-Roemersandale3.jpg\" class=\"\" alt=\"\" srcset=\"https:\/\/www.rwg-bayreuth.de\/home\/wp-content\/uploads\/2022\/09\/21-22-Roemerfahrt-Roemersandale3.jpg 1024w, https:\/\/www.rwg-bayreuth.de\/home\/wp-content\/uploads\/2022\/09\/21-22-Roemerfahrt-Roemersandale3-450x338.jpg 450w, https:\/\/www.rwg-bayreuth.de\/home\/wp-content\/uploads\/2022\/09\/21-22-Roemerfahrt-Roemersandale3-768x576.jpg 768w, https:\/\/www.rwg-bayreuth.de\/home\/wp-content\/uploads\/2022\/09\/21-22-Roemerfahrt-Roemersandale3-250x188.jpg 250w\" sizes=\"(max-width: 1024px) 100vw, 1024px\" \/><\/a><\/div><\/div><div class=\"su-image-carousel-item\"><div class=\"su-image-carousel-item-content\"><a href=\"https:\/\/www.rwg-bayreuth.de\/home\/wp-content\/uploads\/2022\/09\/21-22-Roemerfahrt-Roemersandale4.jpg\" data-caption=\"\"><img loading=\"lazy\" decoding=\"async\" width=\"1024\" height=\"768\" src=\"https:\/\/www.rwg-bayreuth.de\/home\/wp-content\/uploads\/2022\/09\/21-22-Roemerfahrt-Roemersandale4.jpg\" class=\"\" alt=\"\" srcset=\"https:\/\/www.rwg-bayreuth.de\/home\/wp-content\/uploads\/2022\/09\/21-22-Roemerfahrt-Roemersandale4.jpg 1024w, https:\/\/www.rwg-bayreuth.de\/home\/wp-content\/uploads\/2022\/09\/21-22-Roemerfahrt-Roemersandale4-450x338.jpg 450w, https:\/\/www.rwg-bayreuth.de\/home\/wp-content\/uploads\/2022\/09\/21-22-Roemerfahrt-Roemersandale4-768x576.jpg 768w, https:\/\/www.rwg-bayreuth.de\/home\/wp-content\/uploads\/2022\/09\/21-22-Roemerfahrt-Roemersandale4-250x188.jpg 250w\" sizes=\"(max-width: 1024px) 100vw, 1024px\" \/><\/a><\/div><\/div><div class=\"su-image-carousel-item\"><div class=\"su-image-carousel-item-content\"><a href=\"https:\/\/www.rwg-bayreuth.de\/home\/wp-content\/uploads\/2022\/09\/21-22-Roemerfahrt-Roemersandale5.jpg\" data-caption=\"\"><img loading=\"lazy\" decoding=\"async\" width=\"1024\" height=\"768\" src=\"https:\/\/www.rwg-bayreuth.de\/home\/wp-content\/uploads\/2022\/09\/21-22-Roemerfahrt-Roemersandale5.jpg\" class=\"\" alt=\"\" srcset=\"https:\/\/www.rwg-bayreuth.de\/home\/wp-content\/uploads\/2022\/09\/21-22-Roemerfahrt-Roemersandale5.jpg 1024w, https:\/\/www.rwg-bayreuth.de\/home\/wp-content\/uploads\/2022\/09\/21-22-Roemerfahrt-Roemersandale5-450x338.jpg 450w, https:\/\/www.rwg-bayreuth.de\/home\/wp-content\/uploads\/2022\/09\/21-22-Roemerfahrt-Roemersandale5-768x576.jpg 768w, https:\/\/www.rwg-bayreuth.de\/home\/wp-content\/uploads\/2022\/09\/21-22-Roemerfahrt-Roemersandale5-250x188.jpg 250w\" sizes=\"(max-width: 1024px) 100vw, 1024px\" \/><\/a><\/div><\/div><div class=\"su-image-carousel-item\"><div class=\"su-image-carousel-item-content\"><a href=\"https:\/\/www.rwg-bayreuth.de\/home\/wp-content\/uploads\/2022\/09\/21-22-Roemerfahrt-Roemersandale6.jpg\" data-caption=\"\"><img loading=\"lazy\" decoding=\"async\" width=\"1024\" height=\"768\" src=\"https:\/\/www.rwg-bayreuth.de\/home\/wp-content\/uploads\/2022\/09\/21-22-Roemerfahrt-Roemersandale6.jpg\" class=\"\" alt=\"\" srcset=\"https:\/\/www.rwg-bayreuth.de\/home\/wp-content\/uploads\/2022\/09\/21-22-Roemerfahrt-Roemersandale6.jpg 1024w, https:\/\/www.rwg-bayreuth.de\/home\/wp-content\/uploads\/2022\/09\/21-22-Roemerfahrt-Roemersandale6-450x338.jpg 450w, https:\/\/www.rwg-bayreuth.de\/home\/wp-content\/uploads\/2022\/09\/21-22-Roemerfahrt-Roemersandale6-768x576.jpg 768w, https:\/\/www.rwg-bayreuth.de\/home\/wp-content\/uploads\/2022\/09\/21-22-Roemerfahrt-Roemersandale6-250x188.jpg 250w\" sizes=\"(max-width: 1024px) 100vw, 1024px\" \/><\/a><\/div><\/div><\/div><script id=\"su_image_carousel_69f1ca4575337_script\">if(window.SUImageCarousel){setTimeout(function() {window.SUImageCarousel.initGallery(document.getElementById(\"su_image_carousel_69f1ca4575337\"))}, 0);}var su_image_carousel_69f1ca4575337_script=document.getElementById(\"su_image_carousel_69f1ca4575337_script\");if(su_image_carousel_69f1ca4575337_script){su_image_carousel_69f1ca4575337_script.parentNode.removeChild(su_image_carousel_69f1ca4575337_script);}<\/script>\n<p>Dass sich neben dem Alltagsleben auch der Glaube der am Limes stationierten R\u00f6mer von dem der Germanen unterschied, wussten die Sch\u00fcler\/innen teils schon aus dem Latein- und\/oder Geschichtsunterricht. Nicht jede\/r kannte jedoch bereits die mythologischen und sagenhaften Sch\u00e4tze zum Thema \u201aHelden, G\u00f6tter, Geister\u2018, die sich unweit der Schule im Neuen Schloss (und \u00fcbrigens auch im angrenzenden Hofgarten!) bestaunen lassen. So lieferte der kurze Spaziergang in Richtung Ludwigsstra\u00dfe eine tolle Bereicherung f\u00fcr die RWGler\/innen, die in einer kurzweiligen F\u00fchrung Raumdekoration, Malereien und Plastiken im Neuen Schloss fachkundig erkl\u00e4rt bekamen (und dabei auch ihr eigenes Wissen eindrucksvoll unter Beweis stellen konnten). <\/p>\n<p>Ein weiteres Highlight der Thementage stellte sicherlich f\u00fcr alle schlie\u00dflich die Fahrt ins Altm\u00fchltal dar, wo f\u00fcr die Klassen ein Besuch des R\u00f6mer-und Bajuwarenmuseums in Kipfenberg auf dem Programm stand. Die Erkundung der R\u00e4umlichkeiten des Museums, bei der die Kinder u.a. erfahren konnten, wie das Leben eines r\u00f6mischen Soldaten in unmittelbarer Nachbarschaft der als \u201abarbari\u2018 (Ausl\u00e4nder) bezeichneten Germanen aussah, stand erneut unter dem Motto \u201aGeschichte zum Anfassen\u2018. Verkn\u00fcpft war der Museumsbesuch au\u00dferdem mit einer kurzen Wanderung, welche die Gruppen zu den heute noch sichtbaren \u00dcberresten der damaligen Zeit f\u00fchrte: So sind \u00dcberreste des Palisadenzauns noch zu sehen; es ist zudem ein h\u00f6lzerner Wachturm wiederaufgebaut worden, auf dessen Balustrade (sofern sie denn zu begehen ist) sich weit in die umliegenden Ortschaften des Altm\u00fchltals blicken l\u00e4sst\u2026<\/p>\n<div class=\"su-image-carousel  su-image-carousel-columns-4 su-image-carousel-has-spacing su-image-carousel-crop su-image-carousel-crop-1-1 su-image-carousel-has-lightbox su-image-carousel-has-outline su-image-carousel-adaptive su-image-carousel-slides-style-minimal su-image-carousel-controls-style-light su-image-carousel-align-none\" style=\"\" data-flickity-options='{\"groupCells\":true,\"cellSelector\":\".su-image-carousel-item\",\"adaptiveHeight\":false,\"cellAlign\":\"left\",\"prevNextButtons\":true,\"pageDots\":false,\"autoPlay\":4000,\"imagesLoaded\":true,\"contain\":true,\"selectedAttraction\":0.025000000000000001,\"friction\":0.28000000000000003}' id=\"su_image_carousel_69f1ca45758d6\"><div class=\"su-image-carousel-item\"><div class=\"su-image-carousel-item-content\"><a href=\"https:\/\/www.rwg-bayreuth.de\/home\/wp-content\/uploads\/2022\/09\/21-22-Roemerfahrt-Museum1.jpg\" data-caption=\"\"><img loading=\"lazy\" decoding=\"async\" width=\"1024\" height=\"576\" src=\"https:\/\/www.rwg-bayreuth.de\/home\/wp-content\/uploads\/2022\/09\/21-22-Roemerfahrt-Museum1.jpg\" class=\"\" alt=\"\" srcset=\"https:\/\/www.rwg-bayreuth.de\/home\/wp-content\/uploads\/2022\/09\/21-22-Roemerfahrt-Museum1.jpg 1024w, https:\/\/www.rwg-bayreuth.de\/home\/wp-content\/uploads\/2022\/09\/21-22-Roemerfahrt-Museum1-450x253.jpg 450w, https:\/\/www.rwg-bayreuth.de\/home\/wp-content\/uploads\/2022\/09\/21-22-Roemerfahrt-Museum1-768x432.jpg 768w, https:\/\/www.rwg-bayreuth.de\/home\/wp-content\/uploads\/2022\/09\/21-22-Roemerfahrt-Museum1-250x141.jpg 250w, https:\/\/www.rwg-bayreuth.de\/home\/wp-content\/uploads\/2022\/09\/21-22-Roemerfahrt-Museum1-800x450.jpg 800w\" sizes=\"(max-width: 1024px) 100vw, 1024px\" \/><\/a><\/div><\/div><div class=\"su-image-carousel-item\"><div class=\"su-image-carousel-item-content\"><a href=\"https:\/\/www.rwg-bayreuth.de\/home\/wp-content\/uploads\/2022\/09\/21-22-Roemerfahrt-Museum2.jpg\" data-caption=\"\"><img loading=\"lazy\" decoding=\"async\" width=\"1024\" height=\"576\" src=\"https:\/\/www.rwg-bayreuth.de\/home\/wp-content\/uploads\/2022\/09\/21-22-Roemerfahrt-Museum2.jpg\" class=\"\" alt=\"\" srcset=\"https:\/\/www.rwg-bayreuth.de\/home\/wp-content\/uploads\/2022\/09\/21-22-Roemerfahrt-Museum2.jpg 1024w, https:\/\/www.rwg-bayreuth.de\/home\/wp-content\/uploads\/2022\/09\/21-22-Roemerfahrt-Museum2-450x253.jpg 450w, https:\/\/www.rwg-bayreuth.de\/home\/wp-content\/uploads\/2022\/09\/21-22-Roemerfahrt-Museum2-768x432.jpg 768w, https:\/\/www.rwg-bayreuth.de\/home\/wp-content\/uploads\/2022\/09\/21-22-Roemerfahrt-Museum2-250x141.jpg 250w, https:\/\/www.rwg-bayreuth.de\/home\/wp-content\/uploads\/2022\/09\/21-22-Roemerfahrt-Museum2-800x450.jpg 800w\" sizes=\"(max-width: 1024px) 100vw, 1024px\" \/><\/a><\/div><\/div><div class=\"su-image-carousel-item\"><div class=\"su-image-carousel-item-content\"><a href=\"https:\/\/www.rwg-bayreuth.de\/home\/wp-content\/uploads\/2022\/09\/21-22-Roemerfahrt-Museum3.jpg\" data-caption=\"\"><img loading=\"lazy\" decoding=\"async\" width=\"576\" height=\"1024\" src=\"https:\/\/www.rwg-bayreuth.de\/home\/wp-content\/uploads\/2022\/09\/21-22-Roemerfahrt-Museum3.jpg\" class=\"\" alt=\"\" srcset=\"https:\/\/www.rwg-bayreuth.de\/home\/wp-content\/uploads\/2022\/09\/21-22-Roemerfahrt-Museum3.jpg 576w, https:\/\/www.rwg-bayreuth.de\/home\/wp-content\/uploads\/2022\/09\/21-22-Roemerfahrt-Museum3-253x450.jpg 253w, https:\/\/www.rwg-bayreuth.de\/home\/wp-content\/uploads\/2022\/09\/21-22-Roemerfahrt-Museum3-250x444.jpg 250w\" sizes=\"(max-width: 576px) 100vw, 576px\" \/><\/a><\/div><\/div><div class=\"su-image-carousel-item\"><div class=\"su-image-carousel-item-content\"><a href=\"https:\/\/www.rwg-bayreuth.de\/home\/wp-content\/uploads\/2022\/09\/21-22-Roemerfahrt-Museum4.jpg\" data-caption=\"\"><img loading=\"lazy\" decoding=\"async\" width=\"576\" height=\"1024\" src=\"https:\/\/www.rwg-bayreuth.de\/home\/wp-content\/uploads\/2022\/09\/21-22-Roemerfahrt-Museum4.jpg\" class=\"\" alt=\"\" srcset=\"https:\/\/www.rwg-bayreuth.de\/home\/wp-content\/uploads\/2022\/09\/21-22-Roemerfahrt-Museum4.jpg 576w, https:\/\/www.rwg-bayreuth.de\/home\/wp-content\/uploads\/2022\/09\/21-22-Roemerfahrt-Museum4-253x450.jpg 253w, https:\/\/www.rwg-bayreuth.de\/home\/wp-content\/uploads\/2022\/09\/21-22-Roemerfahrt-Museum4-250x444.jpg 250w\" sizes=\"(max-width: 576px) 100vw, 576px\" \/><\/a><\/div><\/div><div class=\"su-image-carousel-item\"><div class=\"su-image-carousel-item-content\"><a href=\"https:\/\/www.rwg-bayreuth.de\/home\/wp-content\/uploads\/2022\/09\/21-22-Roemerfahrt-Museum5.jpg\" data-caption=\"\"><img loading=\"lazy\" decoding=\"async\" width=\"576\" height=\"1024\" src=\"https:\/\/www.rwg-bayreuth.de\/home\/wp-content\/uploads\/2022\/09\/21-22-Roemerfahrt-Museum5.jpg\" class=\"\" alt=\"\" srcset=\"https:\/\/www.rwg-bayreuth.de\/home\/wp-content\/uploads\/2022\/09\/21-22-Roemerfahrt-Museum5.jpg 576w, https:\/\/www.rwg-bayreuth.de\/home\/wp-content\/uploads\/2022\/09\/21-22-Roemerfahrt-Museum5-253x450.jpg 253w, https:\/\/www.rwg-bayreuth.de\/home\/wp-content\/uploads\/2022\/09\/21-22-Roemerfahrt-Museum5-250x444.jpg 250w\" sizes=\"(max-width: 576px) 100vw, 576px\" \/><\/a><\/div><\/div><div class=\"su-image-carousel-item\"><div class=\"su-image-carousel-item-content\"><a href=\"https:\/\/www.rwg-bayreuth.de\/home\/wp-content\/uploads\/2022\/09\/21-22-Roemerfahrt-Museum6.jpg\" data-caption=\"\"><img loading=\"lazy\" decoding=\"async\" width=\"576\" height=\"1024\" src=\"https:\/\/www.rwg-bayreuth.de\/home\/wp-content\/uploads\/2022\/09\/21-22-Roemerfahrt-Museum6.jpg\" class=\"\" alt=\"\" srcset=\"https:\/\/www.rwg-bayreuth.de\/home\/wp-content\/uploads\/2022\/09\/21-22-Roemerfahrt-Museum6.jpg 576w, https:\/\/www.rwg-bayreuth.de\/home\/wp-content\/uploads\/2022\/09\/21-22-Roemerfahrt-Museum6-253x450.jpg 253w, https:\/\/www.rwg-bayreuth.de\/home\/wp-content\/uploads\/2022\/09\/21-22-Roemerfahrt-Museum6-250x444.jpg 250w\" sizes=\"(max-width: 576px) 100vw, 576px\" \/><\/a><\/div><\/div><div class=\"su-image-carousel-item\"><div class=\"su-image-carousel-item-content\"><a href=\"https:\/\/www.rwg-bayreuth.de\/home\/wp-content\/uploads\/2022\/09\/21-22-Roemerfahrt-Museum7.jpg\" data-caption=\"\"><img loading=\"lazy\" decoding=\"async\" width=\"1024\" height=\"576\" src=\"https:\/\/www.rwg-bayreuth.de\/home\/wp-content\/uploads\/2022\/09\/21-22-Roemerfahrt-Museum7.jpg\" class=\"\" alt=\"\" srcset=\"https:\/\/www.rwg-bayreuth.de\/home\/wp-content\/uploads\/2022\/09\/21-22-Roemerfahrt-Museum7.jpg 1024w, https:\/\/www.rwg-bayreuth.de\/home\/wp-content\/uploads\/2022\/09\/21-22-Roemerfahrt-Museum7-450x253.jpg 450w, https:\/\/www.rwg-bayreuth.de\/home\/wp-content\/uploads\/2022\/09\/21-22-Roemerfahrt-Museum7-768x432.jpg 768w, https:\/\/www.rwg-bayreuth.de\/home\/wp-content\/uploads\/2022\/09\/21-22-Roemerfahrt-Museum7-250x141.jpg 250w, https:\/\/www.rwg-bayreuth.de\/home\/wp-content\/uploads\/2022\/09\/21-22-Roemerfahrt-Museum7-800x450.jpg 800w\" sizes=\"(max-width: 1024px) 100vw, 1024px\" \/><\/a><\/div><\/div><div class=\"su-image-carousel-item\"><div class=\"su-image-carousel-item-content\"><a href=\"https:\/\/www.rwg-bayreuth.de\/home\/wp-content\/uploads\/2022\/09\/21-22-Roemerfahrt-Museum8.jpg\" data-caption=\"\"><img loading=\"lazy\" decoding=\"async\" width=\"576\" height=\"1024\" src=\"https:\/\/www.rwg-bayreuth.de\/home\/wp-content\/uploads\/2022\/09\/21-22-Roemerfahrt-Museum8.jpg\" class=\"\" alt=\"\" srcset=\"https:\/\/www.rwg-bayreuth.de\/home\/wp-content\/uploads\/2022\/09\/21-22-Roemerfahrt-Museum8.jpg 576w, https:\/\/www.rwg-bayreuth.de\/home\/wp-content\/uploads\/2022\/09\/21-22-Roemerfahrt-Museum8-253x450.jpg 253w, https:\/\/www.rwg-bayreuth.de\/home\/wp-content\/uploads\/2022\/09\/21-22-Roemerfahrt-Museum8-250x444.jpg 250w\" sizes=\"(max-width: 576px) 100vw, 576px\" \/><\/a><\/div><\/div><\/div><script id=\"su_image_carousel_69f1ca45758d6_script\">if(window.SUImageCarousel){setTimeout(function() {window.SUImageCarousel.initGallery(document.getElementById(\"su_image_carousel_69f1ca45758d6\"))}, 0);}var su_image_carousel_69f1ca45758d6_script=document.getElementById(\"su_image_carousel_69f1ca45758d6_script\");if(su_image_carousel_69f1ca45758d6_script){su_image_carousel_69f1ca45758d6_script.parentNode.removeChild(su_image_carousel_69f1ca45758d6_script);}<\/script>\n<p>Am Ende der ereignisreichen Woche hatten die Sechstkl\u00e4ssler\/innen somit bestimmt einige anschaulichen Eindr\u00fccke \u00fcber das Leben eines \u201aechten R\u00f6mers\u2018 zur damaligen Zeit gewonnen und konnten nat\u00fcrlich auch das eine oder andere Mitbringsel bzw. Material mit nachhause nehmen.<\/p>\n<p>Vielen Dank auch an alle Kolleg(inn)en f\u00fcr ihre tatkr\u00e4ftige Unterst\u00fctzung \u2013 somit konnten die Thementage f\u00fcr unsere Sch\u00fcler\/innen sicherlich zu einem sch\u00f6nen Erlebnis werden, das auch in diesem Schuljahr wieder in den aktuellen 6. Klassen geplant ist.<\/p>\n<p><em>S. Track <\/em><\/p>\n","protected":false},"excerpt":{"rendered":"<p>Jeweils eine halbe Schulwoche lang durften unsere Sechstkl\u00e4ssler\/innen in der vorletzten Woche des Schuljahres alte Geschichte erleben, indem sie sich mit der Zeit der r\u00f6mischen Provinzverwaltung in und um Germanien befassten. Unter dem Titel \u201aR\u00f6mer \u2013 R\u00e4uber \u2013 Rabauken\u2018 waren dabei f\u00fcr alle Klassen insgesamt drei Tage geplant, bei denen allerhand geboten wurde \u2013 vom&hellip;<\/p>\n","protected":false},"author":11,"featured_media":32029,"comment_status":"closed","ping_status":"closed","sticky":false,"template":"","format":"standard","meta":{"footnotes":""},"categories":[1],"tags":[126,51,121],"_links":{"self":[{"href":"https:\/\/www.rwg-bayreuth.de\/home\/index.php?rest_route=\/wp\/v2\/posts\/32006"}],"collection":[{"href":"https:\/\/www.rwg-bayreuth.de\/home\/index.php?rest_route=\/wp\/v2\/posts"}],"about":[{"href":"https:\/\/www.rwg-bayreuth.de\/home\/index.php?rest_route=\/wp\/v2\/types\/post"}],"author":[{"embeddable":true,"href":"https:\/\/www.rwg-bayreuth.de\/home\/index.php?rest_route=\/wp\/v2\/users\/11"}],"replies":[{"embeddable":true,"href":"https:\/\/www.rwg-bayreuth.de\/home\/index.php?rest_route=%2Fwp%2Fv2%2Fcomments&post=32006"}],"version-history":[{"count":3,"href":"https:\/\/www.rwg-bayreuth.de\/home\/index.php?rest_route=\/wp\/v2\/posts\/32006\/revisions"}],"predecessor-version":[{"id":32827,"href":"https:\/\/www.rwg-bayreuth.de\/home\/index.php?rest_route=\/wp\/v2\/posts\/32006\/revisions\/32827"}],"wp:featuredmedia":[{"embeddable":true,"href":"https:\/\/www.rwg-bayreuth.de\/home\/index.php?rest_route=\/wp\/v2\/media\/32029"}],"wp:attachment":[{"href":"https:\/\/www.rwg-bayreuth.de\/home\/index.php?rest_route=%2Fwp%2Fv2%2Fmedia&parent=32006"}],"wp:term":[{"taxonomy":"category","embeddable":true,"href":"https:\/\/www.rwg-bayreuth.de\/home\/index.php?rest_route=%2Fwp%2Fv2%2Fcategories&post=32006"},{"taxonomy":"post_tag","embeddable":true,"href":"https:\/\/www.rwg-bayreuth.de\/home\/index.php?rest_route=%2Fwp%2Fv2%2Ftags&post=32006"}],"curies":[{"name":"wp","href":"https:\/\/api.w.org\/{rel}","templated":true}]}}