{"id":32000,"date":"2022-09-26T06:15:20","date_gmt":"2022-09-26T04:15:20","guid":{"rendered":"http:\/\/www.rwg-bayreuth.de\/home\/?p=32000"},"modified":"2022-12-31T17:58:39","modified_gmt":"2022-12-31T16:58:39","slug":"das-cafe-%cf%80-oeffnet-wieder","status":"publish","type":"post","link":"https:\/\/www.rwg-bayreuth.de\/home\/?p=32000","title":{"rendered":"Das Caf\u00e9 \u03c0 \u00f6ffnet wieder!"},"content":{"rendered":"<p><img loading=\"lazy\" decoding=\"async\" src=\"https:\/\/www.rwg-bayreuth.de\/home\/wp-content\/uploads\/2022\/05\/Cafe-Pi-Team2022.jpg\" alt=\"\" width=\"1024\" height=\"683\" class=\"alignnone size-full wp-image-31143\" srcset=\"https:\/\/www.rwg-bayreuth.de\/home\/wp-content\/uploads\/2022\/05\/Cafe-Pi-Team2022.jpg 1024w, https:\/\/www.rwg-bayreuth.de\/home\/wp-content\/uploads\/2022\/05\/Cafe-Pi-Team2022-450x300.jpg 450w, https:\/\/www.rwg-bayreuth.de\/home\/wp-content\/uploads\/2022\/05\/Cafe-Pi-Team2022-768x512.jpg 768w, https:\/\/www.rwg-bayreuth.de\/home\/wp-content\/uploads\/2022\/05\/Cafe-Pi-Team2022-250x167.jpg 250w, https:\/\/www.rwg-bayreuth.de\/home\/wp-content\/uploads\/2022\/05\/Cafe-Pi-Team2022-900x600.jpg 900w, https:\/\/www.rwg-bayreuth.de\/home\/wp-content\/uploads\/2022\/05\/Cafe-Pi-Team2022-600x400.jpg 600w\" sizes=\"(max-width: 1024px) 100vw, 1024px\" \/><\/p>\n<p>Schon seit einigen Jahren bieten Sch\u00fclerinnen und Sch\u00fcler der 11. bzw. 12. Jahrgangsstufe im Rahmen des P-Seminars \u201eCaf\u00e9 \u03c0\u201c die M\u00f6glichkeit an, andere Sch\u00fcler\/innen mit Schwierigkeiten im Fach Mathematik zu unterst\u00fctzen. Auch dieses Jahr lassen wir uns das nat\u00fcrlich nicht nehmen! <\/p>\n<p>Am <strong>26.09.22<\/strong> \u00f6ffnet unser Caf\u00e9 \u03c0 endlich wieder!<\/p>\n<p>Bevor wir auf Genaueres eingehen, erst ein paar grundlegende Infos \u00fcber das Caf\u00e9 und uns selbst. Unser Team besteht aus 14 aufgeschlossenen Sch\u00fcler\/innen der Q12 und unserer Leiterin Frau Wei\u00df. Unser Ziel ist es, Sch\u00fclerinnen und Sch\u00fclern der 5., 6.  und 7. Klassen den Stoff im Fach Mathematik n\u00e4herzubringen. Dabei helfen wir ihnen bei Hausaufgaben, beim Lernen und \u00dcben f\u00fcr Schulaufgaben, aber nat\u00fcrlich auch bei sonstigen Schwierigkeiten. Zudem ist reichlich f\u00fcr Essen und Trinken gesorgt, sodass sich die Kinder jederzeit Getr\u00e4nke und kleine Snacks (sogar frisches Popcorn!) zu g\u00fcnstigen Preisen kaufen k\u00f6nnen. Durch die lockere Atmosph\u00e4re bei der Unterst\u00fctzung im Fach Mathe, hoffen wir, dass sich die Kinder bei uns wohlf\u00fchlen und gerne wieder kommen (und evtl. auch ein wenig Spa\u00df an Mathe finden \ud83d\ude0a).<\/p>\n<h6>Zu den folgenden Zeiten hat das Caf\u00e9 \u03c0 ge\u00f6ffnet: <\/h6>\n<p>Montag: 12.45 &#8211; 13.30 Uhr<br \/>\nDienstag: 13.30 &#8211; 14.15 Uhr<br \/>\nMittwoch: 12.45 \u2013 13.30 Uhr<br \/>\nDonnerstag: 12.45 &#8211; 13.30 Uhr     <\/p>\n<p>Zu diesen Zeiten befinden sich jeweils zwei bis drei Sch\u00fcler\/innen unseres Teams im Caf\u00e9 (<strong>Raum 218<\/strong>) und betreuen dort die Kinder.<br \/>\nAu\u00dferdem ist <strong>keine Anmeldung n\u00f6tig<\/strong>, sodass die Sch\u00fcler\/innen auch jederzeit spontan vorbeikommen k\u00f6nnen und keine dauerhafte Verpflichtung haben.<\/p>\n<p>Wir freuen uns auf Euch und einen erfolgreichen Caf\u00e9-Betrieb!<\/p>\n<p>Liebe Gr\u00fc\u00dfe,<br \/>\nEuer Caf\u00e9 \u03c0 Team<\/p>\n","protected":false},"excerpt":{"rendered":"<p>Schon seit einigen Jahren bieten Sch\u00fclerinnen und Sch\u00fcler der 11. bzw. 12. Jahrgangsstufe im Rahmen des P-Seminars \u201eCaf\u00e9 \u03c0\u201c die M\u00f6glichkeit an, andere Sch\u00fcler\/innen mit Schwierigkeiten im Fach Mathematik zu unterst\u00fctzen. Auch dieses Jahr lassen wir uns das nat\u00fcrlich nicht nehmen! Am 26.09.22 \u00f6ffnet unser Caf\u00e9 \u03c0 endlich wieder! Bevor wir auf Genaueres eingehen, erst&hellip;<\/p>\n","protected":false},"author":11,"featured_media":31143,"comment_status":"closed","ping_status":"closed","sticky":false,"template":"","format":"standard","meta":{"footnotes":""},"categories":[1],"tags":[99,51,70,96,64],"_links":{"self":[{"href":"https:\/\/www.rwg-bayreuth.de\/home\/index.php?rest_route=\/wp\/v2\/posts\/32000"}],"collection":[{"href":"https:\/\/www.rwg-bayreuth.de\/home\/index.php?rest_route=\/wp\/v2\/posts"}],"about":[{"href":"https:\/\/www.rwg-bayreuth.de\/home\/index.php?rest_route=\/wp\/v2\/types\/post"}],"author":[{"embeddable":true,"href":"https:\/\/www.rwg-bayreuth.de\/home\/index.php?rest_route=\/wp\/v2\/users\/11"}],"replies":[{"embeddable":true,"href":"https:\/\/www.rwg-bayreuth.de\/home\/index.php?rest_route=%2Fwp%2Fv2%2Fcomments&post=32000"}],"version-history":[{"count":4,"href":"https:\/\/www.rwg-bayreuth.de\/home\/index.php?rest_route=\/wp\/v2\/posts\/32000\/revisions"}],"predecessor-version":[{"id":32004,"href":"https:\/\/www.rwg-bayreuth.de\/home\/index.php?rest_route=\/wp\/v2\/posts\/32000\/revisions\/32004"}],"wp:featuredmedia":[{"embeddable":true,"href":"https:\/\/www.rwg-bayreuth.de\/home\/index.php?rest_route=\/wp\/v2\/media\/31143"}],"wp:attachment":[{"href":"https:\/\/www.rwg-bayreuth.de\/home\/index.php?rest_route=%2Fwp%2Fv2%2Fmedia&parent=32000"}],"wp:term":[{"taxonomy":"category","embeddable":true,"href":"https:\/\/www.rwg-bayreuth.de\/home\/index.php?rest_route=%2Fwp%2Fv2%2Fcategories&post=32000"},{"taxonomy":"post_tag","embeddable":true,"href":"https:\/\/www.rwg-bayreuth.de\/home\/index.php?rest_route=%2Fwp%2Fv2%2Ftags&post=32000"}],"curies":[{"name":"wp","href":"https:\/\/api.w.org\/{rel}","templated":true}]}}