{"id":31690,"date":"2021-07-14T06:42:37","date_gmt":"2021-07-14T04:42:37","guid":{"rendered":"http:\/\/www.rwg-bayreuth.de\/home\/?p=31690"},"modified":"2022-10-12T15:41:58","modified_gmt":"2022-10-12T13:41:58","slug":"eine-zauberhafte-reise-durch-die-verschiedenen-regionen-italiens","status":"publish","type":"post","link":"https:\/\/www.rwg-bayreuth.de\/home\/?p=31690","title":{"rendered":"Eine zauberhafte Reise durch die verschiedenen Regionen Italiens"},"content":{"rendered":"<p><a href=\"https:\/\/www.rwg-bayreuth.de\/home\/wp-content\/uploads\/2022\/07\/21-22-ItalienischerLiederabend-Begruessung.jpg\"><img loading=\"lazy\" decoding=\"async\" src=\"https:\/\/www.rwg-bayreuth.de\/home\/wp-content\/uploads\/2022\/07\/21-22-ItalienischerLiederabend-Begruessung-450x338.jpg\" alt=\"\" width=\"450\" height=\"338\" class=\"aligncenter size-medium wp-image-31691\" srcset=\"https:\/\/www.rwg-bayreuth.de\/home\/wp-content\/uploads\/2022\/07\/21-22-ItalienischerLiederabend-Begruessung-450x338.jpg 450w, https:\/\/www.rwg-bayreuth.de\/home\/wp-content\/uploads\/2022\/07\/21-22-ItalienischerLiederabend-Begruessung-768x576.jpg 768w, https:\/\/www.rwg-bayreuth.de\/home\/wp-content\/uploads\/2022\/07\/21-22-ItalienischerLiederabend-Begruessung-250x188.jpg 250w, https:\/\/www.rwg-bayreuth.de\/home\/wp-content\/uploads\/2022\/07\/21-22-ItalienischerLiederabend-Begruessung.jpg 1024w\" sizes=\"(max-width: 450px) 100vw, 450px\" \/><\/a><\/p>\n<p>Am 10. Juli 2021 fand ein italienischer Abend des P- Seminars Italienisch unter Leitung von StDin Katrin Klamt und FL Annegret Hupe zum Thema \u201eItalia culinaria e culturale &#8211; un viaggio per le diverse regioni d`Italia\u201c statt. Corona bedingt konnte leider nicht, wie urspr\u00fcnglich geplant, ein italienisches Men\u00fc gekocht und verzehrt werden. Stattdessen hatten sich die Sch\u00fcler der Oberstufe unter tatkr\u00e4ftiger Hilfe von unserer Hauswirtschaftsfee Anne Hupe ins Zeug gelegt, verschiedene italienische K\u00f6stlichkeiten haltbar zu machen und in selbstgen\u00e4hten Filzk\u00f6rbchen zum Verkauf darzubieten.<\/p>\n<div class=\"su-image-carousel  su-image-carousel-columns-2 su-image-carousel-has-spacing su-image-carousel-crop su-image-carousel-crop-4-3 su-image-carousel-has-lightbox su-image-carousel-has-outline su-image-carousel-adaptive su-image-carousel-slides-style-minimal su-image-carousel-controls-style-light su-image-carousel-align-center\" style=\"max-width:900px\" data-flickity-options='{\"groupCells\":true,\"cellSelector\":\".su-image-carousel-item\",\"adaptiveHeight\":false,\"cellAlign\":\"left\",\"prevNextButtons\":true,\"pageDots\":false,\"autoPlay\":4000,\"imagesLoaded\":true,\"contain\":true,\"selectedAttraction\":0.025000000000000001,\"friction\":0.28000000000000003}' id=\"su_image_carousel_69f1a1d5a9812\"><div class=\"su-image-carousel-item\"><div class=\"su-image-carousel-item-content\"><a href=\"https:\/\/www.rwg-bayreuth.de\/home\/wp-content\/uploads\/2022\/07\/21-22-ItalienischerLiederabend-Buffet_1.jpg\" data-caption=\"\"><img loading=\"lazy\" decoding=\"async\" width=\"1024\" height=\"768\" src=\"https:\/\/www.rwg-bayreuth.de\/home\/wp-content\/uploads\/2022\/07\/21-22-ItalienischerLiederabend-Buffet_1.jpg\" class=\"\" alt=\"\" srcset=\"https:\/\/www.rwg-bayreuth.de\/home\/wp-content\/uploads\/2022\/07\/21-22-ItalienischerLiederabend-Buffet_1.jpg 1024w, https:\/\/www.rwg-bayreuth.de\/home\/wp-content\/uploads\/2022\/07\/21-22-ItalienischerLiederabend-Buffet_1-450x338.jpg 450w, https:\/\/www.rwg-bayreuth.de\/home\/wp-content\/uploads\/2022\/07\/21-22-ItalienischerLiederabend-Buffet_1-768x576.jpg 768w, https:\/\/www.rwg-bayreuth.de\/home\/wp-content\/uploads\/2022\/07\/21-22-ItalienischerLiederabend-Buffet_1-250x188.jpg 250w\" sizes=\"(max-width: 1024px) 100vw, 1024px\" \/><\/a><\/div><\/div><div class=\"su-image-carousel-item\"><div class=\"su-image-carousel-item-content\"><a href=\"https:\/\/www.rwg-bayreuth.de\/home\/wp-content\/uploads\/2022\/07\/21-22-ItalienischerLiederabend-Buffet_2.jpg\" data-caption=\"\"><img loading=\"lazy\" decoding=\"async\" width=\"1024\" height=\"768\" src=\"https:\/\/www.rwg-bayreuth.de\/home\/wp-content\/uploads\/2022\/07\/21-22-ItalienischerLiederabend-Buffet_2.jpg\" class=\"\" alt=\"\" srcset=\"https:\/\/www.rwg-bayreuth.de\/home\/wp-content\/uploads\/2022\/07\/21-22-ItalienischerLiederabend-Buffet_2.jpg 1024w, https:\/\/www.rwg-bayreuth.de\/home\/wp-content\/uploads\/2022\/07\/21-22-ItalienischerLiederabend-Buffet_2-450x338.jpg 450w, https:\/\/www.rwg-bayreuth.de\/home\/wp-content\/uploads\/2022\/07\/21-22-ItalienischerLiederabend-Buffet_2-768x576.jpg 768w, https:\/\/www.rwg-bayreuth.de\/home\/wp-content\/uploads\/2022\/07\/21-22-ItalienischerLiederabend-Buffet_2-250x188.jpg 250w\" sizes=\"(max-width: 1024px) 100vw, 1024px\" \/><\/a><\/div><\/div><\/div><script id=\"su_image_carousel_69f1a1d5a9812_script\">if(window.SUImageCarousel){setTimeout(function() {window.SUImageCarousel.initGallery(document.getElementById(\"su_image_carousel_69f1a1d5a9812\"))}, 0);}var su_image_carousel_69f1a1d5a9812_script=document.getElementById(\"su_image_carousel_69f1a1d5a9812_script\");if(su_image_carousel_69f1a1d5a9812_script){su_image_carousel_69f1a1d5a9812_script.parentNode.removeChild(su_image_carousel_69f1a1d5a9812_script);}<\/script>\n<p>Hierbei reichte das tolle Angebot von selbstgebackenen Cantuccini und Amarettini, zu hausgemachten Marmeladen, Kirschen in Rotwein, Birnen in Wei\u00dfwein, Tomatensaucen und mehr. <\/p>\n<p>Dann nahm das P-Seminar ihre G\u00e4ste mit auf eine virtuelle Reise durch ausgew\u00e4hlte Regionen Italiens. Selbstverst\u00e4ndlich durfte das Portr\u00e4t unserer Austauschregion Ligurien mit dem kulinarischen highlight wie dem Pesto ligure nicht fehlen, aber ebenso warfen die Sch\u00fcler einen Blick auf die Emilia Romagna, die Landeshauptstadt Rom im Latium und zahlreichen anderen Regionen, z.B. auch des S\u00fcdens des Stiefels wie Sizilien und Kampanien.<\/p>\n<div class=\"su-image-carousel  su-image-carousel-columns-2 su-image-carousel-has-spacing su-image-carousel-crop su-image-carousel-crop-3-4 su-image-carousel-has-lightbox su-image-carousel-has-outline su-image-carousel-adaptive su-image-carousel-slides-style-minimal su-image-carousel-controls-style-light su-image-carousel-align-center\" style=\"max-width:600px\" data-flickity-options='{\"groupCells\":true,\"cellSelector\":\".su-image-carousel-item\",\"adaptiveHeight\":false,\"cellAlign\":\"left\",\"prevNextButtons\":true,\"pageDots\":false,\"autoPlay\":4000,\"imagesLoaded\":true,\"contain\":true,\"selectedAttraction\":0.025000000000000001,\"friction\":0.28000000000000003}' id=\"su_image_carousel_69f1a1d5a9aac\"><div class=\"su-image-carousel-item\"><div class=\"su-image-carousel-item-content\"><a href=\"https:\/\/www.rwg-bayreuth.de\/home\/wp-content\/uploads\/2022\/07\/21-22-ItalienischerLiederabend-Mortadella.jpg\" data-caption=\"\"><img loading=\"lazy\" decoding=\"async\" width=\"768\" height=\"1024\" src=\"https:\/\/www.rwg-bayreuth.de\/home\/wp-content\/uploads\/2022\/07\/21-22-ItalienischerLiederabend-Mortadella.jpg\" class=\"\" alt=\"\" srcset=\"https:\/\/www.rwg-bayreuth.de\/home\/wp-content\/uploads\/2022\/07\/21-22-ItalienischerLiederabend-Mortadella.jpg 768w, https:\/\/www.rwg-bayreuth.de\/home\/wp-content\/uploads\/2022\/07\/21-22-ItalienischerLiederabend-Mortadella-338x450.jpg 338w, https:\/\/www.rwg-bayreuth.de\/home\/wp-content\/uploads\/2022\/07\/21-22-ItalienischerLiederabend-Mortadella-250x333.jpg 250w\" sizes=\"(max-width: 768px) 100vw, 768px\" \/><\/a><\/div><\/div><div class=\"su-image-carousel-item\"><div class=\"su-image-carousel-item-content\"><a href=\"https:\/\/www.rwg-bayreuth.de\/home\/wp-content\/uploads\/2022\/07\/21-22-ItalienischerLiederabend-Verdi.jpg\" data-caption=\"\"><img loading=\"lazy\" decoding=\"async\" width=\"768\" height=\"1024\" src=\"https:\/\/www.rwg-bayreuth.de\/home\/wp-content\/uploads\/2022\/07\/21-22-ItalienischerLiederabend-Verdi.jpg\" class=\"\" alt=\"\" srcset=\"https:\/\/www.rwg-bayreuth.de\/home\/wp-content\/uploads\/2022\/07\/21-22-ItalienischerLiederabend-Verdi.jpg 768w, https:\/\/www.rwg-bayreuth.de\/home\/wp-content\/uploads\/2022\/07\/21-22-ItalienischerLiederabend-Verdi-338x450.jpg 338w, https:\/\/www.rwg-bayreuth.de\/home\/wp-content\/uploads\/2022\/07\/21-22-ItalienischerLiederabend-Verdi-250x333.jpg 250w\" sizes=\"(max-width: 768px) 100vw, 768px\" \/><\/a><\/div><\/div><\/div><script id=\"su_image_carousel_69f1a1d5a9aac_script\">if(window.SUImageCarousel){setTimeout(function() {window.SUImageCarousel.initGallery(document.getElementById(\"su_image_carousel_69f1a1d5a9aac\"))}, 0);}var su_image_carousel_69f1a1d5a9aac_script=document.getElementById(\"su_image_carousel_69f1a1d5a9aac_script\");if(su_image_carousel_69f1a1d5a9aac_script){su_image_carousel_69f1a1d5a9aac_script.parentNode.removeChild(su_image_carousel_69f1a1d5a9aac_script);}<\/script>\n<p>Dabei blieb es nicht nur bei dem Augenschmaus. Auch f\u00fcr eine passende musikalische Umrahmung des Abends war gesorgt: ein musikalisches Duo bestehend aus der italienischen S\u00e4ngerin Stefania Bille, einer ehemaligen Referendarin des RWG, und dem Gitarristen Fabricio Cavalcante bot traditionelle und moderne &#8211;  f\u00fcr die jeweilige Region typische &#8211; Lieder zum Besten (wie la biondina in gondoleta, il pescatore, il ragazzo della via Gluck und viele mehr), so dass sp\u00e4testens hier der gesamte Saal in Italienstimmung kam.<\/p>\n<p><a href=\"https:\/\/www.rwg-bayreuth.de\/home\/wp-content\/uploads\/2022\/07\/21-22-ItalienischerLiederabend-Duo.jpg\"><img loading=\"lazy\" decoding=\"async\" src=\"https:\/\/www.rwg-bayreuth.de\/home\/wp-content\/uploads\/2022\/07\/21-22-ItalienischerLiederabend-Duo-450x338.jpg\" alt=\"\" width=\"450\" height=\"338\" class=\"aligncenter size-medium wp-image-31696\" srcset=\"https:\/\/www.rwg-bayreuth.de\/home\/wp-content\/uploads\/2022\/07\/21-22-ItalienischerLiederabend-Duo-450x338.jpg 450w, https:\/\/www.rwg-bayreuth.de\/home\/wp-content\/uploads\/2022\/07\/21-22-ItalienischerLiederabend-Duo-768x576.jpg 768w, https:\/\/www.rwg-bayreuth.de\/home\/wp-content\/uploads\/2022\/07\/21-22-ItalienischerLiederabend-Duo-250x188.jpg 250w, https:\/\/www.rwg-bayreuth.de\/home\/wp-content\/uploads\/2022\/07\/21-22-ItalienischerLiederabend-Duo.jpg 800w\" sizes=\"(max-width: 450px) 100vw, 450px\" \/><\/a><\/p>\n<h6>H\u00f6rbeispiel &#8222;il ragazzo della via Gluck&#8220;<\/h6>\n<div class=\"su-audio ohne\" data-id=\"su_audio_player_69f1a1d5a9ac4\" data-audio=\"https:\/\/www.rwg-bayreuth.de\/home\/wp-content\/uploads\/2022\/08\/AUDIO-2021-07-11-17-23-03.m4a\" data-swf=\"https:\/\/www.rwg-bayreuth.de\/home\/wp-content\/plugins\/shortcodes-ultimate-pro\/vendor\/jplayer\/jplayer.swf\" data-autoplay=\"no\" data-loop=\"no\" style=\"max-width:100%\"><div id=\"su_audio_player_69f1a1d5a9ac4\" class=\"jp-jplayer\"><\/div><div id=\"su_audio_player_69f1a1d5a9ac4_container\" class=\"jp-audio\"><div class=\"jp-type-single\"><div class=\"jp-gui jp-interface\"><div class=\"jp-controls\"><span class=\"jp-play\"><\/span><span class=\"jp-pause\"><\/span><span class=\"jp-stop\"><\/span><span class=\"jp-mute\"><\/span><span class=\"jp-unmute\"><\/span><span class=\"jp-volume-max\"><\/span><\/div><div class=\"jp-progress\"><div class=\"jp-seek-bar\"><div class=\"jp-play-bar\"><\/div><\/div><\/div><div class=\"jp-volume-bar\"><div class=\"jp-volume-bar-value\"><\/div><\/div><div class=\"jp-current-time\"><\/div><div class=\"jp-duration\"><\/div><\/div><div class=\"jp-title\"><\/div><\/div><\/div><\/div>\n<p>Insgesamt war es ein gelungener, kurzweiliger und interessanter Abend, der sp\u00fcrbar ein St\u00fcck Italien nach Bayreuth ans RWG brachte.<\/p>\n<p>Das P-Seminar sagt \u201egrazie di tutto.\u201d<\/p>\n<p><a href=\"https:\/\/www.rwg-bayreuth.de\/home\/wp-content\/uploads\/2022\/08\/21-22-ItalienischerLiederabend-Abschiedsbild.jpg\"><img loading=\"lazy\" decoding=\"async\" src=\"https:\/\/www.rwg-bayreuth.de\/home\/wp-content\/uploads\/2022\/08\/21-22-ItalienischerLiederabend-Abschiedsbild-450x338.jpg\" alt=\"\" width=\"450\" height=\"338\" class=\"aligncenter size-medium wp-image-31699\" srcset=\"https:\/\/www.rwg-bayreuth.de\/home\/wp-content\/uploads\/2022\/08\/21-22-ItalienischerLiederabend-Abschiedsbild-450x338.jpg 450w, https:\/\/www.rwg-bayreuth.de\/home\/wp-content\/uploads\/2022\/08\/21-22-ItalienischerLiederabend-Abschiedsbild-768x576.jpg 768w, https:\/\/www.rwg-bayreuth.de\/home\/wp-content\/uploads\/2022\/08\/21-22-ItalienischerLiederabend-Abschiedsbild-250x188.jpg 250w, https:\/\/www.rwg-bayreuth.de\/home\/wp-content\/uploads\/2022\/08\/21-22-ItalienischerLiederabend-Abschiedsbild.jpg 800w\" sizes=\"(max-width: 450px) 100vw, 450px\" \/><\/a><\/p>\n<p><em>Katrin Klamt f\u00fcr die Fachschaft Italienisch<\/em><\/p>\n","protected":false},"excerpt":{"rendered":"<p>Am 10. Juli 2021 fand ein italienischer Abend des P- Seminars Italienisch unter Leitung von StDin Katrin Klamt und FL Annegret Hupe zum Thema \u201eItalia culinaria e culturale &#8211; un viaggio per le diverse regioni d`Italia\u201c statt. Corona bedingt konnte leider nicht, wie urspr\u00fcnglich geplant, ein italienisches Men\u00fc gekocht und verzehrt werden. Stattdessen hatten sich&hellip;<\/p>\n","protected":false},"author":11,"featured_media":31924,"comment_status":"closed","ping_status":"closed","sticky":false,"template":"","format":"standard","meta":{"footnotes":""},"categories":[1],"tags":[51,69,64],"_links":{"self":[{"href":"https:\/\/www.rwg-bayreuth.de\/home\/index.php?rest_route=\/wp\/v2\/posts\/31690"}],"collection":[{"href":"https:\/\/www.rwg-bayreuth.de\/home\/index.php?rest_route=\/wp\/v2\/posts"}],"about":[{"href":"https:\/\/www.rwg-bayreuth.de\/home\/index.php?rest_route=\/wp\/v2\/types\/post"}],"author":[{"embeddable":true,"href":"https:\/\/www.rwg-bayreuth.de\/home\/index.php?rest_route=\/wp\/v2\/users\/11"}],"replies":[{"embeddable":true,"href":"https:\/\/www.rwg-bayreuth.de\/home\/index.php?rest_route=%2Fwp%2Fv2%2Fcomments&post=31690"}],"version-history":[{"count":10,"href":"https:\/\/www.rwg-bayreuth.de\/home\/index.php?rest_route=\/wp\/v2\/posts\/31690\/revisions"}],"predecessor-version":[{"id":31938,"href":"https:\/\/www.rwg-bayreuth.de\/home\/index.php?rest_route=\/wp\/v2\/posts\/31690\/revisions\/31938"}],"wp:featuredmedia":[{"embeddable":true,"href":"https:\/\/www.rwg-bayreuth.de\/home\/index.php?rest_route=\/wp\/v2\/media\/31924"}],"wp:attachment":[{"href":"https:\/\/www.rwg-bayreuth.de\/home\/index.php?rest_route=%2Fwp%2Fv2%2Fmedia&parent=31690"}],"wp:term":[{"taxonomy":"category","embeddable":true,"href":"https:\/\/www.rwg-bayreuth.de\/home\/index.php?rest_route=%2Fwp%2Fv2%2Fcategories&post=31690"},{"taxonomy":"post_tag","embeddable":true,"href":"https:\/\/www.rwg-bayreuth.de\/home\/index.php?rest_route=%2Fwp%2Fv2%2Ftags&post=31690"}],"curies":[{"name":"wp","href":"https:\/\/api.w.org\/{rel}","templated":true}]}}