{"id":31668,"date":"2022-07-13T06:09:09","date_gmt":"2022-07-13T04:09:09","guid":{"rendered":"http:\/\/www.rwg-bayreuth.de\/home\/?p=31668"},"modified":"2025-03-06T09:30:19","modified_gmt":"2025-03-06T08:30:19","slug":"rwgler-innen-mischen-sich-unter-die-begabten-aus-ganz-oberfranken","status":"publish","type":"post","link":"https:\/\/www.rwg-bayreuth.de\/home\/?p=31668","title":{"rendered":"RWGler\/innen mischen sich unter die Begabten aus ganz Oberfranken"},"content":{"rendered":"<p><a href=\"https:\/\/www.rwg-bayreuth.de\/home\/wp-content\/uploads\/2022\/07\/21-22-Begabtenfoerderung-Gruppenbild-RWG.jpg\"><img loading=\"lazy\" decoding=\"async\" src=\"https:\/\/www.rwg-bayreuth.de\/home\/wp-content\/uploads\/2022\/07\/21-22-Begabtenfoerderung-Gruppenbild-RWG-450x338.jpg\" alt=\"\" width=\"450\" height=\"338\" class=\"aligncenter size-medium wp-image-31669\" srcset=\"https:\/\/www.rwg-bayreuth.de\/home\/wp-content\/uploads\/2022\/07\/21-22-Begabtenfoerderung-Gruppenbild-RWG-450x338.jpg 450w, https:\/\/www.rwg-bayreuth.de\/home\/wp-content\/uploads\/2022\/07\/21-22-Begabtenfoerderung-Gruppenbild-RWG-768x576.jpg 768w, https:\/\/www.rwg-bayreuth.de\/home\/wp-content\/uploads\/2022\/07\/21-22-Begabtenfoerderung-Gruppenbild-RWG-250x188.jpg 250w, https:\/\/www.rwg-bayreuth.de\/home\/wp-content\/uploads\/2022\/07\/21-22-Begabtenfoerderung-Gruppenbild-RWG.jpg 1024w\" sizes=\"(max-width: 450px) 100vw, 450px\" \/><\/a><\/p>\n<p>Nachdem pandemiebedingt die Veranstaltung leider in den letzten beiden Schuljahren hatte pausieren m\u00fcssen, konnte Mitte Juli endlich wieder der Tag der Begabtenf\u00f6rderung wie gewohnt in Pr\u00e4senz stattfinden: Tagungsort war das gleicherma\u00dfen idyllisch wie imposant gelegene Kloster Banz in Bad Staffelstein, zu dem sich insgesamt acht Sch\u00fcler\/innen des RWG gemeinsam mit Frau Fr\u00f6ber und Frau Track am Morgen aufmachten.<\/p>\n<div class=\"su-image-carousel  su-image-carousel-has-spacing su-image-carousel-crop su-image-carousel-crop-4-3 su-image-carousel-has-lightbox su-image-carousel-has-outline su-image-carousel-adaptive su-image-carousel-slides-style-minimal su-image-carousel-controls-style-light su-image-carousel-align-center\" style=\"max-width:450px\" data-flickity-options='{\"groupCells\":true,\"cellSelector\":\".su-image-carousel-item\",\"adaptiveHeight\":false,\"cellAlign\":\"left\",\"prevNextButtons\":true,\"pageDots\":false,\"autoPlay\":4000,\"imagesLoaded\":true,\"contain\":true,\"selectedAttraction\":0.025000000000000001,\"friction\":0.28000000000000003}' id=\"su_image_carousel_69f1b2b37bc7e\"><div class=\"su-image-carousel-item\"><div class=\"su-image-carousel-item-content\"><a href=\"https:\/\/www.rwg-bayreuth.de\/home\/wp-content\/uploads\/2022\/07\/21-22-Begabtenfoerderung-Banz1.jpg\" data-caption=\"\"><img loading=\"lazy\" decoding=\"async\" width=\"1024\" height=\"768\" src=\"https:\/\/www.rwg-bayreuth.de\/home\/wp-content\/uploads\/2022\/07\/21-22-Begabtenfoerderung-Banz1.jpg\" class=\"\" alt=\"\" srcset=\"https:\/\/www.rwg-bayreuth.de\/home\/wp-content\/uploads\/2022\/07\/21-22-Begabtenfoerderung-Banz1.jpg 1024w, https:\/\/www.rwg-bayreuth.de\/home\/wp-content\/uploads\/2022\/07\/21-22-Begabtenfoerderung-Banz1-450x338.jpg 450w, https:\/\/www.rwg-bayreuth.de\/home\/wp-content\/uploads\/2022\/07\/21-22-Begabtenfoerderung-Banz1-768x576.jpg 768w, https:\/\/www.rwg-bayreuth.de\/home\/wp-content\/uploads\/2022\/07\/21-22-Begabtenfoerderung-Banz1-250x188.jpg 250w\" sizes=\"(max-width: 1024px) 100vw, 1024px\" \/><\/a><\/div><\/div><div class=\"su-image-carousel-item\"><div class=\"su-image-carousel-item-content\"><a href=\"https:\/\/www.rwg-bayreuth.de\/home\/wp-content\/uploads\/2022\/07\/21-22-Begabtenfoerderung-Banz2.jpg\" data-caption=\"\"><img loading=\"lazy\" decoding=\"async\" width=\"1024\" height=\"1365\" src=\"https:\/\/www.rwg-bayreuth.de\/home\/wp-content\/uploads\/2022\/07\/21-22-Begabtenfoerderung-Banz2.jpg\" class=\"\" alt=\"\" srcset=\"https:\/\/www.rwg-bayreuth.de\/home\/wp-content\/uploads\/2022\/07\/21-22-Begabtenfoerderung-Banz2.jpg 1024w, https:\/\/www.rwg-bayreuth.de\/home\/wp-content\/uploads\/2022\/07\/21-22-Begabtenfoerderung-Banz2-338x450.jpg 338w, https:\/\/www.rwg-bayreuth.de\/home\/wp-content\/uploads\/2022\/07\/21-22-Begabtenfoerderung-Banz2-768x1024.jpg 768w, https:\/\/www.rwg-bayreuth.de\/home\/wp-content\/uploads\/2022\/07\/21-22-Begabtenfoerderung-Banz2-250x333.jpg 250w\" sizes=\"(max-width: 1024px) 100vw, 1024px\" \/><\/a><\/div><\/div><\/div><script id=\"su_image_carousel_69f1b2b37bc7e_script\">if(window.SUImageCarousel){setTimeout(function() {window.SUImageCarousel.initGallery(document.getElementById(\"su_image_carousel_69f1b2b37bc7e\"))}, 0);}var su_image_carousel_69f1b2b37bc7e_script=document.getElementById(\"su_image_carousel_69f1b2b37bc7e_script\");if(su_image_carousel_69f1b2b37bc7e_script){su_image_carousel_69f1b2b37bc7e_script.parentNode.removeChild(su_image_carousel_69f1b2b37bc7e_script);}<\/script>\n<p>Mit von der Partie war au\u00dferdem eine vollst\u00e4ndige \u201aAbordnung&#8216; aus weiteren Bayreuther Gymnasien, die sich allesamt gemeinsam mit den Vertretern aus Pegnitz per Bus auf den Weg machten \u2013 am Zielort angekommen sollten sie dabei auf die insgesamt ca. 400 Teilnehmer\/innen weiterer Begabtenkurses aus ganz Oberfranken treffen! <\/p>\n<p>Die Sch\u00fcler\/innen waren dabei eingeladen, zusammen mit anderen interessierten und engagierten Jugendlichen der Jgst. 5-10 an einem Thementag rund um das Motto \u201aVisionen der Zukunft&#8216; teilzunehmen bzw. diesen aktiv mit eigenen Beitr\u00e4gen und Ideen mitzugestalten.<br \/>\nAls Er\u00f6ffnungsvortrag war hierzu der Mikrometeorologe Prof. Dr. Christoph Thomas von der Uni Bayreuth geladen, dem es anhand von Diagrammen und Statistiken (also alles zahlenbasierten Fakten!) \u00fcberzeugend gelang, den jungen motivierten Zuh\u00f6rer\/innen die Ergebnisse seiner Forschungen zum Einfluss der Klimaerw\u00e4rmung u.a. auf die Region rund um Bayreuth bzw. Oberfranken anschaulich zu pr\u00e4sentieren; reger Diskussionsbedarf am Ende des Vortrags war Beleg genug daf\u00fcr, dass das Thema des Klimawandels uns alle angehen sollte und wir deshalb stets auf die Konsequenzen des eigenen Handelns und Tuns bedacht sein sollten \u2013 denn schlie\u00dflich kann jede\/r durch ein entsprechendes Konsumverhalten ihren\/seinen eigenen Beitrag f\u00fcr ein besseres Klima in der Zukunft leisten! <\/p>\n<p>Nach diesem Programmpunkt folgte die Pr\u00e4sentation von Wettbewerbsbeispielen, welche Sch\u00fcler\/innen aus ganz Oberfranken eingereicht hatten, etwa bei Jugend forscht oder aber beim Physikwettbewerb GYPT; au\u00dferdem wurden den Jugendlichen die M\u00f6glichkeiten des TAO-Sch\u00fclerforschungszentrums aufgezeigt, das Interessierten im MINT-Bereich vielf\u00e4ltige Einsatzfelder bietet. Prof. Dr. Ute Schmid von der Uni Bamberg wies zudem auf Kurse im Rahmen der Begabtenf\u00f6rderung hin, die sich mit K\u00fcnstlicher Intelligenz (KI) befassen.<\/p>\n<p>Nach einer wohlverdienten Mittagspause, welche die Sch\u00fcler bei gutem Essen auf der imposanten Maintalterrasse verbringen konnten, ging es nachmittags in verschiedene Workshops \u201amit Zukunftsthematiken&#8216;: Autonomes Fahren, Robotik im Gesundheitswesen, Bauen der Zukunft, Zukunftsvisionen in der deutsch- und englischsprachigen Literatur u.v.m. standen hierbei auf dem Programm.<\/p>\n<p><a href=\"https:\/\/www.rwg-bayreuth.de\/home\/wp-content\/uploads\/2022\/07\/21-22-Begabtenfoerderung-Schuelerplakat-1.jpg\"><img loading=\"lazy\" decoding=\"async\" src=\"https:\/\/www.rwg-bayreuth.de\/home\/wp-content\/uploads\/2022\/07\/21-22-Begabtenfoerderung-Schuelerplakat-1-450x321.jpg\" alt=\"\" width=\"450\" height=\"321\" class=\"aligncenter size-medium wp-image-31708\" srcset=\"https:\/\/www.rwg-bayreuth.de\/home\/wp-content\/uploads\/2022\/07\/21-22-Begabtenfoerderung-Schuelerplakat-1-450x321.jpg 450w, https:\/\/www.rwg-bayreuth.de\/home\/wp-content\/uploads\/2022\/07\/21-22-Begabtenfoerderung-Schuelerplakat-1-768x548.jpg 768w, https:\/\/www.rwg-bayreuth.de\/home\/wp-content\/uploads\/2022\/07\/21-22-Begabtenfoerderung-Schuelerplakat-1-250x178.jpg 250w, https:\/\/www.rwg-bayreuth.de\/home\/wp-content\/uploads\/2022\/07\/21-22-Begabtenfoerderung-Schuelerplakat-1.jpg 1024w\" sizes=\"(max-width: 450px) 100vw, 450px\" \/><\/a><!--<a href=\"https:\/\/www.rwg-bayreuth.de\/home\/wp-content\/uploads\/2022\/07\/21-22-Begabtenfoerderung-Schuelerplakat.jpg\"><img loading=\"lazy\" decoding=\"async\" src=\"https:\/\/www.rwg-bayreuth.de\/home\/wp-content\/uploads\/2022\/07\/21-22-Begabtenfoerderung-Schuelerplakat-450x253.jpg\" alt=\"\" width=\"450\" height=\"253\" class=\"aligncenter size-medium wp-image-31672\" srcset=\"https:\/\/www.rwg-bayreuth.de\/home\/wp-content\/uploads\/2022\/07\/21-22-Begabtenfoerderung-Schuelerplakat-450x253.jpg 450w, https:\/\/www.rwg-bayreuth.de\/home\/wp-content\/uploads\/2022\/07\/21-22-Begabtenfoerderung-Schuelerplakat-768x432.jpg 768w, https:\/\/www.rwg-bayreuth.de\/home\/wp-content\/uploads\/2022\/07\/21-22-Begabtenfoerderung-Schuelerplakat-250x141.jpg 250w, https:\/\/www.rwg-bayreuth.de\/home\/wp-content\/uploads\/2022\/07\/21-22-Begabtenfoerderung-Schuelerplakat.jpg 1024w, https:\/\/www.rwg-bayreuth.de\/home\/wp-content\/uploads\/2022\/07\/21-22-Begabtenfoerderung-Schuelerplakat-800x450.jpg 800w\" sizes=\"(max-width: 450px) 100vw, 450px\" \/><\/a>--><\/p>\n<p>Am sp\u00e4teren Nachmittag trat die Gruppe schlie\u00dflich bei bester Laune sowie um einiges Wissen reicher und sicherlich voller Vorfreude, vielleicht auch im n\u00e4chsten Schuljahr wieder dabei sein zu d\u00fcrfen, den Heimweg nach Bayreuth an.<\/p>\n<p><a href=\"https:\/\/www.rwg-bayreuth.de\/home\/wp-content\/uploads\/2022\/07\/21-22-Begabtenfoerderung-Bayreuther-Gruppenbild.jpg\"><img loading=\"lazy\" decoding=\"async\" src=\"https:\/\/www.rwg-bayreuth.de\/home\/wp-content\/uploads\/2022\/07\/21-22-Begabtenfoerderung-Bayreuther-Gruppenbild-450x338.jpg\" alt=\"\" width=\"450\" height=\"338\" class=\"aligncenter size-medium wp-image-31673\" srcset=\"https:\/\/www.rwg-bayreuth.de\/home\/wp-content\/uploads\/2022\/07\/21-22-Begabtenfoerderung-Bayreuther-Gruppenbild-450x338.jpg 450w, https:\/\/www.rwg-bayreuth.de\/home\/wp-content\/uploads\/2022\/07\/21-22-Begabtenfoerderung-Bayreuther-Gruppenbild-768x576.jpg 768w, https:\/\/www.rwg-bayreuth.de\/home\/wp-content\/uploads\/2022\/07\/21-22-Begabtenfoerderung-Bayreuther-Gruppenbild-250x188.jpg 250w, https:\/\/www.rwg-bayreuth.de\/home\/wp-content\/uploads\/2022\/07\/21-22-Begabtenfoerderung-Bayreuther-Gruppenbild.jpg 1024w\" sizes=\"(max-width: 450px) 100vw, 450px\" \/><\/a><\/p>\n<p><em>S. Track (im Namen aller Teilnehmer\/innen des RWG)<\/em><\/p>\n","protected":false},"excerpt":{"rendered":"<p>Nachdem pandemiebedingt die Veranstaltung leider in den letzten beiden Schuljahren hatte pausieren m\u00fcssen, konnte Mitte Juli endlich wieder der Tag der Begabtenf\u00f6rderung wie gewohnt in Pr\u00e4senz stattfinden: Tagungsort war das gleicherma\u00dfen idyllisch wie imposant gelegene Kloster Banz in Bad Staffelstein, zu dem sich insgesamt acht Sch\u00fcler\/innen des RWG gemeinsam mit Frau Fr\u00f6ber und Frau Track&hellip;<\/p>\n","protected":false},"author":11,"featured_media":31674,"comment_status":"closed","ping_status":"closed","sticky":false,"template":"","format":"standard","meta":{"footnotes":""},"categories":[1],"tags":[155,51],"_links":{"self":[{"href":"https:\/\/www.rwg-bayreuth.de\/home\/index.php?rest_route=\/wp\/v2\/posts\/31668"}],"collection":[{"href":"https:\/\/www.rwg-bayreuth.de\/home\/index.php?rest_route=\/wp\/v2\/posts"}],"about":[{"href":"https:\/\/www.rwg-bayreuth.de\/home\/index.php?rest_route=\/wp\/v2\/types\/post"}],"author":[{"embeddable":true,"href":"https:\/\/www.rwg-bayreuth.de\/home\/index.php?rest_route=\/wp\/v2\/users\/11"}],"replies":[{"embeddable":true,"href":"https:\/\/www.rwg-bayreuth.de\/home\/index.php?rest_route=%2Fwp%2Fv2%2Fcomments&post=31668"}],"version-history":[{"count":5,"href":"https:\/\/www.rwg-bayreuth.de\/home\/index.php?rest_route=\/wp\/v2\/posts\/31668\/revisions"}],"predecessor-version":[{"id":31677,"href":"https:\/\/www.rwg-bayreuth.de\/home\/index.php?rest_route=\/wp\/v2\/posts\/31668\/revisions\/31677"}],"wp:featuredmedia":[{"embeddable":true,"href":"https:\/\/www.rwg-bayreuth.de\/home\/index.php?rest_route=\/wp\/v2\/media\/31674"}],"wp:attachment":[{"href":"https:\/\/www.rwg-bayreuth.de\/home\/index.php?rest_route=%2Fwp%2Fv2%2Fmedia&parent=31668"}],"wp:term":[{"taxonomy":"category","embeddable":true,"href":"https:\/\/www.rwg-bayreuth.de\/home\/index.php?rest_route=%2Fwp%2Fv2%2Fcategories&post=31668"},{"taxonomy":"post_tag","embeddable":true,"href":"https:\/\/www.rwg-bayreuth.de\/home\/index.php?rest_route=%2Fwp%2Fv2%2Ftags&post=31668"}],"curies":[{"name":"wp","href":"https:\/\/api.w.org\/{rel}","templated":true}]}}