{"id":31655,"date":"2022-07-10T06:13:40","date_gmt":"2022-07-10T04:13:40","guid":{"rendered":"http:\/\/www.rwg-bayreuth.de\/home\/?p=31655"},"modified":"2022-10-12T15:42:51","modified_gmt":"2022-10-12T13:42:51","slug":"sagennacht-der-6a","status":"publish","type":"post","link":"https:\/\/www.rwg-bayreuth.de\/home\/?p=31655","title":{"rendered":"Sagennacht der 6a"},"content":{"rendered":"<p>Vom 7. auf den 8. Juli veranstaltete die Klasse 6a eine Sagennacht. Diese fand im Caf\u00e9 Adebar und im RWG statt.<\/p>\n<div class=\"su-image-carousel  su-image-carousel-columns-3 su-image-carousel-has-spacing su-image-carousel-crop su-image-carousel-crop-4-3 su-image-carousel-has-lightbox su-image-carousel-has-outline su-image-carousel-adaptive su-image-carousel-slides-style-minimal su-image-carousel-controls-style-light su-image-carousel-align-none\" style=\"\" data-flickity-options='{\"groupCells\":true,\"cellSelector\":\".su-image-carousel-item\",\"adaptiveHeight\":false,\"cellAlign\":\"left\",\"prevNextButtons\":true,\"pageDots\":false,\"autoPlay\":4000,\"imagesLoaded\":true,\"contain\":true,\"selectedAttraction\":0.025000000000000001,\"friction\":0.28000000000000003}' id=\"su_image_carousel_69f1cf34113a6\"><div class=\"su-image-carousel-item\"><div class=\"su-image-carousel-item-content\"><a href=\"https:\/\/www.rwg-bayreuth.de\/home\/wp-content\/uploads\/2022\/07\/21-22-Deutsch-Sagennacht6a-1.jpg\" data-caption=\"\"><img loading=\"lazy\" decoding=\"async\" width=\"1024\" height=\"768\" src=\"https:\/\/www.rwg-bayreuth.de\/home\/wp-content\/uploads\/2022\/07\/21-22-Deutsch-Sagennacht6a-1.jpg\" class=\"\" alt=\"\" srcset=\"https:\/\/www.rwg-bayreuth.de\/home\/wp-content\/uploads\/2022\/07\/21-22-Deutsch-Sagennacht6a-1.jpg 1024w, https:\/\/www.rwg-bayreuth.de\/home\/wp-content\/uploads\/2022\/07\/21-22-Deutsch-Sagennacht6a-1-450x338.jpg 450w, https:\/\/www.rwg-bayreuth.de\/home\/wp-content\/uploads\/2022\/07\/21-22-Deutsch-Sagennacht6a-1-768x576.jpg 768w, https:\/\/www.rwg-bayreuth.de\/home\/wp-content\/uploads\/2022\/07\/21-22-Deutsch-Sagennacht6a-1-250x188.jpg 250w\" sizes=\"(max-width: 1024px) 100vw, 1024px\" \/><\/a><\/div><\/div><div class=\"su-image-carousel-item\"><div class=\"su-image-carousel-item-content\"><a href=\"https:\/\/www.rwg-bayreuth.de\/home\/wp-content\/uploads\/2022\/07\/21-22-Deutsch-Sagennacht6a-2.jpg\" data-caption=\"\"><img loading=\"lazy\" decoding=\"async\" width=\"1024\" height=\"683\" src=\"https:\/\/www.rwg-bayreuth.de\/home\/wp-content\/uploads\/2022\/07\/21-22-Deutsch-Sagennacht6a-2.jpg\" class=\"\" alt=\"\" srcset=\"https:\/\/www.rwg-bayreuth.de\/home\/wp-content\/uploads\/2022\/07\/21-22-Deutsch-Sagennacht6a-2.jpg 1024w, https:\/\/www.rwg-bayreuth.de\/home\/wp-content\/uploads\/2022\/07\/21-22-Deutsch-Sagennacht6a-2-450x300.jpg 450w, https:\/\/www.rwg-bayreuth.de\/home\/wp-content\/uploads\/2022\/07\/21-22-Deutsch-Sagennacht6a-2-768x512.jpg 768w, https:\/\/www.rwg-bayreuth.de\/home\/wp-content\/uploads\/2022\/07\/21-22-Deutsch-Sagennacht6a-2-250x167.jpg 250w, https:\/\/www.rwg-bayreuth.de\/home\/wp-content\/uploads\/2022\/07\/21-22-Deutsch-Sagennacht6a-2-900x600.jpg 900w\" sizes=\"(max-width: 1024px) 100vw, 1024px\" \/><\/a><\/div><\/div><div class=\"su-image-carousel-item\"><div class=\"su-image-carousel-item-content\"><a href=\"https:\/\/www.rwg-bayreuth.de\/home\/wp-content\/uploads\/2022\/07\/21-22-Deutsch-Sagennacht6a-3.jpg\" data-caption=\"\"><img loading=\"lazy\" decoding=\"async\" width=\"1024\" height=\"768\" src=\"https:\/\/www.rwg-bayreuth.de\/home\/wp-content\/uploads\/2022\/07\/21-22-Deutsch-Sagennacht6a-3.jpg\" class=\"\" alt=\"\" srcset=\"https:\/\/www.rwg-bayreuth.de\/home\/wp-content\/uploads\/2022\/07\/21-22-Deutsch-Sagennacht6a-3.jpg 1024w, https:\/\/www.rwg-bayreuth.de\/home\/wp-content\/uploads\/2022\/07\/21-22-Deutsch-Sagennacht6a-3-450x338.jpg 450w, https:\/\/www.rwg-bayreuth.de\/home\/wp-content\/uploads\/2022\/07\/21-22-Deutsch-Sagennacht6a-3-768x576.jpg 768w, https:\/\/www.rwg-bayreuth.de\/home\/wp-content\/uploads\/2022\/07\/21-22-Deutsch-Sagennacht6a-3-250x188.jpg 250w\" sizes=\"(max-width: 1024px) 100vw, 1024px\" \/><\/a><\/div><\/div><div class=\"su-image-carousel-item\"><div class=\"su-image-carousel-item-content\"><a href=\"https:\/\/www.rwg-bayreuth.de\/home\/wp-content\/uploads\/2022\/07\/21-22-Deutsch-Sagennacht6a-4.jpg\" data-caption=\"\"><img loading=\"lazy\" decoding=\"async\" width=\"1024\" height=\"683\" src=\"https:\/\/www.rwg-bayreuth.de\/home\/wp-content\/uploads\/2022\/07\/21-22-Deutsch-Sagennacht6a-4.jpg\" class=\"\" alt=\"\" srcset=\"https:\/\/www.rwg-bayreuth.de\/home\/wp-content\/uploads\/2022\/07\/21-22-Deutsch-Sagennacht6a-4.jpg 1024w, https:\/\/www.rwg-bayreuth.de\/home\/wp-content\/uploads\/2022\/07\/21-22-Deutsch-Sagennacht6a-4-450x300.jpg 450w, https:\/\/www.rwg-bayreuth.de\/home\/wp-content\/uploads\/2022\/07\/21-22-Deutsch-Sagennacht6a-4-768x512.jpg 768w, https:\/\/www.rwg-bayreuth.de\/home\/wp-content\/uploads\/2022\/07\/21-22-Deutsch-Sagennacht6a-4-250x167.jpg 250w, https:\/\/www.rwg-bayreuth.de\/home\/wp-content\/uploads\/2022\/07\/21-22-Deutsch-Sagennacht6a-4-900x600.jpg 900w\" sizes=\"(max-width: 1024px) 100vw, 1024px\" \/><\/a><\/div><\/div><div class=\"su-image-carousel-item\"><div class=\"su-image-carousel-item-content\"><a href=\"https:\/\/www.rwg-bayreuth.de\/home\/wp-content\/uploads\/2022\/07\/21-22-Deutsch-Sagennacht6a-5.jpg\" data-caption=\"\"><img loading=\"lazy\" decoding=\"async\" width=\"683\" height=\"1024\" src=\"https:\/\/www.rwg-bayreuth.de\/home\/wp-content\/uploads\/2022\/07\/21-22-Deutsch-Sagennacht6a-5.jpg\" class=\"\" alt=\"\" srcset=\"https:\/\/www.rwg-bayreuth.de\/home\/wp-content\/uploads\/2022\/07\/21-22-Deutsch-Sagennacht6a-5.jpg 683w, https:\/\/www.rwg-bayreuth.de\/home\/wp-content\/uploads\/2022\/07\/21-22-Deutsch-Sagennacht6a-5-300x450.jpg 300w, https:\/\/www.rwg-bayreuth.de\/home\/wp-content\/uploads\/2022\/07\/21-22-Deutsch-Sagennacht6a-5-250x375.jpg 250w\" sizes=\"(max-width: 683px) 100vw, 683px\" \/><\/a><\/div><\/div><div class=\"su-image-carousel-item\"><div class=\"su-image-carousel-item-content\"><a href=\"https:\/\/www.rwg-bayreuth.de\/home\/wp-content\/uploads\/2022\/07\/21-22-Deutsch-Sagennacht6a-6.jpg\" data-caption=\"\"><img loading=\"lazy\" decoding=\"async\" width=\"768\" height=\"1024\" src=\"https:\/\/www.rwg-bayreuth.de\/home\/wp-content\/uploads\/2022\/07\/21-22-Deutsch-Sagennacht6a-6.jpg\" class=\"\" alt=\"\" srcset=\"https:\/\/www.rwg-bayreuth.de\/home\/wp-content\/uploads\/2022\/07\/21-22-Deutsch-Sagennacht6a-6.jpg 768w, https:\/\/www.rwg-bayreuth.de\/home\/wp-content\/uploads\/2022\/07\/21-22-Deutsch-Sagennacht6a-6-338x450.jpg 338w, https:\/\/www.rwg-bayreuth.de\/home\/wp-content\/uploads\/2022\/07\/21-22-Deutsch-Sagennacht6a-6-250x333.jpg 250w\" sizes=\"(max-width: 768px) 100vw, 768px\" \/><\/a><\/div><\/div><\/div><script id=\"su_image_carousel_69f1cf34113a6_script\">if(window.SUImageCarousel){setTimeout(function() {window.SUImageCarousel.initGallery(document.getElementById(\"su_image_carousel_69f1cf34113a6\"))}, 0);}var su_image_carousel_69f1cf34113a6_script=document.getElementById(\"su_image_carousel_69f1cf34113a6_script\");if(su_image_carousel_69f1cf34113a6_script){su_image_carousel_69f1cf34113a6_script.parentNode.removeChild(su_image_carousel_69f1cf34113a6_script);}<\/script>\n<p>Um 17.00 Uhr trafen sich die Sch\u00fcler*innen im Pausenhof, stellten ihr Gep\u00e4ck im Lesenden Klassenzimmer ab und gingen in die Obere Bibliothek, um dort Aufgaben zum Thema Sagen zu bearbeiten. Danach a\u00dfen die Sechstkl\u00e4ssler*innen das Essen, das sie zuhause vorbereitet hatten, in der Schulk\u00fcche. Als alle damit fertig waren, liefen sie mit ihrem Gep\u00e4ck zum Caf\u00e9 Adebar, damit sie dort ihre Bettenlager aufbauen konnten. Dann spielten sie Gemeinschaftsspiele. Anschlie\u00dfend machten die Sch\u00fcler*innen eine Nachtwanderung durch den Hofgarten, bei der ihre Klassenlehrerin, Frau Keyser, regionale Sagen erz\u00e4hlte. Als sie wieder beim Caf\u00e9 Adebar ankamen, hatten sie noch eine Stunde Zeit sich zu unterhalten. Danach gingen alle ins Bett und durften, wenn sie wollten, noch in ihren B\u00fcchern lesen. Am n\u00e4chsten Morgen standen sie auf, r\u00e4umten ihre Nachtlager auf und gingen zur\u00fcck in die K\u00fcche des RWGs, um ihr Fr\u00fchst\u00fcck zu essen und sich noch einmal mit Sagen zu besch\u00e4ftigen. Dann kochten sie ihr Men\u00fc f\u00fcr das RWG-Kochbuch. W\u00e4hrend das Erdbeertiramisu im K\u00fchlschrank war, spielten die Sch\u00fcler*innen Giraffenball. Danach a\u00dfen sie das Men\u00fc, bis sie dann um 11.50 Uhr abgeholt wurden.<\/p>\n<p>Die Sagennacht war ein gro\u00dfer Erfolg und kam bei den Sch\u00fcler*innen gut an.<\/p>\n<p><em>Finja, Hanna und Jakob (6a)<\/em><\/p>\n","protected":false},"excerpt":{"rendered":"<p>Vom 7. auf den 8. Juli veranstaltete die Klasse 6a eine Sagennacht. Diese fand im Caf\u00e9 Adebar und im RWG statt. Um 17.00 Uhr trafen sich die Sch\u00fcler*innen im Pausenhof, stellten ihr Gep\u00e4ck im Lesenden Klassenzimmer ab und gingen in die Obere Bibliothek, um dort Aufgaben zum Thema Sagen zu bearbeiten. Danach a\u00dfen die Sechstkl\u00e4ssler*innen&hellip;<\/p>\n","protected":false},"author":11,"featured_media":31660,"comment_status":"closed","ping_status":"closed","sticky":false,"template":"","format":"standard","meta":{"footnotes":""},"categories":[1],"tags":[59,51],"_links":{"self":[{"href":"https:\/\/www.rwg-bayreuth.de\/home\/index.php?rest_route=\/wp\/v2\/posts\/31655"}],"collection":[{"href":"https:\/\/www.rwg-bayreuth.de\/home\/index.php?rest_route=\/wp\/v2\/posts"}],"about":[{"href":"https:\/\/www.rwg-bayreuth.de\/home\/index.php?rest_route=\/wp\/v2\/types\/post"}],"author":[{"embeddable":true,"href":"https:\/\/www.rwg-bayreuth.de\/home\/index.php?rest_route=\/wp\/v2\/users\/11"}],"replies":[{"embeddable":true,"href":"https:\/\/www.rwg-bayreuth.de\/home\/index.php?rest_route=%2Fwp%2Fv2%2Fcomments&post=31655"}],"version-history":[{"count":4,"href":"https:\/\/www.rwg-bayreuth.de\/home\/index.php?rest_route=\/wp\/v2\/posts\/31655\/revisions"}],"predecessor-version":[{"id":31665,"href":"https:\/\/www.rwg-bayreuth.de\/home\/index.php?rest_route=\/wp\/v2\/posts\/31655\/revisions\/31665"}],"wp:featuredmedia":[{"embeddable":true,"href":"https:\/\/www.rwg-bayreuth.de\/home\/index.php?rest_route=\/wp\/v2\/media\/31660"}],"wp:attachment":[{"href":"https:\/\/www.rwg-bayreuth.de\/home\/index.php?rest_route=%2Fwp%2Fv2%2Fmedia&parent=31655"}],"wp:term":[{"taxonomy":"category","embeddable":true,"href":"https:\/\/www.rwg-bayreuth.de\/home\/index.php?rest_route=%2Fwp%2Fv2%2Fcategories&post=31655"},{"taxonomy":"post_tag","embeddable":true,"href":"https:\/\/www.rwg-bayreuth.de\/home\/index.php?rest_route=%2Fwp%2Fv2%2Ftags&post=31655"}],"curies":[{"name":"wp","href":"https:\/\/api.w.org\/{rel}","templated":true}]}}