{"id":31569,"date":"2022-07-21T06:22:41","date_gmt":"2022-07-21T04:22:41","guid":{"rendered":"http:\/\/www.rwg-bayreuth.de\/home\/?p=31569"},"modified":"2022-07-13T18:04:00","modified_gmt":"2022-07-13T16:04:00","slug":"schulinterner-schreibwettbewerb","status":"publish","type":"post","link":"https:\/\/www.rwg-bayreuth.de\/home\/?p=31569","title":{"rendered":"Schulinterner Schreibwettbewerb"},"content":{"rendered":"<p><a href=\"https:\/\/www.rwg-bayreuth.de\/home\/wp-content\/uploads\/2022\/07\/21-22-intSchreibwettbewerb-Gewinner-1.jpg\"><img loading=\"lazy\" decoding=\"async\" src=\"https:\/\/www.rwg-bayreuth.de\/home\/wp-content\/uploads\/2022\/07\/21-22-intSchreibwettbewerb-Gewinner-1-450x300.jpg\" alt=\"\" width=\"450\" height=\"300\" class=\"aligncenter size-medium wp-image-31570\" srcset=\"https:\/\/www.rwg-bayreuth.de\/home\/wp-content\/uploads\/2022\/07\/21-22-intSchreibwettbewerb-Gewinner-1-450x300.jpg 450w, https:\/\/www.rwg-bayreuth.de\/home\/wp-content\/uploads\/2022\/07\/21-22-intSchreibwettbewerb-Gewinner-1-768x512.jpg 768w, https:\/\/www.rwg-bayreuth.de\/home\/wp-content\/uploads\/2022\/07\/21-22-intSchreibwettbewerb-Gewinner-1-250x167.jpg 250w, https:\/\/www.rwg-bayreuth.de\/home\/wp-content\/uploads\/2022\/07\/21-22-intSchreibwettbewerb-Gewinner-1-900x600.jpg 900w, https:\/\/www.rwg-bayreuth.de\/home\/wp-content\/uploads\/2022\/07\/21-22-intSchreibwettbewerb-Gewinner-1.jpg 1024w\" sizes=\"(max-width: 450px) 100vw, 450px\" \/><\/a><\/p>\n<p>Neben zahlreichen extern ausgeschriebenen Kreativwettbewerben waren wir innerhalb der Schulfamilie am RWG auch selbst dabei, unsere Sch\u00fcler\/innen zum gestalterischen Schreiben zu animieren. Unter dem bewusst offen gehaltenen Titel \u201aOstern mal anders \u2013 auf der Suche nach der besten Corona-Masken-Story ever &#8211; (NICHT.)\u2018 gab es w\u00e4hrend des zweiten Schulhalbjahres \u2013 aus aktuellem Anlass: die Maskenpflicht im Unterricht war nach \u00fcber zwei Schuljahren (!) endlich gefallen \u2013 einen schulinternen Schreibwettbewerb der ganz besonderen Art!<\/p>\n<p>Die Schreibkompetenz stellt dabei eine wichtige Komponente des Deutschunterrichts dar, die nicht nur w\u00e4hrend der Unterrichtsstunden geschult, in der Praxis einge\u00fcbt und immer wieder trainiert werden sollte. Hierzu bieten insbesondere auch nicht ganz allt\u00e4gliche Schreibanl\u00e4sse \u2013 fernab jeglicher Schulaufgabenvorbereitung \u2013 einen geeigneten Rahmen, die Sch\u00fcler\/innen zum Schreiben selbst verfasster Texte anzuleiten, stets unter der Pr\u00e4misse: Erlaubt ist, was gef\u00e4llt\u2026<\/p>\n<p>Gesucht waren also literarische Texte aller Art, vom Gedicht, \u00fcber Elfchen, Lieder und Songs, bis hin zu Kurzgeschichten, Erz\u00e4hlungen und Anekdoten\u2026 unter den zahlreichen eingereichten Werken unserer Sch\u00fcler\/innen waren sogar k\u00fcnstlerisch-kreative Rap-Versionen zum \u00fcbergeordneten Thema \u201eMeine Maske und ich \u2013 eine ganz spezielle Freundschaft\u201c dabei! Und auch die ukrainischen Sch\u00fclerinnen in der 6c, Anna und Arina, beteiligten sich eifrig an der Aktion \u2013 nat\u00fcrlich in ihrer eigenen Sprache und Schrift!<\/p>\n<ul class=\"linkliste\">\n<li><a href=\"https:\/\/www.rwg-bayreuth.de\/home\/wp-content\/uploads\/2022\/07\/Ostern-mal-anders.pdf\">Ostern mal anders<\/a><\/li>\n<\/ul>\n<p>Da unsere Sch\u00fcler\/innen alle \u00e4u\u00dferst kreative Beitr\u00e4ge eingereicht hatten, fiel es am Ende der Jury, bestehend aus Deutschkolleginnen am RWG, nicht leicht, die Gesamtsieger zu kreieren. Die flei\u00dfigste Gruppe an Teilnehmer\/innen kam dabei aus der Unterstufe der 6. Klassen, aber auch die Oberstufe hatte f\u00fcr durchaus kurzweilige, wie ebenso nachdenkliche Texte gesorgt. <\/p>\n<p>Als einer der Gewinnertexte konnte schlie\u00dflich der Einzelbeitrag von Jette (5a) \u00fcberzeugen, die einen \u201aCorona-Rap\u2018 zum Thema eingereicht hatte; aus der 6. Jahrgangsstufe stammen weitere zwei pr\u00e4mierte Kreativ-Beitr\u00e4ge, n\u00e4mlich ein Text von Franz sowie ein Teambeitrag von Sara und Hannah (alle Klasse 6c).<\/p>\n<p><a href=\"https:\/\/www.rwg-bayreuth.de\/home\/wp-content\/uploads\/2022\/07\/21-22-intSchreibwettbewerb-Gewinner-2.jpg\"><img loading=\"lazy\" decoding=\"async\" src=\"https:\/\/www.rwg-bayreuth.de\/home\/wp-content\/uploads\/2022\/07\/21-22-intSchreibwettbewerb-Gewinner-2-450x300.jpg\" alt=\"\" width=\"450\" height=\"300\" class=\"aligncenter size-medium wp-image-31572\" srcset=\"https:\/\/www.rwg-bayreuth.de\/home\/wp-content\/uploads\/2022\/07\/21-22-intSchreibwettbewerb-Gewinner-2-450x300.jpg 450w, https:\/\/www.rwg-bayreuth.de\/home\/wp-content\/uploads\/2022\/07\/21-22-intSchreibwettbewerb-Gewinner-2-768x512.jpg 768w, https:\/\/www.rwg-bayreuth.de\/home\/wp-content\/uploads\/2022\/07\/21-22-intSchreibwettbewerb-Gewinner-2-250x167.jpg 250w, https:\/\/www.rwg-bayreuth.de\/home\/wp-content\/uploads\/2022\/07\/21-22-intSchreibwettbewerb-Gewinner-2-900x600.jpg 900w, https:\/\/www.rwg-bayreuth.de\/home\/wp-content\/uploads\/2022\/07\/21-22-intSchreibwettbewerb-Gewinner-2.jpg 1024w\" sizes=\"(max-width: 450px) 100vw, 450px\" \/><\/a><\/p>\n<p>Zur Belohnung gab es neben einer s\u00fc\u00dfen \u00dcberraschung nat\u00fcrlich auch eine entsprechende Urkunde f\u00fcr die sehr erfolgreiche Beteiligung an diesem besonderen Kreativwettbewerb. <\/p>\n<p>Wir bedanken uns auf diesem Wege nochmals bei allen Sch\u00fcler(inne)n f\u00fcr ihre Teilnahme am kreativen Schreiben und gratulieren den Gewinner(inne)n recht herzlich. Und auch wer diesmal nicht gewinnen konnte, hat ja vielleicht sein Talent am eigenen Verfassen von Texten entdeckt und ist beim n\u00e4chsten Schreibanlass wieder dabei \u2013 denn Gelegenheit(en) wird es sicherlich auch im n\u00e4chsten Schuljahr wieder geben \u2013 ihr d\u00fcrft also durchaus gespannt sein. \ud83d\ude42<\/p>\n<p><em>Die Wettbewerbsjury (C. Koch, H. Schmitz und S. Track)<\/em><\/p>\n","protected":false},"excerpt":{"rendered":"<p>Neben zahlreichen extern ausgeschriebenen Kreativwettbewerben waren wir innerhalb der Schulfamilie am RWG auch selbst dabei, unsere Sch\u00fcler\/innen zum gestalterischen Schreiben zu animieren. Unter dem bewusst offen gehaltenen Titel \u201aOstern mal anders \u2013 auf der Suche nach der besten Corona-Masken-Story ever &#8211; (NICHT.)\u2018 gab es w\u00e4hrend des zweiten Schulhalbjahres \u2013 aus aktuellem Anlass: die Maskenpflicht im&hellip;<\/p>\n","protected":false},"author":11,"featured_media":31570,"comment_status":"closed","ping_status":"closed","sticky":false,"template":"","format":"standard","meta":{"footnotes":""},"categories":[1],"tags":[59,51],"_links":{"self":[{"href":"https:\/\/www.rwg-bayreuth.de\/home\/index.php?rest_route=\/wp\/v2\/posts\/31569"}],"collection":[{"href":"https:\/\/www.rwg-bayreuth.de\/home\/index.php?rest_route=\/wp\/v2\/posts"}],"about":[{"href":"https:\/\/www.rwg-bayreuth.de\/home\/index.php?rest_route=\/wp\/v2\/types\/post"}],"author":[{"embeddable":true,"href":"https:\/\/www.rwg-bayreuth.de\/home\/index.php?rest_route=\/wp\/v2\/users\/11"}],"replies":[{"embeddable":true,"href":"https:\/\/www.rwg-bayreuth.de\/home\/index.php?rest_route=%2Fwp%2Fv2%2Fcomments&post=31569"}],"version-history":[{"count":3,"href":"https:\/\/www.rwg-bayreuth.de\/home\/index.php?rest_route=\/wp\/v2\/posts\/31569\/revisions"}],"predecessor-version":[{"id":31575,"href":"https:\/\/www.rwg-bayreuth.de\/home\/index.php?rest_route=\/wp\/v2\/posts\/31569\/revisions\/31575"}],"wp:featuredmedia":[{"embeddable":true,"href":"https:\/\/www.rwg-bayreuth.de\/home\/index.php?rest_route=\/wp\/v2\/media\/31570"}],"wp:attachment":[{"href":"https:\/\/www.rwg-bayreuth.de\/home\/index.php?rest_route=%2Fwp%2Fv2%2Fmedia&parent=31569"}],"wp:term":[{"taxonomy":"category","embeddable":true,"href":"https:\/\/www.rwg-bayreuth.de\/home\/index.php?rest_route=%2Fwp%2Fv2%2Fcategories&post=31569"},{"taxonomy":"post_tag","embeddable":true,"href":"https:\/\/www.rwg-bayreuth.de\/home\/index.php?rest_route=%2Fwp%2Fv2%2Ftags&post=31569"}],"curies":[{"name":"wp","href":"https:\/\/api.w.org\/{rel}","templated":true}]}}