{"id":31551,"date":"2022-07-01T06:01:18","date_gmt":"2022-07-01T04:01:18","guid":{"rendered":"http:\/\/www.rwg-bayreuth.de\/home\/?p=31551"},"modified":"2022-10-12T15:46:13","modified_gmt":"2022-10-12T13:46:13","slug":"smv-und-klassensprecherfahrt-nach-weidenberg","status":"publish","type":"post","link":"https:\/\/www.rwg-bayreuth.de\/home\/?p=31551","title":{"rendered":"SMV- und Klassensprecherfahrt nach Weidenberg"},"content":{"rendered":"<p>\n<a href=\"https:\/\/www.rwg-bayreuth.de\/home\/wp-content\/uploads\/2022\/07\/21-22-KlassensprecherSMV-Fahrt-B.jpg\"><img loading=\"lazy\" decoding=\"async\" src=\"https:\/\/www.rwg-bayreuth.de\/home\/wp-content\/uploads\/2022\/07\/21-22-KlassensprecherSMV-Fahrt-B-450x300.jpg\" alt=\"\" width=\"450\" height=\"300\" class=\"aligncenter size-medium wp-image-31552\" srcset=\"https:\/\/www.rwg-bayreuth.de\/home\/wp-content\/uploads\/2022\/07\/21-22-KlassensprecherSMV-Fahrt-B-450x300.jpg 450w, https:\/\/www.rwg-bayreuth.de\/home\/wp-content\/uploads\/2022\/07\/21-22-KlassensprecherSMV-Fahrt-B-768x512.jpg 768w, https:\/\/www.rwg-bayreuth.de\/home\/wp-content\/uploads\/2022\/07\/21-22-KlassensprecherSMV-Fahrt-B-250x167.jpg 250w, https:\/\/www.rwg-bayreuth.de\/home\/wp-content\/uploads\/2022\/07\/21-22-KlassensprecherSMV-Fahrt-B-900x600.jpg 900w, https:\/\/www.rwg-bayreuth.de\/home\/wp-content\/uploads\/2022\/07\/21-22-KlassensprecherSMV-Fahrt-B.jpg 1024w\" sizes=\"(max-width: 450px) 100vw, 450px\" \/><\/a><\/p>\n<p>Zum Ende des Schuljahres ging es f\u00fcr die SMV und die Klassensprecher*innen des RWG am Donnerstag, dem 30.06.2022, auf eine gemeinsame Fahrt ins Naturfreundehaus nach Weidenberg. Es wurde Vieles geplant, besprochen und diskutiert, aber auch viel gelacht und gespielt. <\/p>\n<p>Nach der gro\u00dfen Pause am Donnerstag startete die Fahrt f\u00fcr alle mit einem Fu\u00dfmarsch zum Bahnhof, um von dort aus mit dem Zug nach Weidenberg zu fahren. Dort angekommen war unsere erste Aufgabe, gemeinschaftlich als Team den Weg zum Naturfreundehaus zu finden, wobei es galt, keine geteerten Stra\u00dfen zu benutzen. Als wir nach ca. einer Stunde Wanderung durch die Natur Weidenbergs an unserem Ziel ankamen, waren wir, aufgrund des warmen Wetters zwar durchgeschwitzt, aber daf\u00fcr erfolgreich und (zumindest meistens) gut gelaunt. Nach einer kurzen Mittagspause hie\u00df es dann, sich an unsere Tagesordnung zu setzen. <\/p>\n<p>Wir begannen mit einem R\u00fcckblick und Ausblick auf die SMV-Aktionen im Schuljahr 2021\/22, wo unter anderem die Aktionen der Sch\u00fclersprecher*innen und der einzelnen SVM-Teams besprochen wurden. Weiter ging es mit der Organisation des Schulfestes. Hier wurden beispielsweise die einzelnen St\u00e4nde der Klassen geplant. Au\u00dferdem wurde die Mediennutzung an der Schule ab 2022 diskutiert, aber auch Probleme an der Schule, wie Vandalismus angesprochen.  <\/p>\n<p>Nach diesem ereignisreichen Nachmittag lie\u00dfen wir den Abend gem\u00fctlich mit gemeinsamem Pizzaessen und Zusammensitzen ausklingen. Als immer mehr der Sch\u00fcler*innen m\u00fcde wurden, verkrochen wir uns alle in unsere Schlafs\u00e4cke (die meisten im Haus, aber einige schliefen auf der Terrasse oder ganz unter freiem Himmel). <\/p>\n<p>Der n\u00e4chste Morgen begann mit einem reichhaltigen Fr\u00fchst\u00fcck und nachdem alle satt waren, hie\u00df es nur noch einpacken, aufr\u00e4umen und auf zum Gigaplay. Dort kamen wir nach einer kleinen Wanderung im Regen ein wenig nass, aber daf\u00fcr voller Vorfreude an. Nach viel Spa\u00df, Rennen und Herumtoben wurde dann der Weg zum Bahnhof angetreten. Von dort aus ging es mit dem Zug zur\u00fcck nach Bayreuth, wo unsere Fahrt endete. <\/p>\n<div class=\"su-image-carousel  su-image-carousel-columns-5 su-image-carousel-has-spacing su-image-carousel-crop su-image-carousel-crop-1-1 su-image-carousel-has-lightbox su-image-carousel-has-outline su-image-carousel-adaptive su-image-carousel-slides-style-minimal su-image-carousel-controls-style-light su-image-carousel-align-none\" style=\"\" data-flickity-options='{\"groupCells\":true,\"cellSelector\":\".su-image-carousel-item\",\"adaptiveHeight\":false,\"cellAlign\":\"left\",\"prevNextButtons\":true,\"pageDots\":false,\"autoPlay\":4000,\"imagesLoaded\":true,\"contain\":true,\"selectedAttraction\":0.025000000000000001,\"friction\":0.28000000000000003}' id=\"su_image_carousel_69f1c1e1c7bb9\"><div class=\"su-image-carousel-item\"><div class=\"su-image-carousel-item-content\"><a href=\"https:\/\/www.rwg-bayreuth.de\/home\/wp-content\/uploads\/2022\/07\/21-22-KlassensprecherSMV-Fahrt-1.jpg\" data-caption=\"\"><img loading=\"lazy\" decoding=\"async\" width=\"768\" height=\"1024\" src=\"https:\/\/www.rwg-bayreuth.de\/home\/wp-content\/uploads\/2022\/07\/21-22-KlassensprecherSMV-Fahrt-1.jpg\" class=\"\" alt=\"\" srcset=\"https:\/\/www.rwg-bayreuth.de\/home\/wp-content\/uploads\/2022\/07\/21-22-KlassensprecherSMV-Fahrt-1.jpg 768w, https:\/\/www.rwg-bayreuth.de\/home\/wp-content\/uploads\/2022\/07\/21-22-KlassensprecherSMV-Fahrt-1-338x450.jpg 338w, https:\/\/www.rwg-bayreuth.de\/home\/wp-content\/uploads\/2022\/07\/21-22-KlassensprecherSMV-Fahrt-1-250x333.jpg 250w\" sizes=\"(max-width: 768px) 100vw, 768px\" \/><\/a><\/div><\/div><div class=\"su-image-carousel-item\"><div class=\"su-image-carousel-item-content\"><a href=\"https:\/\/www.rwg-bayreuth.de\/home\/wp-content\/uploads\/2022\/07\/21-22-KlassensprecherSMV-Fahrt-2.jpg\" data-caption=\"\"><img loading=\"lazy\" decoding=\"async\" width=\"1024\" height=\"768\" src=\"https:\/\/www.rwg-bayreuth.de\/home\/wp-content\/uploads\/2022\/07\/21-22-KlassensprecherSMV-Fahrt-2.jpg\" class=\"\" alt=\"\" srcset=\"https:\/\/www.rwg-bayreuth.de\/home\/wp-content\/uploads\/2022\/07\/21-22-KlassensprecherSMV-Fahrt-2.jpg 1024w, https:\/\/www.rwg-bayreuth.de\/home\/wp-content\/uploads\/2022\/07\/21-22-KlassensprecherSMV-Fahrt-2-450x338.jpg 450w, https:\/\/www.rwg-bayreuth.de\/home\/wp-content\/uploads\/2022\/07\/21-22-KlassensprecherSMV-Fahrt-2-768x576.jpg 768w, https:\/\/www.rwg-bayreuth.de\/home\/wp-content\/uploads\/2022\/07\/21-22-KlassensprecherSMV-Fahrt-2-250x188.jpg 250w\" sizes=\"(max-width: 1024px) 100vw, 1024px\" \/><\/a><\/div><\/div><div class=\"su-image-carousel-item\"><div class=\"su-image-carousel-item-content\"><a href=\"https:\/\/www.rwg-bayreuth.de\/home\/wp-content\/uploads\/2022\/07\/21-22-KlassensprecherSMV-Fahrt-3.jpg\" data-caption=\"\"><img loading=\"lazy\" decoding=\"async\" width=\"768\" height=\"1024\" src=\"https:\/\/www.rwg-bayreuth.de\/home\/wp-content\/uploads\/2022\/07\/21-22-KlassensprecherSMV-Fahrt-3.jpg\" class=\"\" alt=\"\" srcset=\"https:\/\/www.rwg-bayreuth.de\/home\/wp-content\/uploads\/2022\/07\/21-22-KlassensprecherSMV-Fahrt-3.jpg 768w, https:\/\/www.rwg-bayreuth.de\/home\/wp-content\/uploads\/2022\/07\/21-22-KlassensprecherSMV-Fahrt-3-338x450.jpg 338w, https:\/\/www.rwg-bayreuth.de\/home\/wp-content\/uploads\/2022\/07\/21-22-KlassensprecherSMV-Fahrt-3-250x333.jpg 250w\" sizes=\"(max-width: 768px) 100vw, 768px\" \/><\/a><\/div><\/div><div class=\"su-image-carousel-item\"><div class=\"su-image-carousel-item-content\"><a href=\"https:\/\/www.rwg-bayreuth.de\/home\/wp-content\/uploads\/2022\/07\/21-22-KlassensprecherSMV-Fahrt-4.jpg\" data-caption=\"\"><img loading=\"lazy\" decoding=\"async\" width=\"768\" height=\"1024\" src=\"https:\/\/www.rwg-bayreuth.de\/home\/wp-content\/uploads\/2022\/07\/21-22-KlassensprecherSMV-Fahrt-4.jpg\" class=\"\" alt=\"\" srcset=\"https:\/\/www.rwg-bayreuth.de\/home\/wp-content\/uploads\/2022\/07\/21-22-KlassensprecherSMV-Fahrt-4.jpg 768w, https:\/\/www.rwg-bayreuth.de\/home\/wp-content\/uploads\/2022\/07\/21-22-KlassensprecherSMV-Fahrt-4-338x450.jpg 338w, https:\/\/www.rwg-bayreuth.de\/home\/wp-content\/uploads\/2022\/07\/21-22-KlassensprecherSMV-Fahrt-4-250x333.jpg 250w\" sizes=\"(max-width: 768px) 100vw, 768px\" \/><\/a><\/div><\/div><div class=\"su-image-carousel-item\"><div class=\"su-image-carousel-item-content\"><a href=\"https:\/\/www.rwg-bayreuth.de\/home\/wp-content\/uploads\/2022\/07\/21-22-KlassensprecherSMV-Fahrt-5.jpg\" data-caption=\"\"><img loading=\"lazy\" decoding=\"async\" width=\"1024\" height=\"768\" src=\"https:\/\/www.rwg-bayreuth.de\/home\/wp-content\/uploads\/2022\/07\/21-22-KlassensprecherSMV-Fahrt-5.jpg\" class=\"\" alt=\"\" srcset=\"https:\/\/www.rwg-bayreuth.de\/home\/wp-content\/uploads\/2022\/07\/21-22-KlassensprecherSMV-Fahrt-5.jpg 1024w, https:\/\/www.rwg-bayreuth.de\/home\/wp-content\/uploads\/2022\/07\/21-22-KlassensprecherSMV-Fahrt-5-450x338.jpg 450w, https:\/\/www.rwg-bayreuth.de\/home\/wp-content\/uploads\/2022\/07\/21-22-KlassensprecherSMV-Fahrt-5-768x576.jpg 768w, https:\/\/www.rwg-bayreuth.de\/home\/wp-content\/uploads\/2022\/07\/21-22-KlassensprecherSMV-Fahrt-5-250x188.jpg 250w\" sizes=\"(max-width: 1024px) 100vw, 1024px\" \/><\/a><\/div><\/div><div class=\"su-image-carousel-item\"><div class=\"su-image-carousel-item-content\"><a href=\"https:\/\/www.rwg-bayreuth.de\/home\/wp-content\/uploads\/2022\/07\/21-22-KlassensprecherSMV-Fahrt-6.jpg\" data-caption=\"\"><img loading=\"lazy\" decoding=\"async\" width=\"768\" height=\"1024\" src=\"https:\/\/www.rwg-bayreuth.de\/home\/wp-content\/uploads\/2022\/07\/21-22-KlassensprecherSMV-Fahrt-6.jpg\" class=\"\" alt=\"\" srcset=\"https:\/\/www.rwg-bayreuth.de\/home\/wp-content\/uploads\/2022\/07\/21-22-KlassensprecherSMV-Fahrt-6.jpg 768w, https:\/\/www.rwg-bayreuth.de\/home\/wp-content\/uploads\/2022\/07\/21-22-KlassensprecherSMV-Fahrt-6-338x450.jpg 338w, https:\/\/www.rwg-bayreuth.de\/home\/wp-content\/uploads\/2022\/07\/21-22-KlassensprecherSMV-Fahrt-6-250x333.jpg 250w\" sizes=\"(max-width: 768px) 100vw, 768px\" \/><\/a><\/div><\/div><div class=\"su-image-carousel-item\"><div class=\"su-image-carousel-item-content\"><a href=\"https:\/\/www.rwg-bayreuth.de\/home\/wp-content\/uploads\/2022\/07\/21-22-KlassensprecherSMV-Fahrt-7.jpg\" data-caption=\"\"><img loading=\"lazy\" decoding=\"async\" width=\"768\" height=\"1024\" src=\"https:\/\/www.rwg-bayreuth.de\/home\/wp-content\/uploads\/2022\/07\/21-22-KlassensprecherSMV-Fahrt-7.jpg\" class=\"\" alt=\"\" srcset=\"https:\/\/www.rwg-bayreuth.de\/home\/wp-content\/uploads\/2022\/07\/21-22-KlassensprecherSMV-Fahrt-7.jpg 768w, https:\/\/www.rwg-bayreuth.de\/home\/wp-content\/uploads\/2022\/07\/21-22-KlassensprecherSMV-Fahrt-7-338x450.jpg 338w, https:\/\/www.rwg-bayreuth.de\/home\/wp-content\/uploads\/2022\/07\/21-22-KlassensprecherSMV-Fahrt-7-250x333.jpg 250w\" sizes=\"(max-width: 768px) 100vw, 768px\" \/><\/a><\/div><\/div><div class=\"su-image-carousel-item\"><div class=\"su-image-carousel-item-content\"><a href=\"https:\/\/www.rwg-bayreuth.de\/home\/wp-content\/uploads\/2022\/07\/21-22-KlassensprecherSMV-Fahrt-8.jpg\" data-caption=\"\"><img loading=\"lazy\" decoding=\"async\" width=\"768\" height=\"1024\" src=\"https:\/\/www.rwg-bayreuth.de\/home\/wp-content\/uploads\/2022\/07\/21-22-KlassensprecherSMV-Fahrt-8.jpg\" class=\"\" alt=\"\" srcset=\"https:\/\/www.rwg-bayreuth.de\/home\/wp-content\/uploads\/2022\/07\/21-22-KlassensprecherSMV-Fahrt-8.jpg 768w, https:\/\/www.rwg-bayreuth.de\/home\/wp-content\/uploads\/2022\/07\/21-22-KlassensprecherSMV-Fahrt-8-338x450.jpg 338w, https:\/\/www.rwg-bayreuth.de\/home\/wp-content\/uploads\/2022\/07\/21-22-KlassensprecherSMV-Fahrt-8-250x333.jpg 250w\" sizes=\"(max-width: 768px) 100vw, 768px\" \/><\/a><\/div><\/div><div class=\"su-image-carousel-item\"><div class=\"su-image-carousel-item-content\"><a href=\"https:\/\/www.rwg-bayreuth.de\/home\/wp-content\/uploads\/2022\/07\/21-22-KlassensprecherSMV-Fahrt-9.jpg\" data-caption=\"\"><img loading=\"lazy\" decoding=\"async\" width=\"1024\" height=\"768\" src=\"https:\/\/www.rwg-bayreuth.de\/home\/wp-content\/uploads\/2022\/07\/21-22-KlassensprecherSMV-Fahrt-9.jpg\" class=\"\" alt=\"\" srcset=\"https:\/\/www.rwg-bayreuth.de\/home\/wp-content\/uploads\/2022\/07\/21-22-KlassensprecherSMV-Fahrt-9.jpg 1024w, https:\/\/www.rwg-bayreuth.de\/home\/wp-content\/uploads\/2022\/07\/21-22-KlassensprecherSMV-Fahrt-9-450x338.jpg 450w, https:\/\/www.rwg-bayreuth.de\/home\/wp-content\/uploads\/2022\/07\/21-22-KlassensprecherSMV-Fahrt-9-768x576.jpg 768w, https:\/\/www.rwg-bayreuth.de\/home\/wp-content\/uploads\/2022\/07\/21-22-KlassensprecherSMV-Fahrt-9-250x188.jpg 250w\" sizes=\"(max-width: 1024px) 100vw, 1024px\" \/><\/a><\/div><\/div><div class=\"su-image-carousel-item\"><div class=\"su-image-carousel-item-content\"><a href=\"https:\/\/www.rwg-bayreuth.de\/home\/wp-content\/uploads\/2022\/07\/21-22-KlassensprecherSMV-Fahrt-10.jpg\" data-caption=\"\"><img loading=\"lazy\" decoding=\"async\" width=\"1024\" height=\"768\" src=\"https:\/\/www.rwg-bayreuth.de\/home\/wp-content\/uploads\/2022\/07\/21-22-KlassensprecherSMV-Fahrt-10.jpg\" class=\"\" alt=\"\" srcset=\"https:\/\/www.rwg-bayreuth.de\/home\/wp-content\/uploads\/2022\/07\/21-22-KlassensprecherSMV-Fahrt-10.jpg 1024w, https:\/\/www.rwg-bayreuth.de\/home\/wp-content\/uploads\/2022\/07\/21-22-KlassensprecherSMV-Fahrt-10-450x338.jpg 450w, https:\/\/www.rwg-bayreuth.de\/home\/wp-content\/uploads\/2022\/07\/21-22-KlassensprecherSMV-Fahrt-10-768x576.jpg 768w, https:\/\/www.rwg-bayreuth.de\/home\/wp-content\/uploads\/2022\/07\/21-22-KlassensprecherSMV-Fahrt-10-250x188.jpg 250w\" sizes=\"(max-width: 1024px) 100vw, 1024px\" \/><\/a><\/div><\/div><div class=\"su-image-carousel-item\"><div class=\"su-image-carousel-item-content\"><a href=\"https:\/\/www.rwg-bayreuth.de\/home\/wp-content\/uploads\/2022\/07\/21-22-KlassensprecherSMV-Fahrt-11.jpg\" data-caption=\"\"><img loading=\"lazy\" decoding=\"async\" width=\"1024\" height=\"768\" src=\"https:\/\/www.rwg-bayreuth.de\/home\/wp-content\/uploads\/2022\/07\/21-22-KlassensprecherSMV-Fahrt-11.jpg\" class=\"\" alt=\"\" srcset=\"https:\/\/www.rwg-bayreuth.de\/home\/wp-content\/uploads\/2022\/07\/21-22-KlassensprecherSMV-Fahrt-11.jpg 1024w, https:\/\/www.rwg-bayreuth.de\/home\/wp-content\/uploads\/2022\/07\/21-22-KlassensprecherSMV-Fahrt-11-450x338.jpg 450w, https:\/\/www.rwg-bayreuth.de\/home\/wp-content\/uploads\/2022\/07\/21-22-KlassensprecherSMV-Fahrt-11-768x576.jpg 768w, https:\/\/www.rwg-bayreuth.de\/home\/wp-content\/uploads\/2022\/07\/21-22-KlassensprecherSMV-Fahrt-11-250x188.jpg 250w\" sizes=\"(max-width: 1024px) 100vw, 1024px\" \/><\/a><\/div><\/div><\/div><script id=\"su_image_carousel_69f1c1e1c7bb9_script\">if(window.SUImageCarousel){setTimeout(function() {window.SUImageCarousel.initGallery(document.getElementById(\"su_image_carousel_69f1c1e1c7bb9\"))}, 0);}var su_image_carousel_69f1c1e1c7bb9_script=document.getElementById(\"su_image_carousel_69f1c1e1c7bb9_script\");if(su_image_carousel_69f1c1e1c7bb9_script){su_image_carousel_69f1c1e1c7bb9_script.parentNode.removeChild(su_image_carousel_69f1c1e1c7bb9_script);}<\/script>\n<p>Vielen lieben Dank an unsere Verbindungslehrkr\u00e4fte Herr Bauer und Frau Keyser, aber auch an die Klassensprecher*innen und SMV-Mitglieder, die alle dazu beigetragen haben, dass die Fahrt zu einer gelungenen Sache wurde. <\/p>\n<p><em>Eure SMV<\/em><\/p>\n","protected":false},"excerpt":{"rendered":"<p>Zum Ende des Schuljahres ging es f\u00fcr die SMV und die Klassensprecher*innen des RWG am Donnerstag, dem 30.06.2022, auf eine gemeinsame Fahrt ins Naturfreundehaus nach Weidenberg. Es wurde Vieles geplant, besprochen und diskutiert, aber auch viel gelacht und gespielt. Nach der gro\u00dfen Pause am Donnerstag startete die Fahrt f\u00fcr alle mit einem Fu\u00dfmarsch zum Bahnhof,&hellip;<\/p>\n","protected":false},"author":11,"featured_media":31552,"comment_status":"closed","ping_status":"closed","sticky":false,"template":"","format":"standard","meta":{"footnotes":""},"categories":[1],"tags":[51,35],"_links":{"self":[{"href":"https:\/\/www.rwg-bayreuth.de\/home\/index.php?rest_route=\/wp\/v2\/posts\/31551"}],"collection":[{"href":"https:\/\/www.rwg-bayreuth.de\/home\/index.php?rest_route=\/wp\/v2\/posts"}],"about":[{"href":"https:\/\/www.rwg-bayreuth.de\/home\/index.php?rest_route=\/wp\/v2\/types\/post"}],"author":[{"embeddable":true,"href":"https:\/\/www.rwg-bayreuth.de\/home\/index.php?rest_route=\/wp\/v2\/users\/11"}],"replies":[{"embeddable":true,"href":"https:\/\/www.rwg-bayreuth.de\/home\/index.php?rest_route=%2Fwp%2Fv2%2Fcomments&post=31551"}],"version-history":[{"count":1,"href":"https:\/\/www.rwg-bayreuth.de\/home\/index.php?rest_route=\/wp\/v2\/posts\/31551\/revisions"}],"predecessor-version":[{"id":31564,"href":"https:\/\/www.rwg-bayreuth.de\/home\/index.php?rest_route=\/wp\/v2\/posts\/31551\/revisions\/31564"}],"wp:featuredmedia":[{"embeddable":true,"href":"https:\/\/www.rwg-bayreuth.de\/home\/index.php?rest_route=\/wp\/v2\/media\/31552"}],"wp:attachment":[{"href":"https:\/\/www.rwg-bayreuth.de\/home\/index.php?rest_route=%2Fwp%2Fv2%2Fmedia&parent=31551"}],"wp:term":[{"taxonomy":"category","embeddable":true,"href":"https:\/\/www.rwg-bayreuth.de\/home\/index.php?rest_route=%2Fwp%2Fv2%2Fcategories&post=31551"},{"taxonomy":"post_tag","embeddable":true,"href":"https:\/\/www.rwg-bayreuth.de\/home\/index.php?rest_route=%2Fwp%2Fv2%2Ftags&post=31551"}],"curies":[{"name":"wp","href":"https:\/\/api.w.org\/{rel}","templated":true}]}}