{"id":31536,"date":"2022-07-11T06:55:22","date_gmt":"2022-07-11T04:55:22","guid":{"rendered":"http:\/\/www.rwg-bayreuth.de\/home\/?p=31536"},"modified":"2024-03-20T13:43:13","modified_gmt":"2024-03-20T12:43:13","slug":"schreibfoerderung-durch-kreatives-schreiben-wenn-aus-schuelerinnen-autorinnen-werden","status":"publish","type":"post","link":"https:\/\/www.rwg-bayreuth.de\/home\/?p=31536","title":{"rendered":"Schreibf\u00f6rderung durch kreatives Schreiben: Wenn aus Sch\u00fclerinnen Autorinnen werden"},"content":{"rendered":"<p><a href=\"https:\/\/www.rwg-bayreuth.de\/home\/wp-content\/uploads\/2022\/07\/21-22-Deutsch-Schreibwettbewerb.jpg\"><img loading=\"lazy\" decoding=\"async\" src=\"https:\/\/www.rwg-bayreuth.de\/home\/wp-content\/uploads\/2022\/07\/21-22-Deutsch-Schreibwettbewerb-450x300.jpg\" alt=\"\" width=\"450\" height=\"300\" class=\"aligncenter size-medium wp-image-31537\" srcset=\"https:\/\/www.rwg-bayreuth.de\/home\/wp-content\/uploads\/2022\/07\/21-22-Deutsch-Schreibwettbewerb-450x300.jpg 450w, https:\/\/www.rwg-bayreuth.de\/home\/wp-content\/uploads\/2022\/07\/21-22-Deutsch-Schreibwettbewerb-768x512.jpg 768w, https:\/\/www.rwg-bayreuth.de\/home\/wp-content\/uploads\/2022\/07\/21-22-Deutsch-Schreibwettbewerb-250x167.jpg 250w, https:\/\/www.rwg-bayreuth.de\/home\/wp-content\/uploads\/2022\/07\/21-22-Deutsch-Schreibwettbewerb-900x600.jpg 900w, https:\/\/www.rwg-bayreuth.de\/home\/wp-content\/uploads\/2022\/07\/21-22-Deutsch-Schreibwettbewerb.jpg 1024w\" sizes=\"(max-width: 450px) 100vw, 450px\" \/><\/a><\/p>\n<p>\u00dcber erfreulich kreative K\u00f6pfe verf\u00fcgt die Klasse 8b, aus der in diesem Schuljahr zwei Sch\u00fclerinnen mit ihren spannenden Fantasygeschichten an Schreibwettbewerben teilgenommen haben.<\/p>\n<p>Anl\u00e4sslich des E.T.A.-Hoffmann-Jahres 2022 reichte Julia Kre\u00df ihre Erz\u00e4hlung mit dem Titel \u201eDreamkeeper\u201c beim literarischen Schreibwettbewerb der Deutschen Akademie f\u00fcr Kinder- und Jugendliteratur ein. Derzeit sind wir noch auf das Ergebnis und die Entscheidung der Jury gespannt.<\/p>\n<p>Mit ihrer Fantasygeschichte \u201eDie Reise\u201c hat Anna Gr\u00f6ger bereits \u00fcberzeugt, so dass diese in der Rubrik \u201eGarten-, Feld- und Waldgeschichten\u201c auf <a href=\"http:\/\/www.literaturkreisel.de\" rel=\"noopener noreferrer\" target=\"_blank\">literaturkreisel.de<\/a> zur Ver\u00f6ffentlichung ausgew\u00e4hlt wurde. Diese Wettbewerbe werden von Laura M\u00fcller, einer Germanistin (M.A.), Referentin f\u00fcr Lesemotivation und -f\u00f6rderung sowie Lerntherapeutin initiiert. Die ausgew\u00e4hlten Geschichten werden als Sammelband ver\u00f6ffentlicht, so dass Sch\u00fcler*innen bereits in jungen Jahren zu Autor*innen werden k\u00f6nnen. Wir gratulieren Anna zu diesem tollen Erfolg und ihrer ersten Ver\u00f6ffentlichung! <\/p>\n<p><em>Dr. Isabell Br\u00e4hler-K\u00f6rner<\/em><\/p>\n","protected":false},"excerpt":{"rendered":"<p>\u00dcber erfreulich kreative K\u00f6pfe verf\u00fcgt die Klasse 8b, aus der in diesem Schuljahr zwei Sch\u00fclerinnen mit ihren spannenden Fantasygeschichten an Schreibwettbewerben teilgenommen haben. Anl\u00e4sslich des E.T.A.-Hoffmann-Jahres 2022 reichte Julia Kre\u00df ihre Erz\u00e4hlung mit dem Titel \u201eDreamkeeper\u201c beim literarischen Schreibwettbewerb der Deutschen Akademie f\u00fcr Kinder- und Jugendliteratur ein. Derzeit sind wir noch auf das Ergebnis und&hellip;<\/p>\n","protected":false},"author":11,"featured_media":31537,"comment_status":"closed","ping_status":"closed","sticky":false,"template":"","format":"standard","meta":{"footnotes":""},"categories":[1],"tags":[59,51,71],"_links":{"self":[{"href":"https:\/\/www.rwg-bayreuth.de\/home\/index.php?rest_route=\/wp\/v2\/posts\/31536"}],"collection":[{"href":"https:\/\/www.rwg-bayreuth.de\/home\/index.php?rest_route=\/wp\/v2\/posts"}],"about":[{"href":"https:\/\/www.rwg-bayreuth.de\/home\/index.php?rest_route=\/wp\/v2\/types\/post"}],"author":[{"embeddable":true,"href":"https:\/\/www.rwg-bayreuth.de\/home\/index.php?rest_route=\/wp\/v2\/users\/11"}],"replies":[{"embeddable":true,"href":"https:\/\/www.rwg-bayreuth.de\/home\/index.php?rest_route=%2Fwp%2Fv2%2Fcomments&post=31536"}],"version-history":[{"count":6,"href":"https:\/\/www.rwg-bayreuth.de\/home\/index.php?rest_route=\/wp\/v2\/posts\/31536\/revisions"}],"predecessor-version":[{"id":36158,"href":"https:\/\/www.rwg-bayreuth.de\/home\/index.php?rest_route=\/wp\/v2\/posts\/31536\/revisions\/36158"}],"wp:featuredmedia":[{"embeddable":true,"href":"https:\/\/www.rwg-bayreuth.de\/home\/index.php?rest_route=\/wp\/v2\/media\/31537"}],"wp:attachment":[{"href":"https:\/\/www.rwg-bayreuth.de\/home\/index.php?rest_route=%2Fwp%2Fv2%2Fmedia&parent=31536"}],"wp:term":[{"taxonomy":"category","embeddable":true,"href":"https:\/\/www.rwg-bayreuth.de\/home\/index.php?rest_route=%2Fwp%2Fv2%2Fcategories&post=31536"},{"taxonomy":"post_tag","embeddable":true,"href":"https:\/\/www.rwg-bayreuth.de\/home\/index.php?rest_route=%2Fwp%2Fv2%2Ftags&post=31536"}],"curies":[{"name":"wp","href":"https:\/\/api.w.org\/{rel}","templated":true}]}}