{"id":31533,"date":"2022-07-13T06:52:45","date_gmt":"2022-07-13T04:52:45","guid":{"rendered":"http:\/\/www.rwg-bayreuth.de\/home\/?p=31533"},"modified":"2022-07-13T18:03:26","modified_gmt":"2022-07-13T16:03:26","slug":"digitalitaet-als-chance-eine-online-lesung-mit-der-preisgekroenten-autorin-tamara-bach","status":"publish","type":"post","link":"https:\/\/www.rwg-bayreuth.de\/home\/?p=31533","title":{"rendered":"Digitalit\u00e4t als Chance: Eine Online-Lesung mit der preisgekr\u00f6nten Autorin Tamara Bach"},"content":{"rendered":"<p><!--(2.6.2022)--><a href=\"https:\/\/www.rwg-bayreuth.de\/home\/wp-content\/uploads\/2022\/07\/21-22-Deutsch-Bach.jpg\"><img loading=\"lazy\" decoding=\"async\" src=\"https:\/\/www.rwg-bayreuth.de\/home\/wp-content\/uploads\/2022\/07\/21-22-Deutsch-Bach-450x300.jpg\" alt=\"\" width=\"450\" height=\"300\" class=\"aligncenter size-medium wp-image-31534\" srcset=\"https:\/\/www.rwg-bayreuth.de\/home\/wp-content\/uploads\/2022\/07\/21-22-Deutsch-Bach-450x300.jpg 450w, https:\/\/www.rwg-bayreuth.de\/home\/wp-content\/uploads\/2022\/07\/21-22-Deutsch-Bach-768x512.jpg 768w, https:\/\/www.rwg-bayreuth.de\/home\/wp-content\/uploads\/2022\/07\/21-22-Deutsch-Bach-250x167.jpg 250w, https:\/\/www.rwg-bayreuth.de\/home\/wp-content\/uploads\/2022\/07\/21-22-Deutsch-Bach-900x600.jpg 900w, https:\/\/www.rwg-bayreuth.de\/home\/wp-content\/uploads\/2022\/07\/21-22-Deutsch-Bach.jpg 1024w\" sizes=\"(max-width: 450px) 100vw, 450px\" \/><\/a><\/p>\n<p>W\u00e4hrend sich die mehrfach ausgezeichnete deutsche Autorin Tamara Bach in Berlin befindet, sitzen unsere Sch\u00fcler*innen der Klassen 8b, c und e gespannt auf ihren Pl\u00e4tzen in der Aula und fragen sich, was sie bei dieser Online-Lesung wohl erwarten wird. Die Schriftstellerin Tamara Bach wird f\u00fcr uns, dank der bereitwilligen Mithilfe und technischen Unterst\u00fctzung von Herrn Dr. Schraml, auf gro\u00dfer Leinwand zugeschaltet und beginnt nach einer kurzen Vorstellung mit der Lekt\u00fcre aus ihrem Werk \u201eSankt Irgendwas\u201c (2020) \u2013 ein Buch, das sowohl in sprachlicher als auch formaler Hinsicht eine Besonderheit darstellt. Frau Bach liest zun\u00e4chst aus dem, wie man bei anderen Werken sagen w\u00fcrde, Prolog vor. Es handelt sich hierbei um eine Diskussion von Sch\u00fcler*innen ausschlie\u00dflich in direkter Rede verfasst, in welcher man in Erfahrung bringen m\u00f6chte, was bei der Klassenfahrt der 10b wohl schiefgelaufen sei. Es werden dabei alle m\u00f6glichen Szenarien durchgespielt und wilde Spekulationen benannt. Aufgrund der fehlenden Namen und Erz\u00e4hlerfigur k\u00f6nnte sich diese Szene auf jedem Pausenhof so ereignet haben \u2013 f\u00fcr unsere Sch\u00fcler*innen also ein perfekter Auftakt, da sie sich in die Situation bestens hineinversetzen k\u00f6nnen. Im Anschluss an diese erste Leserunde d\u00fcrfen Fragen seitens der Sch\u00fcler*innen gestellt werden, die sich im Wesentlichen auf den Ablauf der Produktion und der Ver\u00f6ffentlichung, der Schaffensphase selbst sowie auf den Schreibstil, die sehr individuelle Sprache oder auch das Cover beziehen. Darauf folgen eine weitere Lese- und Fragerunde, wobei die zahlreichen Fragen seitens der Sch\u00fcler*innen eine tolle R\u00fcckmeldung f\u00fcr Tamara Bach sind, da sie deren Interesse an ihrem Werk und ihrer Person bekunden. Eine etwas au\u00dfergew\u00f6hnliche, da digitale, aber sehr gelungene Lesung, die man jederzeit im n\u00e4chsten Schuljahr wiederholen k\u00f6nnte!<\/p>\n<p><em>Dr. Isabell Br\u00e4hler-K\u00f6rner<\/em><\/p>\n","protected":false},"excerpt":{"rendered":"<p>W\u00e4hrend sich die mehrfach ausgezeichnete deutsche Autorin Tamara Bach in Berlin befindet, sitzen unsere Sch\u00fcler*innen der Klassen 8b, c und e gespannt auf ihren Pl\u00e4tzen in der Aula und fragen sich, was sie bei dieser Online-Lesung wohl erwarten wird. Die Schriftstellerin Tamara Bach wird f\u00fcr uns, dank der bereitwilligen Mithilfe und technischen Unterst\u00fctzung von Herrn&hellip;<\/p>\n","protected":false},"author":11,"featured_media":31534,"comment_status":"closed","ping_status":"closed","sticky":false,"template":"","format":"standard","meta":{"footnotes":""},"categories":[1],"tags":[59,51],"_links":{"self":[{"href":"https:\/\/www.rwg-bayreuth.de\/home\/index.php?rest_route=\/wp\/v2\/posts\/31533"}],"collection":[{"href":"https:\/\/www.rwg-bayreuth.de\/home\/index.php?rest_route=\/wp\/v2\/posts"}],"about":[{"href":"https:\/\/www.rwg-bayreuth.de\/home\/index.php?rest_route=\/wp\/v2\/types\/post"}],"author":[{"embeddable":true,"href":"https:\/\/www.rwg-bayreuth.de\/home\/index.php?rest_route=\/wp\/v2\/users\/11"}],"replies":[{"embeddable":true,"href":"https:\/\/www.rwg-bayreuth.de\/home\/index.php?rest_route=%2Fwp%2Fv2%2Fcomments&post=31533"}],"version-history":[{"count":2,"href":"https:\/\/www.rwg-bayreuth.de\/home\/index.php?rest_route=\/wp\/v2\/posts\/31533\/revisions"}],"predecessor-version":[{"id":31544,"href":"https:\/\/www.rwg-bayreuth.de\/home\/index.php?rest_route=\/wp\/v2\/posts\/31533\/revisions\/31544"}],"wp:featuredmedia":[{"embeddable":true,"href":"https:\/\/www.rwg-bayreuth.de\/home\/index.php?rest_route=\/wp\/v2\/media\/31534"}],"wp:attachment":[{"href":"https:\/\/www.rwg-bayreuth.de\/home\/index.php?rest_route=%2Fwp%2Fv2%2Fmedia&parent=31533"}],"wp:term":[{"taxonomy":"category","embeddable":true,"href":"https:\/\/www.rwg-bayreuth.de\/home\/index.php?rest_route=%2Fwp%2Fv2%2Fcategories&post=31533"},{"taxonomy":"post_tag","embeddable":true,"href":"https:\/\/www.rwg-bayreuth.de\/home\/index.php?rest_route=%2Fwp%2Fv2%2Ftags&post=31533"}],"curies":[{"name":"wp","href":"https:\/\/api.w.org\/{rel}","templated":true}]}}