{"id":31507,"date":"2022-06-29T06:09:13","date_gmt":"2022-06-29T04:09:13","guid":{"rendered":"http:\/\/www.rwg-bayreuth.de\/home\/?p=31507"},"modified":"2022-10-12T15:48:27","modified_gmt":"2022-10-12T13:48:27","slug":"sommerserenade-des-rwg-das-oeffentliche-musikleben-blueht-wieder-auf","status":"publish","type":"post","link":"https:\/\/www.rwg-bayreuth.de\/home\/?p=31507","title":{"rendered":"Sommerserenade des RWG: Das \u00f6ffentliche Musikleben bl\u00fcht wieder auf"},"content":{"rendered":"<p><a href=\"https:\/\/www.rwg-bayreuth.de\/home\/wp-content\/uploads\/2022\/07\/21-22-Musik-Sommerserenade.jpg\"><img loading=\"lazy\" decoding=\"async\" src=\"https:\/\/www.rwg-bayreuth.de\/home\/wp-content\/uploads\/2022\/07\/21-22-Musik-Sommerserenade-450x253.jpg\" alt=\"\" width=\"450\" height=\"253\" class=\"aligncenter size-medium wp-image-31508\" srcset=\"https:\/\/www.rwg-bayreuth.de\/home\/wp-content\/uploads\/2022\/07\/21-22-Musik-Sommerserenade-450x253.jpg 450w, https:\/\/www.rwg-bayreuth.de\/home\/wp-content\/uploads\/2022\/07\/21-22-Musik-Sommerserenade-768x432.jpg 768w, https:\/\/www.rwg-bayreuth.de\/home\/wp-content\/uploads\/2022\/07\/21-22-Musik-Sommerserenade-250x141.jpg 250w, https:\/\/www.rwg-bayreuth.de\/home\/wp-content\/uploads\/2022\/07\/21-22-Musik-Sommerserenade.jpg 1024w, https:\/\/www.rwg-bayreuth.de\/home\/wp-content\/uploads\/2022\/07\/21-22-Musik-Sommerserenade-800x450.jpg 800w\" sizes=\"(max-width: 450px) 100vw, 450px\" \/><\/a><\/p>\n<p>Am Dienstagabend, den 28.06.2022, begr\u00fc\u00dfte OStDin Ursula Graf die rund 120 Zuh\u00f6rerinnen und Zuh\u00f6rer in der vollbesetzten Aula des Richard-Wagner-Gymnasiums zur ersten \u00f6ffentlichen, musikalischen Veranstaltung seit Beginn der Corona-Pandemie. Die Freude, dass nach einer solch langen Zeit unter wechselnden Hygiene- und Infektionsschutzma\u00dfnahmen im schulischen Bereich sowie einem gr\u00f6\u00dferen personellen Wechsel in der Fachschaft Musik wieder ein Konzert stattfinden kann, war nicht nur der Schulleiterin, sondern auch allen anderen Anwesenden der Schulfamilie sowie den weiteren G\u00e4sten anzusehen. Insgesamt ca. 40 Musikerinnen und Musiker bewiesen in den nachfolgenden 75 Minuten in verschiedenen Ensembles und solistischen Beitr\u00e4gen, dass sie sich trotz oder gerade wegen Corona ihre Freude am gemeinsamen Musizieren nicht nehmen haben lassen. Das Programm bot dabei eine Vielfalt von Bigband-Sounds \u00fcber Cello- und Klavier-Kl\u00e4nge, Gesangsbeitr\u00e4ge, einem Auftritt des Fl\u00f6tenduetts und Gitarrenensembles bis hin zu den beiden Ch\u00f6ren des RWG \u2013 dem Unterstufenchor sowie dem Mittel-\/Oberstufen-Chor. Dazu f\u00fchrten Maja Bock (Q12) sowie Victor Kling (Q11) mit ihrer Moderation gekonnt und schwungvoll durch die abwechslungsreichen Programmbeitr\u00e4ge. Allen mitwirkenden Sch\u00fclerinnen und Sch\u00fclern war die Begeisterung \u00fcber die gelungene Sommerserenade und der \u201eHunger\u201c nach weiteren musikalischen Veranstaltungen deutlich anzusehen. So hoffen sie zusammen mit ihren Musik-Lehrkr\u00e4ften Julian Pfister, Elisabeth Kircheis, Judith Fink-Porr, Ulrike Mehling, Gerlinde Nerlich und Tatjana Hubert, dass die Corona-Situation im Jahr 2022 auch wieder ein stimmungsvolles Weihnachtskonzert in Pr\u00e4senz zulassen wird.<\/p>\n<p><em>StRin Elisabeth Kircheis<\/em><\/p>\n","protected":false},"excerpt":{"rendered":"<p>Am Dienstagabend, den 28.06.2022, begr\u00fc\u00dfte OStDin Ursula Graf die rund 120 Zuh\u00f6rerinnen und Zuh\u00f6rer in der vollbesetzten Aula des Richard-Wagner-Gymnasiums zur ersten \u00f6ffentlichen, musikalischen Veranstaltung seit Beginn der Corona-Pandemie. Die Freude, dass nach einer solch langen Zeit unter wechselnden Hygiene- und Infektionsschutzma\u00dfnahmen im schulischen Bereich sowie einem gr\u00f6\u00dferen personellen Wechsel in der Fachschaft Musik wieder&hellip;<\/p>\n","protected":false},"author":11,"featured_media":31509,"comment_status":"closed","ping_status":"closed","sticky":false,"template":"","format":"standard","meta":{"footnotes":""},"categories":[1],"tags":[51,44],"_links":{"self":[{"href":"https:\/\/www.rwg-bayreuth.de\/home\/index.php?rest_route=\/wp\/v2\/posts\/31507"}],"collection":[{"href":"https:\/\/www.rwg-bayreuth.de\/home\/index.php?rest_route=\/wp\/v2\/posts"}],"about":[{"href":"https:\/\/www.rwg-bayreuth.de\/home\/index.php?rest_route=\/wp\/v2\/types\/post"}],"author":[{"embeddable":true,"href":"https:\/\/www.rwg-bayreuth.de\/home\/index.php?rest_route=\/wp\/v2\/users\/11"}],"replies":[{"embeddable":true,"href":"https:\/\/www.rwg-bayreuth.de\/home\/index.php?rest_route=%2Fwp%2Fv2%2Fcomments&post=31507"}],"version-history":[{"count":1,"href":"https:\/\/www.rwg-bayreuth.de\/home\/index.php?rest_route=\/wp\/v2\/posts\/31507\/revisions"}],"predecessor-version":[{"id":31510,"href":"https:\/\/www.rwg-bayreuth.de\/home\/index.php?rest_route=\/wp\/v2\/posts\/31507\/revisions\/31510"}],"wp:featuredmedia":[{"embeddable":true,"href":"https:\/\/www.rwg-bayreuth.de\/home\/index.php?rest_route=\/wp\/v2\/media\/31509"}],"wp:attachment":[{"href":"https:\/\/www.rwg-bayreuth.de\/home\/index.php?rest_route=%2Fwp%2Fv2%2Fmedia&parent=31507"}],"wp:term":[{"taxonomy":"category","embeddable":true,"href":"https:\/\/www.rwg-bayreuth.de\/home\/index.php?rest_route=%2Fwp%2Fv2%2Fcategories&post=31507"},{"taxonomy":"post_tag","embeddable":true,"href":"https:\/\/www.rwg-bayreuth.de\/home\/index.php?rest_route=%2Fwp%2Fv2%2Ftags&post=31507"}],"curies":[{"name":"wp","href":"https:\/\/api.w.org\/{rel}","templated":true}]}}