{"id":31473,"date":"2022-06-29T18:12:09","date_gmt":"2022-06-29T16:12:09","guid":{"rendered":"http:\/\/www.rwg-bayreuth.de\/home\/?p=31473"},"modified":"2022-07-01T17:18:06","modified_gmt":"2022-07-01T15:18:06","slug":"abicetamol-der-abi-jahrgang-2022-verlaesst-das-rwg","status":"publish","type":"post","link":"https:\/\/www.rwg-bayreuth.de\/home\/?p=31473","title":{"rendered":"\u201eABIcetamol\u201c \u2013 Der Abi-Jahrgang 2022 verl\u00e4sst das RWG"},"content":{"rendered":"<div class=\"su-image-carousel  su-image-carousel-has-spacing su-image-carousel-crop su-image-carousel-crop-3-2 su-image-carousel-has-lightbox su-image-carousel-has-outline su-image-carousel-adaptive su-image-carousel-slides-style-minimal su-image-carousel-controls-style-light su-image-carousel-align-center\" style=\"max-width:450px\" data-flickity-options='{\"groupCells\":true,\"cellSelector\":\".su-image-carousel-item\",\"adaptiveHeight\":false,\"cellAlign\":\"left\",\"prevNextButtons\":true,\"pageDots\":false,\"autoPlay\":4000,\"imagesLoaded\":true,\"contain\":true,\"selectedAttraction\":0.025000000000000001,\"friction\":0.28000000000000003}' id=\"su_image_carousel_69f1ce92d2fa2\"><div class=\"su-image-carousel-item\"><div class=\"su-image-carousel-item-content\"><a href=\"https:\/\/www.rwg-bayreuth.de\/home\/wp-content\/uploads\/2022\/06\/21-22-Abiverabschiedung-1-1.jpg\" data-caption=\"\"><img loading=\"lazy\" decoding=\"async\" width=\"1024\" height=\"683\" src=\"https:\/\/www.rwg-bayreuth.de\/home\/wp-content\/uploads\/2022\/06\/21-22-Abiverabschiedung-1-1.jpg\" class=\"\" alt=\"\" srcset=\"https:\/\/www.rwg-bayreuth.de\/home\/wp-content\/uploads\/2022\/06\/21-22-Abiverabschiedung-1-1.jpg 1024w, https:\/\/www.rwg-bayreuth.de\/home\/wp-content\/uploads\/2022\/06\/21-22-Abiverabschiedung-1-1-450x300.jpg 450w, https:\/\/www.rwg-bayreuth.de\/home\/wp-content\/uploads\/2022\/06\/21-22-Abiverabschiedung-1-1-768x512.jpg 768w, https:\/\/www.rwg-bayreuth.de\/home\/wp-content\/uploads\/2022\/06\/21-22-Abiverabschiedung-1-1-250x167.jpg 250w, https:\/\/www.rwg-bayreuth.de\/home\/wp-content\/uploads\/2022\/06\/21-22-Abiverabschiedung-1-1-900x600.jpg 900w\" sizes=\"(max-width: 1024px) 100vw, 1024px\" \/><\/a><\/div><\/div><div class=\"su-image-carousel-item\"><div class=\"su-image-carousel-item-content\"><a href=\"https:\/\/www.rwg-bayreuth.de\/home\/wp-content\/uploads\/2022\/06\/21-22-Abiverabschiedung-2-1.jpg\" data-caption=\"\"><img loading=\"lazy\" decoding=\"async\" width=\"1024\" height=\"683\" src=\"https:\/\/www.rwg-bayreuth.de\/home\/wp-content\/uploads\/2022\/06\/21-22-Abiverabschiedung-2-1.jpg\" class=\"\" alt=\"\" srcset=\"https:\/\/www.rwg-bayreuth.de\/home\/wp-content\/uploads\/2022\/06\/21-22-Abiverabschiedung-2-1.jpg 1024w, https:\/\/www.rwg-bayreuth.de\/home\/wp-content\/uploads\/2022\/06\/21-22-Abiverabschiedung-2-1-450x300.jpg 450w, https:\/\/www.rwg-bayreuth.de\/home\/wp-content\/uploads\/2022\/06\/21-22-Abiverabschiedung-2-1-768x512.jpg 768w, https:\/\/www.rwg-bayreuth.de\/home\/wp-content\/uploads\/2022\/06\/21-22-Abiverabschiedung-2-1-250x167.jpg 250w, https:\/\/www.rwg-bayreuth.de\/home\/wp-content\/uploads\/2022\/06\/21-22-Abiverabschiedung-2-1-900x600.jpg 900w\" sizes=\"(max-width: 1024px) 100vw, 1024px\" \/><\/a><\/div><\/div><div class=\"su-image-carousel-item\"><div class=\"su-image-carousel-item-content\"><a href=\"https:\/\/www.rwg-bayreuth.de\/home\/wp-content\/uploads\/2022\/06\/21-22-Abiverabschiedung-3-1.jpg\" data-caption=\"\"><img loading=\"lazy\" decoding=\"async\" width=\"1024\" height=\"683\" src=\"https:\/\/www.rwg-bayreuth.de\/home\/wp-content\/uploads\/2022\/06\/21-22-Abiverabschiedung-3-1.jpg\" class=\"\" alt=\"\" srcset=\"https:\/\/www.rwg-bayreuth.de\/home\/wp-content\/uploads\/2022\/06\/21-22-Abiverabschiedung-3-1.jpg 1024w, https:\/\/www.rwg-bayreuth.de\/home\/wp-content\/uploads\/2022\/06\/21-22-Abiverabschiedung-3-1-450x300.jpg 450w, https:\/\/www.rwg-bayreuth.de\/home\/wp-content\/uploads\/2022\/06\/21-22-Abiverabschiedung-3-1-768x512.jpg 768w, https:\/\/www.rwg-bayreuth.de\/home\/wp-content\/uploads\/2022\/06\/21-22-Abiverabschiedung-3-1-250x167.jpg 250w, https:\/\/www.rwg-bayreuth.de\/home\/wp-content\/uploads\/2022\/06\/21-22-Abiverabschiedung-3-1-900x600.jpg 900w\" sizes=\"(max-width: 1024px) 100vw, 1024px\" \/><\/a><\/div><\/div><div class=\"su-image-carousel-item\"><div class=\"su-image-carousel-item-content\"><a href=\"https:\/\/www.rwg-bayreuth.de\/home\/wp-content\/uploads\/2022\/06\/21-22-Abiverabschiedung-4.jpg\" data-caption=\"\"><img loading=\"lazy\" decoding=\"async\" width=\"1024\" height=\"683\" src=\"https:\/\/www.rwg-bayreuth.de\/home\/wp-content\/uploads\/2022\/06\/21-22-Abiverabschiedung-4.jpg\" class=\"\" alt=\"\" srcset=\"https:\/\/www.rwg-bayreuth.de\/home\/wp-content\/uploads\/2022\/06\/21-22-Abiverabschiedung-4.jpg 1024w, https:\/\/www.rwg-bayreuth.de\/home\/wp-content\/uploads\/2022\/06\/21-22-Abiverabschiedung-4-450x300.jpg 450w, https:\/\/www.rwg-bayreuth.de\/home\/wp-content\/uploads\/2022\/06\/21-22-Abiverabschiedung-4-768x512.jpg 768w, https:\/\/www.rwg-bayreuth.de\/home\/wp-content\/uploads\/2022\/06\/21-22-Abiverabschiedung-4-250x167.jpg 250w, https:\/\/www.rwg-bayreuth.de\/home\/wp-content\/uploads\/2022\/06\/21-22-Abiverabschiedung-4-900x600.jpg 900w\" sizes=\"(max-width: 1024px) 100vw, 1024px\" \/><\/a><\/div><\/div><div class=\"su-image-carousel-item\"><div class=\"su-image-carousel-item-content\"><a href=\"https:\/\/www.rwg-bayreuth.de\/home\/wp-content\/uploads\/2022\/06\/21-22-Abiverabschiedung-5.jpg\" data-caption=\"\"><img loading=\"lazy\" decoding=\"async\" width=\"1024\" height=\"683\" src=\"https:\/\/www.rwg-bayreuth.de\/home\/wp-content\/uploads\/2022\/06\/21-22-Abiverabschiedung-5.jpg\" class=\"\" alt=\"\" srcset=\"https:\/\/www.rwg-bayreuth.de\/home\/wp-content\/uploads\/2022\/06\/21-22-Abiverabschiedung-5.jpg 1024w, https:\/\/www.rwg-bayreuth.de\/home\/wp-content\/uploads\/2022\/06\/21-22-Abiverabschiedung-5-450x300.jpg 450w, https:\/\/www.rwg-bayreuth.de\/home\/wp-content\/uploads\/2022\/06\/21-22-Abiverabschiedung-5-768x512.jpg 768w, https:\/\/www.rwg-bayreuth.de\/home\/wp-content\/uploads\/2022\/06\/21-22-Abiverabschiedung-5-250x167.jpg 250w, https:\/\/www.rwg-bayreuth.de\/home\/wp-content\/uploads\/2022\/06\/21-22-Abiverabschiedung-5-900x600.jpg 900w\" sizes=\"(max-width: 1024px) 100vw, 1024px\" \/><\/a><\/div><\/div><div class=\"su-image-carousel-item\"><div class=\"su-image-carousel-item-content\"><a href=\"https:\/\/www.rwg-bayreuth.de\/home\/wp-content\/uploads\/2022\/06\/21-22-Abiverabschiedung-6.jpg\" data-caption=\"\"><img loading=\"lazy\" decoding=\"async\" width=\"1024\" height=\"683\" src=\"https:\/\/www.rwg-bayreuth.de\/home\/wp-content\/uploads\/2022\/06\/21-22-Abiverabschiedung-6.jpg\" class=\"\" alt=\"\" srcset=\"https:\/\/www.rwg-bayreuth.de\/home\/wp-content\/uploads\/2022\/06\/21-22-Abiverabschiedung-6.jpg 1024w, https:\/\/www.rwg-bayreuth.de\/home\/wp-content\/uploads\/2022\/06\/21-22-Abiverabschiedung-6-450x300.jpg 450w, https:\/\/www.rwg-bayreuth.de\/home\/wp-content\/uploads\/2022\/06\/21-22-Abiverabschiedung-6-768x512.jpg 768w, https:\/\/www.rwg-bayreuth.de\/home\/wp-content\/uploads\/2022\/06\/21-22-Abiverabschiedung-6-250x167.jpg 250w, https:\/\/www.rwg-bayreuth.de\/home\/wp-content\/uploads\/2022\/06\/21-22-Abiverabschiedung-6-900x600.jpg 900w\" sizes=\"(max-width: 1024px) 100vw, 1024px\" \/><\/a><\/div><\/div><div class=\"su-image-carousel-item\"><div class=\"su-image-carousel-item-content\"><a href=\"https:\/\/www.rwg-bayreuth.de\/home\/wp-content\/uploads\/2022\/06\/21-22-Abiverabschiedung-7.jpg\" data-caption=\"\"><img loading=\"lazy\" decoding=\"async\" width=\"1024\" height=\"683\" src=\"https:\/\/www.rwg-bayreuth.de\/home\/wp-content\/uploads\/2022\/06\/21-22-Abiverabschiedung-7.jpg\" class=\"\" alt=\"\" srcset=\"https:\/\/www.rwg-bayreuth.de\/home\/wp-content\/uploads\/2022\/06\/21-22-Abiverabschiedung-7.jpg 1024w, https:\/\/www.rwg-bayreuth.de\/home\/wp-content\/uploads\/2022\/06\/21-22-Abiverabschiedung-7-450x300.jpg 450w, https:\/\/www.rwg-bayreuth.de\/home\/wp-content\/uploads\/2022\/06\/21-22-Abiverabschiedung-7-768x512.jpg 768w, https:\/\/www.rwg-bayreuth.de\/home\/wp-content\/uploads\/2022\/06\/21-22-Abiverabschiedung-7-250x167.jpg 250w, https:\/\/www.rwg-bayreuth.de\/home\/wp-content\/uploads\/2022\/06\/21-22-Abiverabschiedung-7-900x600.jpg 900w\" sizes=\"(max-width: 1024px) 100vw, 1024px\" \/><\/a><\/div><\/div><div class=\"su-image-carousel-item\"><div class=\"su-image-carousel-item-content\"><a href=\"https:\/\/www.rwg-bayreuth.de\/home\/wp-content\/uploads\/2022\/06\/21-22-Abiverabschiedung-8.jpg\" data-caption=\"\"><img loading=\"lazy\" decoding=\"async\" width=\"1024\" height=\"683\" src=\"https:\/\/www.rwg-bayreuth.de\/home\/wp-content\/uploads\/2022\/06\/21-22-Abiverabschiedung-8.jpg\" class=\"\" alt=\"\" srcset=\"https:\/\/www.rwg-bayreuth.de\/home\/wp-content\/uploads\/2022\/06\/21-22-Abiverabschiedung-8.jpg 1024w, https:\/\/www.rwg-bayreuth.de\/home\/wp-content\/uploads\/2022\/06\/21-22-Abiverabschiedung-8-450x300.jpg 450w, https:\/\/www.rwg-bayreuth.de\/home\/wp-content\/uploads\/2022\/06\/21-22-Abiverabschiedung-8-768x512.jpg 768w, https:\/\/www.rwg-bayreuth.de\/home\/wp-content\/uploads\/2022\/06\/21-22-Abiverabschiedung-8-250x167.jpg 250w, https:\/\/www.rwg-bayreuth.de\/home\/wp-content\/uploads\/2022\/06\/21-22-Abiverabschiedung-8-900x600.jpg 900w\" sizes=\"(max-width: 1024px) 100vw, 1024px\" \/><\/a><\/div><\/div><div class=\"su-image-carousel-item\"><div class=\"su-image-carousel-item-content\"><a href=\"https:\/\/www.rwg-bayreuth.de\/home\/wp-content\/uploads\/2022\/06\/21-22-Abiverabschiedung-9.jpg\" data-caption=\"\"><img loading=\"lazy\" decoding=\"async\" width=\"1024\" height=\"683\" src=\"https:\/\/www.rwg-bayreuth.de\/home\/wp-content\/uploads\/2022\/06\/21-22-Abiverabschiedung-9.jpg\" class=\"\" alt=\"\" srcset=\"https:\/\/www.rwg-bayreuth.de\/home\/wp-content\/uploads\/2022\/06\/21-22-Abiverabschiedung-9.jpg 1024w, https:\/\/www.rwg-bayreuth.de\/home\/wp-content\/uploads\/2022\/06\/21-22-Abiverabschiedung-9-450x300.jpg 450w, https:\/\/www.rwg-bayreuth.de\/home\/wp-content\/uploads\/2022\/06\/21-22-Abiverabschiedung-9-768x512.jpg 768w, https:\/\/www.rwg-bayreuth.de\/home\/wp-content\/uploads\/2022\/06\/21-22-Abiverabschiedung-9-250x167.jpg 250w, https:\/\/www.rwg-bayreuth.de\/home\/wp-content\/uploads\/2022\/06\/21-22-Abiverabschiedung-9-900x600.jpg 900w\" sizes=\"(max-width: 1024px) 100vw, 1024px\" \/><\/a><\/div><\/div><div class=\"su-image-carousel-item\"><div class=\"su-image-carousel-item-content\"><a href=\"https:\/\/www.rwg-bayreuth.de\/home\/wp-content\/uploads\/2022\/06\/21-22-Abiverabschiedung-10.jpg\" data-caption=\"\"><img loading=\"lazy\" decoding=\"async\" width=\"1024\" height=\"683\" src=\"https:\/\/www.rwg-bayreuth.de\/home\/wp-content\/uploads\/2022\/06\/21-22-Abiverabschiedung-10.jpg\" class=\"\" alt=\"\" srcset=\"https:\/\/www.rwg-bayreuth.de\/home\/wp-content\/uploads\/2022\/06\/21-22-Abiverabschiedung-10.jpg 1024w, https:\/\/www.rwg-bayreuth.de\/home\/wp-content\/uploads\/2022\/06\/21-22-Abiverabschiedung-10-450x300.jpg 450w, https:\/\/www.rwg-bayreuth.de\/home\/wp-content\/uploads\/2022\/06\/21-22-Abiverabschiedung-10-768x512.jpg 768w, https:\/\/www.rwg-bayreuth.de\/home\/wp-content\/uploads\/2022\/06\/21-22-Abiverabschiedung-10-250x167.jpg 250w, https:\/\/www.rwg-bayreuth.de\/home\/wp-content\/uploads\/2022\/06\/21-22-Abiverabschiedung-10-900x600.jpg 900w\" sizes=\"(max-width: 1024px) 100vw, 1024px\" \/><\/a><\/div><\/div><div class=\"su-image-carousel-item\"><div class=\"su-image-carousel-item-content\"><a href=\"https:\/\/www.rwg-bayreuth.de\/home\/wp-content\/uploads\/2022\/06\/21-22-Abiverabschiedung-11.jpg\" data-caption=\"\"><img loading=\"lazy\" decoding=\"async\" width=\"1024\" height=\"683\" src=\"https:\/\/www.rwg-bayreuth.de\/home\/wp-content\/uploads\/2022\/06\/21-22-Abiverabschiedung-11.jpg\" class=\"\" alt=\"\" srcset=\"https:\/\/www.rwg-bayreuth.de\/home\/wp-content\/uploads\/2022\/06\/21-22-Abiverabschiedung-11.jpg 1024w, https:\/\/www.rwg-bayreuth.de\/home\/wp-content\/uploads\/2022\/06\/21-22-Abiverabschiedung-11-450x300.jpg 450w, https:\/\/www.rwg-bayreuth.de\/home\/wp-content\/uploads\/2022\/06\/21-22-Abiverabschiedung-11-768x512.jpg 768w, https:\/\/www.rwg-bayreuth.de\/home\/wp-content\/uploads\/2022\/06\/21-22-Abiverabschiedung-11-250x167.jpg 250w, https:\/\/www.rwg-bayreuth.de\/home\/wp-content\/uploads\/2022\/06\/21-22-Abiverabschiedung-11-900x600.jpg 900w\" sizes=\"(max-width: 1024px) 100vw, 1024px\" \/><\/a><\/div><\/div><div class=\"su-image-carousel-item\"><div class=\"su-image-carousel-item-content\"><a href=\"https:\/\/www.rwg-bayreuth.de\/home\/wp-content\/uploads\/2022\/06\/21-22-Abiverabschiedung-12.jpg\" data-caption=\"\"><img loading=\"lazy\" decoding=\"async\" width=\"1024\" height=\"683\" src=\"https:\/\/www.rwg-bayreuth.de\/home\/wp-content\/uploads\/2022\/06\/21-22-Abiverabschiedung-12.jpg\" class=\"\" alt=\"\" srcset=\"https:\/\/www.rwg-bayreuth.de\/home\/wp-content\/uploads\/2022\/06\/21-22-Abiverabschiedung-12.jpg 1024w, https:\/\/www.rwg-bayreuth.de\/home\/wp-content\/uploads\/2022\/06\/21-22-Abiverabschiedung-12-450x300.jpg 450w, https:\/\/www.rwg-bayreuth.de\/home\/wp-content\/uploads\/2022\/06\/21-22-Abiverabschiedung-12-768x512.jpg 768w, https:\/\/www.rwg-bayreuth.de\/home\/wp-content\/uploads\/2022\/06\/21-22-Abiverabschiedung-12-250x167.jpg 250w, https:\/\/www.rwg-bayreuth.de\/home\/wp-content\/uploads\/2022\/06\/21-22-Abiverabschiedung-12-900x600.jpg 900w\" sizes=\"(max-width: 1024px) 100vw, 1024px\" \/><\/a><\/div><\/div><div class=\"su-image-carousel-item\"><div class=\"su-image-carousel-item-content\"><a href=\"https:\/\/www.rwg-bayreuth.de\/home\/wp-content\/uploads\/2022\/06\/21-22-Abiverabschiedung-14.jpg\" data-caption=\"\"><img loading=\"lazy\" decoding=\"async\" width=\"1024\" height=\"683\" src=\"https:\/\/www.rwg-bayreuth.de\/home\/wp-content\/uploads\/2022\/06\/21-22-Abiverabschiedung-14.jpg\" class=\"\" alt=\"\" srcset=\"https:\/\/www.rwg-bayreuth.de\/home\/wp-content\/uploads\/2022\/06\/21-22-Abiverabschiedung-14.jpg 1024w, https:\/\/www.rwg-bayreuth.de\/home\/wp-content\/uploads\/2022\/06\/21-22-Abiverabschiedung-14-450x300.jpg 450w, https:\/\/www.rwg-bayreuth.de\/home\/wp-content\/uploads\/2022\/06\/21-22-Abiverabschiedung-14-768x512.jpg 768w, https:\/\/www.rwg-bayreuth.de\/home\/wp-content\/uploads\/2022\/06\/21-22-Abiverabschiedung-14-250x167.jpg 250w, https:\/\/www.rwg-bayreuth.de\/home\/wp-content\/uploads\/2022\/06\/21-22-Abiverabschiedung-14-900x600.jpg 900w\" sizes=\"(max-width: 1024px) 100vw, 1024px\" \/><\/a><\/div><\/div><div class=\"su-image-carousel-item\"><div class=\"su-image-carousel-item-content\"><a href=\"https:\/\/www.rwg-bayreuth.de\/home\/wp-content\/uploads\/2022\/06\/21-22-Abiverabschiedung-15.jpg\" data-caption=\"\"><img loading=\"lazy\" decoding=\"async\" width=\"1024\" height=\"683\" src=\"https:\/\/www.rwg-bayreuth.de\/home\/wp-content\/uploads\/2022\/06\/21-22-Abiverabschiedung-15.jpg\" class=\"\" alt=\"\" srcset=\"https:\/\/www.rwg-bayreuth.de\/home\/wp-content\/uploads\/2022\/06\/21-22-Abiverabschiedung-15.jpg 1024w, https:\/\/www.rwg-bayreuth.de\/home\/wp-content\/uploads\/2022\/06\/21-22-Abiverabschiedung-15-450x300.jpg 450w, https:\/\/www.rwg-bayreuth.de\/home\/wp-content\/uploads\/2022\/06\/21-22-Abiverabschiedung-15-768x512.jpg 768w, https:\/\/www.rwg-bayreuth.de\/home\/wp-content\/uploads\/2022\/06\/21-22-Abiverabschiedung-15-250x167.jpg 250w, https:\/\/www.rwg-bayreuth.de\/home\/wp-content\/uploads\/2022\/06\/21-22-Abiverabschiedung-15-900x600.jpg 900w\" sizes=\"(max-width: 1024px) 100vw, 1024px\" \/><\/a><\/div><\/div><div class=\"su-image-carousel-item\"><div class=\"su-image-carousel-item-content\"><a href=\"https:\/\/www.rwg-bayreuth.de\/home\/wp-content\/uploads\/2022\/06\/21-22-Abiverabschiedung-16.jpg\" data-caption=\"\"><img loading=\"lazy\" decoding=\"async\" width=\"1024\" height=\"683\" src=\"https:\/\/www.rwg-bayreuth.de\/home\/wp-content\/uploads\/2022\/06\/21-22-Abiverabschiedung-16.jpg\" class=\"\" alt=\"\" srcset=\"https:\/\/www.rwg-bayreuth.de\/home\/wp-content\/uploads\/2022\/06\/21-22-Abiverabschiedung-16.jpg 1024w, https:\/\/www.rwg-bayreuth.de\/home\/wp-content\/uploads\/2022\/06\/21-22-Abiverabschiedung-16-450x300.jpg 450w, https:\/\/www.rwg-bayreuth.de\/home\/wp-content\/uploads\/2022\/06\/21-22-Abiverabschiedung-16-768x512.jpg 768w, https:\/\/www.rwg-bayreuth.de\/home\/wp-content\/uploads\/2022\/06\/21-22-Abiverabschiedung-16-250x167.jpg 250w, https:\/\/www.rwg-bayreuth.de\/home\/wp-content\/uploads\/2022\/06\/21-22-Abiverabschiedung-16-900x600.jpg 900w\" sizes=\"(max-width: 1024px) 100vw, 1024px\" \/><\/a><\/div><\/div><div class=\"su-image-carousel-item\"><div class=\"su-image-carousel-item-content\"><a href=\"https:\/\/www.rwg-bayreuth.de\/home\/wp-content\/uploads\/2022\/06\/21-22-Abiverabschiedung-17.jpg\" data-caption=\"\"><img loading=\"lazy\" decoding=\"async\" width=\"1024\" height=\"683\" src=\"https:\/\/www.rwg-bayreuth.de\/home\/wp-content\/uploads\/2022\/06\/21-22-Abiverabschiedung-17.jpg\" class=\"\" alt=\"\" srcset=\"https:\/\/www.rwg-bayreuth.de\/home\/wp-content\/uploads\/2022\/06\/21-22-Abiverabschiedung-17.jpg 1024w, https:\/\/www.rwg-bayreuth.de\/home\/wp-content\/uploads\/2022\/06\/21-22-Abiverabschiedung-17-450x300.jpg 450w, https:\/\/www.rwg-bayreuth.de\/home\/wp-content\/uploads\/2022\/06\/21-22-Abiverabschiedung-17-768x512.jpg 768w, https:\/\/www.rwg-bayreuth.de\/home\/wp-content\/uploads\/2022\/06\/21-22-Abiverabschiedung-17-250x167.jpg 250w, https:\/\/www.rwg-bayreuth.de\/home\/wp-content\/uploads\/2022\/06\/21-22-Abiverabschiedung-17-900x600.jpg 900w\" sizes=\"(max-width: 1024px) 100vw, 1024px\" \/><\/a><\/div><\/div><div class=\"su-image-carousel-item\"><div class=\"su-image-carousel-item-content\"><a href=\"https:\/\/www.rwg-bayreuth.de\/home\/wp-content\/uploads\/2022\/06\/21-22-Abiverabschiedung-18.jpg\" data-caption=\"\"><img loading=\"lazy\" decoding=\"async\" width=\"1024\" height=\"683\" src=\"https:\/\/www.rwg-bayreuth.de\/home\/wp-content\/uploads\/2022\/06\/21-22-Abiverabschiedung-18.jpg\" class=\"\" alt=\"\" srcset=\"https:\/\/www.rwg-bayreuth.de\/home\/wp-content\/uploads\/2022\/06\/21-22-Abiverabschiedung-18.jpg 1024w, https:\/\/www.rwg-bayreuth.de\/home\/wp-content\/uploads\/2022\/06\/21-22-Abiverabschiedung-18-450x300.jpg 450w, https:\/\/www.rwg-bayreuth.de\/home\/wp-content\/uploads\/2022\/06\/21-22-Abiverabschiedung-18-768x512.jpg 768w, https:\/\/www.rwg-bayreuth.de\/home\/wp-content\/uploads\/2022\/06\/21-22-Abiverabschiedung-18-250x167.jpg 250w, https:\/\/www.rwg-bayreuth.de\/home\/wp-content\/uploads\/2022\/06\/21-22-Abiverabschiedung-18-900x600.jpg 900w\" sizes=\"(max-width: 1024px) 100vw, 1024px\" \/><\/a><\/div><\/div><div class=\"su-image-carousel-item\"><div class=\"su-image-carousel-item-content\"><a href=\"https:\/\/www.rwg-bayreuth.de\/home\/wp-content\/uploads\/2022\/06\/21-22-Abiverabschiedung-19.jpg\" data-caption=\"\"><img loading=\"lazy\" decoding=\"async\" width=\"1024\" height=\"683\" src=\"https:\/\/www.rwg-bayreuth.de\/home\/wp-content\/uploads\/2022\/06\/21-22-Abiverabschiedung-19.jpg\" class=\"\" alt=\"\" srcset=\"https:\/\/www.rwg-bayreuth.de\/home\/wp-content\/uploads\/2022\/06\/21-22-Abiverabschiedung-19.jpg 1024w, https:\/\/www.rwg-bayreuth.de\/home\/wp-content\/uploads\/2022\/06\/21-22-Abiverabschiedung-19-450x300.jpg 450w, https:\/\/www.rwg-bayreuth.de\/home\/wp-content\/uploads\/2022\/06\/21-22-Abiverabschiedung-19-768x512.jpg 768w, https:\/\/www.rwg-bayreuth.de\/home\/wp-content\/uploads\/2022\/06\/21-22-Abiverabschiedung-19-250x167.jpg 250w, https:\/\/www.rwg-bayreuth.de\/home\/wp-content\/uploads\/2022\/06\/21-22-Abiverabschiedung-19-900x600.jpg 900w\" sizes=\"(max-width: 1024px) 100vw, 1024px\" \/><\/a><\/div><\/div><div class=\"su-image-carousel-item\"><div class=\"su-image-carousel-item-content\"><a href=\"https:\/\/www.rwg-bayreuth.de\/home\/wp-content\/uploads\/2022\/06\/21-22-Abiverabschiedung-20.jpg\" data-caption=\"\"><img loading=\"lazy\" decoding=\"async\" width=\"1024\" height=\"683\" src=\"https:\/\/www.rwg-bayreuth.de\/home\/wp-content\/uploads\/2022\/06\/21-22-Abiverabschiedung-20.jpg\" class=\"\" alt=\"\" srcset=\"https:\/\/www.rwg-bayreuth.de\/home\/wp-content\/uploads\/2022\/06\/21-22-Abiverabschiedung-20.jpg 1024w, https:\/\/www.rwg-bayreuth.de\/home\/wp-content\/uploads\/2022\/06\/21-22-Abiverabschiedung-20-450x300.jpg 450w, https:\/\/www.rwg-bayreuth.de\/home\/wp-content\/uploads\/2022\/06\/21-22-Abiverabschiedung-20-768x512.jpg 768w, https:\/\/www.rwg-bayreuth.de\/home\/wp-content\/uploads\/2022\/06\/21-22-Abiverabschiedung-20-250x167.jpg 250w, https:\/\/www.rwg-bayreuth.de\/home\/wp-content\/uploads\/2022\/06\/21-22-Abiverabschiedung-20-900x600.jpg 900w\" sizes=\"(max-width: 1024px) 100vw, 1024px\" \/><\/a><\/div><\/div><div class=\"su-image-carousel-item\"><div class=\"su-image-carousel-item-content\"><a href=\"https:\/\/www.rwg-bayreuth.de\/home\/wp-content\/uploads\/2022\/06\/21-22-Abiverabschiedung-21.jpg\" data-caption=\"\"><img loading=\"lazy\" decoding=\"async\" width=\"1024\" height=\"683\" src=\"https:\/\/www.rwg-bayreuth.de\/home\/wp-content\/uploads\/2022\/06\/21-22-Abiverabschiedung-21.jpg\" class=\"\" alt=\"\" srcset=\"https:\/\/www.rwg-bayreuth.de\/home\/wp-content\/uploads\/2022\/06\/21-22-Abiverabschiedung-21.jpg 1024w, https:\/\/www.rwg-bayreuth.de\/home\/wp-content\/uploads\/2022\/06\/21-22-Abiverabschiedung-21-450x300.jpg 450w, https:\/\/www.rwg-bayreuth.de\/home\/wp-content\/uploads\/2022\/06\/21-22-Abiverabschiedung-21-768x512.jpg 768w, https:\/\/www.rwg-bayreuth.de\/home\/wp-content\/uploads\/2022\/06\/21-22-Abiverabschiedung-21-250x167.jpg 250w, https:\/\/www.rwg-bayreuth.de\/home\/wp-content\/uploads\/2022\/06\/21-22-Abiverabschiedung-21-900x600.jpg 900w\" sizes=\"(max-width: 1024px) 100vw, 1024px\" \/><\/a><\/div><\/div><div class=\"su-image-carousel-item\"><div class=\"su-image-carousel-item-content\"><a href=\"https:\/\/www.rwg-bayreuth.de\/home\/wp-content\/uploads\/2022\/06\/21-22-Abiverabschiedung-22.jpg\" data-caption=\"\"><img loading=\"lazy\" decoding=\"async\" width=\"1024\" height=\"683\" src=\"https:\/\/www.rwg-bayreuth.de\/home\/wp-content\/uploads\/2022\/06\/21-22-Abiverabschiedung-22.jpg\" class=\"\" alt=\"\" srcset=\"https:\/\/www.rwg-bayreuth.de\/home\/wp-content\/uploads\/2022\/06\/21-22-Abiverabschiedung-22.jpg 1024w, https:\/\/www.rwg-bayreuth.de\/home\/wp-content\/uploads\/2022\/06\/21-22-Abiverabschiedung-22-450x300.jpg 450w, https:\/\/www.rwg-bayreuth.de\/home\/wp-content\/uploads\/2022\/06\/21-22-Abiverabschiedung-22-768x512.jpg 768w, https:\/\/www.rwg-bayreuth.de\/home\/wp-content\/uploads\/2022\/06\/21-22-Abiverabschiedung-22-250x167.jpg 250w, https:\/\/www.rwg-bayreuth.de\/home\/wp-content\/uploads\/2022\/06\/21-22-Abiverabschiedung-22-900x600.jpg 900w\" sizes=\"(max-width: 1024px) 100vw, 1024px\" \/><\/a><\/div><\/div><\/div><script id=\"su_image_carousel_69f1ce92d2fa2_script\">if(window.SUImageCarousel){setTimeout(function() {window.SUImageCarousel.initGallery(document.getElementById(\"su_image_carousel_69f1ce92d2fa2\"))}, 0);}var su_image_carousel_69f1ce92d2fa2_script=document.getElementById(\"su_image_carousel_69f1ce92d2fa2_script\");if(su_image_carousel_69f1ce92d2fa2_script){su_image_carousel_69f1ce92d2fa2_script.parentNode.removeChild(su_image_carousel_69f1ce92d2fa2_script);}<\/script>\n<p>\u201eABIcetamol \u2013 endlich hat der Schmerz ein Ende!\u201c Das Motto des diesj\u00e4hrigen Abiturjahrgangs war durchaus passend gew\u00e4hlt, verursachten die Einschr\u00e4nkungen der Corona-Pandemie doch wirklich manchmal Schmerzen\u2026<\/p>\n<p>Und so attestierte der Stellvertretende Schulleiter Herr Christian Str\u00f6hla in seiner Begr\u00fc\u00dfung den Abiturient*innen eine ausgepr\u00e4gte Resilienz, also psychische Anpassungsf\u00e4higkeit an die Widrigkeiten des On- und Offline-Lernens, des Homeschoolings und der st\u00e4ndigen Furcht vor dem Virus. Seine Rede bildete den Auftakt zu einer sehr unterhaltsamen Veranstaltung, an deren Ende die Hauptpersonen des Nachmittags mit ihren Abi-Zeugnissen stolz nach Hause gehen konnten.<\/p>\n<p>Vorher allerdings sorgte die RWG-Bigband nach zweij\u00e4hriger Pause f\u00fcr beschwingte T\u00f6ne zwischen den Redebeitr\u00e4gen, die professionell und kurzweilig vom Moderatorenteam Felizia Exner und Luis Hagen jeweils eingeleitet wurden.<\/p>\n<p><strong>\u201eMan muss lernen, was zu lernen ist, und dann seinen eigenen Weg gehen.\u201c<\/strong><br \/>\n(G.F. H\u00e4ndel)<\/p>\n<p>Diesem Zitat kam eine besondere Bedeutung zu, bezogen dieses doch sowohl die Oberstufenkoordinatorin Frau Annika Rupp als auch die Rednerinnen der Abiturient*innen Maja Bock, Felizia Exner und Esmeray G\u00f6ktas in ihre Beitr\u00e4ge ein. Die eine, um zum Betreten neuer Wege aufzurufen, die anderen um auch R\u00fcckschau zu halten auf das, was gelernt wurde und nach der insgesamt 12j\u00e4hrigen Schulzeit letztlich bleibt.<\/p>\n<p><strong>\u201eLiebe Eltern, wir haben es gut gemacht!\u201c<\/strong><\/p>\n<p>Zu diesem Schluss kam Frau Dr. Karin H\u00fcttner als stellvertretende Elternbeiratsvorsitzende und Abiturientinnenmutter. Sie erinnerte an manchmal auch stressige Zeiten in den vergangenen acht Jahren, in denen auf die schnelle noch ein Bio-Projekt oder andere BastellHerausforderungen auch unter gro\u00dfem Einsatz der Elternschaft gemeistert werden mussten. Der Elternbeiratsvorsitzende und Abiturientenvater Herr Sebastian Bojanowski blickte dagegen in die Zukunft und gab den Scheidenden mit auf den Weg, dass sie bei allem, was sie anfingen, sich von den Grundprinzipien Verantwortungsbewusstsein, Mut, Verbindlichkeit und Neugier leiten lassen sollten.<\/p>\n<p><strong>\u201eMeine Damen und Herren, benutzen Sie Sonnencreme!\u201c<\/strong><\/p>\n<p>Mit diesem f\u00fcr eine Abiturfeier eher ungew\u00f6hnlichen Rat begann die Schulleiterin Frau Ursula Graf ihre Rede, nachdem sie auf die Schullaufbahn der F\u00fcnftkl\u00e4sser*innen von 2014 zur\u00fcckgeblickt hatte und so manches Highlight nochmals vor Augen f\u00fchrte. Beim Rat zur Sonnencreme blieb es nat\u00fcrlich nicht! Wie die Autorin der ungew\u00f6hnlichen Aufforderung, die Journalistin Mary Schmich, so gab auch Frau Graf den Abiturient*innen mit auf den Weg, das Leben einerseits zu genie\u00dfen, aber auch anzupacken und Wagnisse einzugehen.<\/p>\n<p>Mit der Verleihung der Abiturzeugnisse endete die abwechslungsreiche Veranstaltung und fand ihren Ausklang im anschlie\u00dfenden Sektempfang und einem gem\u00fctlichen Beisammensein auf dem Herzogkeller.<\/p>\n<p>Die Schulfamilie des Richard-Wagner-Gymnasiums gratuliert allen Abiturientinnen und Abiturienten zur Hochschulreife und stellt anerkennend fest: Ihr habt so manchen Schmerz besiegt, aber es hat auch nicht alles wehgetan, denn eure Zeit bei uns war viel mehr als Corona! Wir werden euch vermissen!<\/p>\n<p><em>Nikolaus Lang<\/em><\/p>\n","protected":false},"excerpt":{"rendered":"<p>\u201eABIcetamol \u2013 endlich hat der Schmerz ein Ende!\u201c Das Motto des diesj\u00e4hrigen Abiturjahrgangs war durchaus passend gew\u00e4hlt, verursachten die Einschr\u00e4nkungen der Corona-Pandemie doch wirklich manchmal Schmerzen\u2026 Und so attestierte der Stellvertretende Schulleiter Herr Christian Str\u00f6hla in seiner Begr\u00fc\u00dfung den Abiturient*innen eine ausgepr\u00e4gte Resilienz, also psychische Anpassungsf\u00e4higkeit an die Widrigkeiten des On- und Offline-Lernens, des Homeschoolings&hellip;<\/p>\n","protected":false},"author":11,"featured_media":31480,"comment_status":"closed","ping_status":"closed","sticky":false,"template":"","format":"standard","meta":{"footnotes":""},"categories":[1],"tags":[51],"_links":{"self":[{"href":"https:\/\/www.rwg-bayreuth.de\/home\/index.php?rest_route=\/wp\/v2\/posts\/31473"}],"collection":[{"href":"https:\/\/www.rwg-bayreuth.de\/home\/index.php?rest_route=\/wp\/v2\/posts"}],"about":[{"href":"https:\/\/www.rwg-bayreuth.de\/home\/index.php?rest_route=\/wp\/v2\/types\/post"}],"author":[{"embeddable":true,"href":"https:\/\/www.rwg-bayreuth.de\/home\/index.php?rest_route=\/wp\/v2\/users\/11"}],"replies":[{"embeddable":true,"href":"https:\/\/www.rwg-bayreuth.de\/home\/index.php?rest_route=%2Fwp%2Fv2%2Fcomments&post=31473"}],"version-history":[{"count":8,"href":"https:\/\/www.rwg-bayreuth.de\/home\/index.php?rest_route=\/wp\/v2\/posts\/31473\/revisions"}],"predecessor-version":[{"id":31511,"href":"https:\/\/www.rwg-bayreuth.de\/home\/index.php?rest_route=\/wp\/v2\/posts\/31473\/revisions\/31511"}],"wp:featuredmedia":[{"embeddable":true,"href":"https:\/\/www.rwg-bayreuth.de\/home\/index.php?rest_route=\/wp\/v2\/media\/31480"}],"wp:attachment":[{"href":"https:\/\/www.rwg-bayreuth.de\/home\/index.php?rest_route=%2Fwp%2Fv2%2Fmedia&parent=31473"}],"wp:term":[{"taxonomy":"category","embeddable":true,"href":"https:\/\/www.rwg-bayreuth.de\/home\/index.php?rest_route=%2Fwp%2Fv2%2Fcategories&post=31473"},{"taxonomy":"post_tag","embeddable":true,"href":"https:\/\/www.rwg-bayreuth.de\/home\/index.php?rest_route=%2Fwp%2Fv2%2Ftags&post=31473"}],"curies":[{"name":"wp","href":"https:\/\/api.w.org\/{rel}","templated":true}]}}