{"id":31466,"date":"2022-07-02T06:39:18","date_gmt":"2022-07-02T04:39:18","guid":{"rendered":"http:\/\/www.rwg-bayreuth.de\/home\/?p=31466"},"modified":"2022-10-03T21:54:24","modified_gmt":"2022-10-03T19:54:24","slug":"neue-radbekleidung-fuer-die-mountainbikerinnen-und-mountainbiker-am-rwg","status":"publish","type":"post","link":"https:\/\/www.rwg-bayreuth.de\/home\/?p=31466","title":{"rendered":"Neue Radbekleidung f\u00fcr die Mountainbikerinnen und Mountainbiker am RWG"},"content":{"rendered":"<p><!--Neue Radbekleidung f\u00fcr das MTB-Team des RWG (?????)--><a href=\"https:\/\/www.rwg-bayreuth.de\/home\/wp-content\/uploads\/2022\/07\/21-22-Sport-MTB_Bekleidung-Team.jpg\"><img loading=\"lazy\" decoding=\"async\" src=\"https:\/\/www.rwg-bayreuth.de\/home\/wp-content\/uploads\/2022\/07\/21-22-Sport-MTB_Bekleidung-Team-450x300.jpg\" alt=\"\" width=\"450\" height=\"300\" class=\"aligncenter size-medium wp-image-31468\" srcset=\"https:\/\/www.rwg-bayreuth.de\/home\/wp-content\/uploads\/2022\/07\/21-22-Sport-MTB_Bekleidung-Team-450x300.jpg 450w, https:\/\/www.rwg-bayreuth.de\/home\/wp-content\/uploads\/2022\/07\/21-22-Sport-MTB_Bekleidung-Team-768x512.jpg 768w, https:\/\/www.rwg-bayreuth.de\/home\/wp-content\/uploads\/2022\/07\/21-22-Sport-MTB_Bekleidung-Team-250x167.jpg 250w, https:\/\/www.rwg-bayreuth.de\/home\/wp-content\/uploads\/2022\/07\/21-22-Sport-MTB_Bekleidung-Team-900x600.jpg 900w, https:\/\/www.rwg-bayreuth.de\/home\/wp-content\/uploads\/2022\/07\/21-22-Sport-MTB_Bekleidung-Team.jpg 1024w\" sizes=\"(max-width: 450px) 100vw, 450px\" \/><\/a><\/p>\n<p><a href=\"https:\/\/www.rwg-bayreuth.de\/home\/wp-content\/uploads\/2022\/07\/21-22-Sport-MTB_Bekleidung-Desing.jpg\"><img decoding=\"async\" src=\"https:\/\/www.rwg-bayreuth.de\/home\/wp-content\/uploads\/2022\/07\/21-22-Sport-MTB_Bekleidung-Desing.jpg\" alt=\"\" width=\"220\" height=\"auto\" class=\"alignright size-full wp-image-31469\" srcset=\"https:\/\/www.rwg-bayreuth.de\/home\/wp-content\/uploads\/2022\/07\/21-22-Sport-MTB_Bekleidung-Desing.jpg 527w, https:\/\/www.rwg-bayreuth.de\/home\/wp-content\/uploads\/2022\/07\/21-22-Sport-MTB_Bekleidung-Desing-232x450.jpg 232w, https:\/\/www.rwg-bayreuth.de\/home\/wp-content\/uploads\/2022\/07\/21-22-Sport-MTB_Bekleidung-Desing-250x486.jpg 250w\" sizes=\"(max-width: 527px) 100vw, 527px\" \/><\/a>In dieser Woche ist die neue RWG Radkollektion eingetroffen.<\/p>\n<p>\u00dcber 30 Sch\u00fclerinnen und Sch\u00fcler des RWG sind aktiv mit dem Mountainbike unterwegs.<br \/>\nHierf\u00fcr gibt es in diesem Schuljahr wieder eine neue schuleigene Radbekleidungskollektion, die unsere Sch\u00fclerinnen und Sch\u00fcler einerseits auf den Strecken in und um Bayreuth gut sichtbar macht und andererseits f\u00fcr jedes Wetter wappnet.<\/p>\n<p>Zudem startet unser M\u00e4dchen-Wettkampfmannschaft am 08.07.22 mit der neuen Bekleidung beim Landesfinale Mountainbike in Rappertshausen (Unterfranken).<\/p>\n<p>Umgesetzt konnte das Projekt werden, da sich dankenswerter Weise verschiedene Sponsoren f\u00fcr eine finanzielle Unterst\u00fctzung fanden. Ganz herzlichen Dank hierf\u00fcr!<\/p>\n","protected":false},"excerpt":{"rendered":"<p>In dieser Woche ist die neue RWG Radkollektion eingetroffen. \u00dcber 30 Sch\u00fclerinnen und Sch\u00fcler des RWG sind aktiv mit dem Mountainbike unterwegs. Hierf\u00fcr gibt es in diesem Schuljahr wieder eine neue schuleigene Radbekleidungskollektion, die unsere Sch\u00fclerinnen und Sch\u00fcler einerseits auf den Strecken in und um Bayreuth gut sichtbar macht und andererseits f\u00fcr jedes Wetter wappnet.&hellip;<\/p>\n","protected":false},"author":11,"featured_media":31468,"comment_status":"closed","ping_status":"closed","sticky":false,"template":"","format":"standard","meta":{"footnotes":""},"categories":[1],"tags":[51,135,63],"_links":{"self":[{"href":"https:\/\/www.rwg-bayreuth.de\/home\/index.php?rest_route=\/wp\/v2\/posts\/31466"}],"collection":[{"href":"https:\/\/www.rwg-bayreuth.de\/home\/index.php?rest_route=\/wp\/v2\/posts"}],"about":[{"href":"https:\/\/www.rwg-bayreuth.de\/home\/index.php?rest_route=\/wp\/v2\/types\/post"}],"author":[{"embeddable":true,"href":"https:\/\/www.rwg-bayreuth.de\/home\/index.php?rest_route=\/wp\/v2\/users\/11"}],"replies":[{"embeddable":true,"href":"https:\/\/www.rwg-bayreuth.de\/home\/index.php?rest_route=%2Fwp%2Fv2%2Fcomments&post=31466"}],"version-history":[{"count":3,"href":"https:\/\/www.rwg-bayreuth.de\/home\/index.php?rest_route=\/wp\/v2\/posts\/31466\/revisions"}],"predecessor-version":[{"id":31471,"href":"https:\/\/www.rwg-bayreuth.de\/home\/index.php?rest_route=\/wp\/v2\/posts\/31466\/revisions\/31471"}],"wp:featuredmedia":[{"embeddable":true,"href":"https:\/\/www.rwg-bayreuth.de\/home\/index.php?rest_route=\/wp\/v2\/media\/31468"}],"wp:attachment":[{"href":"https:\/\/www.rwg-bayreuth.de\/home\/index.php?rest_route=%2Fwp%2Fv2%2Fmedia&parent=31466"}],"wp:term":[{"taxonomy":"category","embeddable":true,"href":"https:\/\/www.rwg-bayreuth.de\/home\/index.php?rest_route=%2Fwp%2Fv2%2Fcategories&post=31466"},{"taxonomy":"post_tag","embeddable":true,"href":"https:\/\/www.rwg-bayreuth.de\/home\/index.php?rest_route=%2Fwp%2Fv2%2Ftags&post=31466"}],"curies":[{"name":"wp","href":"https:\/\/api.w.org\/{rel}","templated":true}]}}