{"id":31449,"date":"2022-06-25T21:13:49","date_gmt":"2022-06-25T19:13:49","guid":{"rendered":"http:\/\/www.rwg-bayreuth.de\/home\/?p=31449"},"modified":"2023-06-13T08:20:59","modified_gmt":"2023-06-13T06:20:59","slug":"rwg-radelt-fuer-den-klimaschutz","status":"publish","type":"post","link":"https:\/\/www.rwg-bayreuth.de\/home\/?p=31449","title":{"rendered":"RWG radelt f\u00fcr den Klimaschutz"},"content":{"rendered":"<p><h3>Sei dabei, unterst\u00fctze das Team des RWG und setze ein Zeichen f\u00fcr den Klimaschutz \u2013 SCHULRADELN 2022 vom 25.&nbsp;Juni bis zum 15.&nbsp;Juli.<\/h3>\n<\/p>\n<p><a href=\"https:\/\/www.rwg-bayreuth.de\/home\/wp-content\/uploads\/2022\/06\/21-22-Stadtradeln-Aushang.jpg\"><img loading=\"lazy\" decoding=\"async\" src=\"https:\/\/www.rwg-bayreuth.de\/home\/wp-content\/uploads\/2022\/06\/21-22-Stadtradeln-Aushang-318x450.jpg\" alt=\"\" width=\"318\" height=\"450\" class=\"aligncenter size-medium wp-image-31451\" srcset=\"https:\/\/www.rwg-bayreuth.de\/home\/wp-content\/uploads\/2022\/06\/21-22-Stadtradeln-Aushang-318x450.jpg 318w, https:\/\/www.rwg-bayreuth.de\/home\/wp-content\/uploads\/2022\/06\/21-22-Stadtradeln-Aushang-724x1024.jpg 724w, https:\/\/www.rwg-bayreuth.de\/home\/wp-content\/uploads\/2022\/06\/21-22-Stadtradeln-Aushang-768x1086.jpg 768w, https:\/\/www.rwg-bayreuth.de\/home\/wp-content\/uploads\/2022\/06\/21-22-Stadtradeln-Aushang-1087x1536.jpg 1087w, https:\/\/www.rwg-bayreuth.de\/home\/wp-content\/uploads\/2022\/06\/21-22-Stadtradeln-Aushang-1449x2048.jpg 1449w, https:\/\/www.rwg-bayreuth.de\/home\/wp-content\/uploads\/2022\/06\/21-22-Stadtradeln-Aushang-250x353.jpg 250w, https:\/\/www.rwg-bayreuth.de\/home\/wp-content\/uploads\/2022\/06\/21-22-Stadtradeln-Aushang.jpg 1666w\" sizes=\"(max-width: 318px) 100vw, 318px\" \/><\/a><\/p>\n<h3>Was ist SCHULRADELN?<\/h3>\n<p>Es geht darum, 21 Tage lang m\u00f6glichst viele Alltagswege klimafreundlich mit dem Fahrrad zur\u00fcckzulegen. Dabei ist es egal, ob du bereits jeden Tag f\u00e4hrst oder bisher eher selten mit dem Rad unterwegs bist. Jeder Kilometer z\u00e4hlt \u2013 erst recht, wenn du ihn sonst mit dem Auto zur\u00fcckgelegt h\u00e4ttest. Am Ende der Aktion gibt es Urkunden und tolle Preise zu gewinnen.<\/p>\n<h3>Wie kann ich dabei sein?<\/h3>\n<ol style=\"padding-left: 25px\">\n<li>Auf folgenden Link klicken: <a href=\"https:\/\/www.stadtradeln.de\/schulradeln-bayern\">https:\/\/www.stadtradeln.de\/schulradeln-bayern<\/a><br \/>\n (oder den QR-Code auf dem Aushang nutzen)<\/li>\n<li>Kommune Bayreuth ausw\u00e4hlen<\/li>\n<li>Team des Richard-Wagner-Gymnasiums ausw\u00e4hlen<\/li>\n<li>Jeden Rad-Kilometer w\u00e4hrend der dreiw\u00f6chigen Aktionszeit online ins km-Buch eingetragen oder direkt \u00fcber die STADTRADELN-App tracken.<\/li>\n<\/ol>\n","protected":false},"excerpt":{"rendered":"<p>Sei dabei, unterst\u00fctze das Team des RWG und setze ein Zeichen f\u00fcr den Klimaschutz \u2013 SCHULRADELN 2022 vom 25.&nbsp;Juni bis zum 15.&nbsp;Juli. Was ist SCHULRADELN? Es geht darum, 21 Tage lang m\u00f6glichst viele Alltagswege klimafreundlich mit dem Fahrrad zur\u00fcckzulegen. Dabei ist es egal, ob du bereits jeden Tag f\u00e4hrst oder bisher eher selten mit dem&hellip;<\/p>\n","protected":false},"author":11,"featured_media":31457,"comment_status":"closed","ping_status":"closed","sticky":false,"template":"","format":"standard","meta":{"footnotes":""},"categories":[1],"tags":[51,63],"_links":{"self":[{"href":"https:\/\/www.rwg-bayreuth.de\/home\/index.php?rest_route=\/wp\/v2\/posts\/31449"}],"collection":[{"href":"https:\/\/www.rwg-bayreuth.de\/home\/index.php?rest_route=\/wp\/v2\/posts"}],"about":[{"href":"https:\/\/www.rwg-bayreuth.de\/home\/index.php?rest_route=\/wp\/v2\/types\/post"}],"author":[{"embeddable":true,"href":"https:\/\/www.rwg-bayreuth.de\/home\/index.php?rest_route=\/wp\/v2\/users\/11"}],"replies":[{"embeddable":true,"href":"https:\/\/www.rwg-bayreuth.de\/home\/index.php?rest_route=%2Fwp%2Fv2%2Fcomments&post=31449"}],"version-history":[{"count":8,"href":"https:\/\/www.rwg-bayreuth.de\/home\/index.php?rest_route=\/wp\/v2\/posts\/31449\/revisions"}],"predecessor-version":[{"id":31461,"href":"https:\/\/www.rwg-bayreuth.de\/home\/index.php?rest_route=\/wp\/v2\/posts\/31449\/revisions\/31461"}],"wp:featuredmedia":[{"embeddable":true,"href":"https:\/\/www.rwg-bayreuth.de\/home\/index.php?rest_route=\/wp\/v2\/media\/31457"}],"wp:attachment":[{"href":"https:\/\/www.rwg-bayreuth.de\/home\/index.php?rest_route=%2Fwp%2Fv2%2Fmedia&parent=31449"}],"wp:term":[{"taxonomy":"category","embeddable":true,"href":"https:\/\/www.rwg-bayreuth.de\/home\/index.php?rest_route=%2Fwp%2Fv2%2Fcategories&post=31449"},{"taxonomy":"post_tag","embeddable":true,"href":"https:\/\/www.rwg-bayreuth.de\/home\/index.php?rest_route=%2Fwp%2Fv2%2Ftags&post=31449"}],"curies":[{"name":"wp","href":"https:\/\/api.w.org\/{rel}","templated":true}]}}