{"id":31421,"date":"2022-06-19T06:35:04","date_gmt":"2022-06-19T04:35:04","guid":{"rendered":"http:\/\/www.rwg-bayreuth.de\/home\/?p=31421"},"modified":"2022-06-18T14:40:04","modified_gmt":"2022-06-18T12:40:04","slug":"ab-mit-den-alten-zoepfen-endergebnis","status":"publish","type":"post","link":"https:\/\/www.rwg-bayreuth.de\/home\/?p=31421","title":{"rendered":"Ab mit den alten Z\u00f6pfen \u2013 Endergebnis"},"content":{"rendered":"<p><a href=\"https:\/\/www.rwg-bayreuth.de\/home\/wp-content\/uploads\/2022\/06\/21-22-Religion-5b-Sieger-Haarspende.jpg\"><img loading=\"lazy\" decoding=\"async\" src=\"https:\/\/www.rwg-bayreuth.de\/home\/wp-content\/uploads\/2022\/06\/21-22-Religion-5b-Sieger-Haarspende-450x300.jpg\" alt=\"\" width=\"450\" height=\"300\" class=\"aligncenter size-medium wp-image-31423\" srcset=\"https:\/\/www.rwg-bayreuth.de\/home\/wp-content\/uploads\/2022\/06\/21-22-Religion-5b-Sieger-Haarspende-450x300.jpg 450w, https:\/\/www.rwg-bayreuth.de\/home\/wp-content\/uploads\/2022\/06\/21-22-Religion-5b-Sieger-Haarspende-768x512.jpg 768w, https:\/\/www.rwg-bayreuth.de\/home\/wp-content\/uploads\/2022\/06\/21-22-Religion-5b-Sieger-Haarspende-250x167.jpg 250w, https:\/\/www.rwg-bayreuth.de\/home\/wp-content\/uploads\/2022\/06\/21-22-Religion-5b-Sieger-Haarspende-900x600.jpg 900w, https:\/\/www.rwg-bayreuth.de\/home\/wp-content\/uploads\/2022\/06\/21-22-Religion-5b-Sieger-Haarspende.jpg 1024w\" sizes=\"(max-width: 450px) 100vw, 450px\" \/><\/a><\/p>\n<p>Mit dem April endete auch unsere gro\u00dfe Haarspende-Aktion und wir sind sehr stolz \u00fcber 18x gespendetes Gl\u00fcck.<\/p>\n<p>Unser Dank gilt:<br \/>\nRaisa und Antonia (5a), Emilia, Lara, Melanie mit Schwester, Arev, Merle und Emma (5b), Mia und Amelie (8a), Lena-Maria und Elsa (8c), Frida (8d) sowie Frau Raps, Frau Steer-M\u00f6stls Tochter und Frau Ackermann. <\/p>\n<p>Auf dem Bild die M\u00e4dels aus der Siegerklasse 5b, sie haben ca. 1.75m Haar gespendet und d\u00fcrfen sich \u00fcber einen weiteren Wandertag im Juli freuen!<\/p>\n<p><em>K. K\u00f6rber<\/em><\/p>\n","protected":false},"excerpt":{"rendered":"<p>Mit dem April endete auch unsere gro\u00dfe Haarspende-Aktion und wir sind sehr stolz \u00fcber 18x gespendetes Gl\u00fcck. Unser Dank gilt: Raisa und Antonia (5a), Emilia, Lara, Melanie mit Schwester, Arev, Merle und Emma (5b), Mia und Amelie (8a), Lena-Maria und Elsa (8c), Frida (8d) sowie Frau Raps, Frau Steer-M\u00f6stls Tochter und Frau Ackermann. Auf dem&hellip;<\/p>\n","protected":false},"author":11,"featured_media":31423,"comment_status":"closed","ping_status":"closed","sticky":false,"template":"","format":"standard","meta":{"footnotes":""},"categories":[1],"tags":[51,61],"_links":{"self":[{"href":"https:\/\/www.rwg-bayreuth.de\/home\/index.php?rest_route=\/wp\/v2\/posts\/31421"}],"collection":[{"href":"https:\/\/www.rwg-bayreuth.de\/home\/index.php?rest_route=\/wp\/v2\/posts"}],"about":[{"href":"https:\/\/www.rwg-bayreuth.de\/home\/index.php?rest_route=\/wp\/v2\/types\/post"}],"author":[{"embeddable":true,"href":"https:\/\/www.rwg-bayreuth.de\/home\/index.php?rest_route=\/wp\/v2\/users\/11"}],"replies":[{"embeddable":true,"href":"https:\/\/www.rwg-bayreuth.de\/home\/index.php?rest_route=%2Fwp%2Fv2%2Fcomments&post=31421"}],"version-history":[{"count":1,"href":"https:\/\/www.rwg-bayreuth.de\/home\/index.php?rest_route=\/wp\/v2\/posts\/31421\/revisions"}],"predecessor-version":[{"id":31424,"href":"https:\/\/www.rwg-bayreuth.de\/home\/index.php?rest_route=\/wp\/v2\/posts\/31421\/revisions\/31424"}],"wp:featuredmedia":[{"embeddable":true,"href":"https:\/\/www.rwg-bayreuth.de\/home\/index.php?rest_route=\/wp\/v2\/media\/31423"}],"wp:attachment":[{"href":"https:\/\/www.rwg-bayreuth.de\/home\/index.php?rest_route=%2Fwp%2Fv2%2Fmedia&parent=31421"}],"wp:term":[{"taxonomy":"category","embeddable":true,"href":"https:\/\/www.rwg-bayreuth.de\/home\/index.php?rest_route=%2Fwp%2Fv2%2Fcategories&post=31421"},{"taxonomy":"post_tag","embeddable":true,"href":"https:\/\/www.rwg-bayreuth.de\/home\/index.php?rest_route=%2Fwp%2Fv2%2Ftags&post=31421"}],"curies":[{"name":"wp","href":"https:\/\/api.w.org\/{rel}","templated":true}]}}