{"id":31413,"date":"2022-05-07T12:30:09","date_gmt":"2022-05-07T10:30:09","guid":{"rendered":"http:\/\/www.rwg-bayreuth.de\/home\/?p=31413"},"modified":"2022-10-12T15:51:26","modified_gmt":"2022-10-12T13:51:26","slug":"die-rwg-kulturpause-lebt-wieder-auf","status":"publish","type":"post","link":"https:\/\/www.rwg-bayreuth.de\/home\/?p=31413","title":{"rendered":"Die RWG-Kulturpause lebt wieder auf"},"content":{"rendered":"<p>Nach einer sehr langen Phase der Einschr\u00e4nkungen im kulturellen Schulleben startete am Freitag, den 6. Mai 2022, eine altbew\u00e4hrte Tradition einen Neuanfang: Die Kulturpause des RWG l\u00e4dt alle Mitglieder der Schulfamilie ein, in der gro\u00dfen Pause Kunst und Kultur von und mit Sch\u00fclerinnen und Sch\u00fclern zu genie\u00dfen. Von nun an schaffen die Fachschaften Kunst, Sprachen und Musik jeweils am ersten Freitag eines Monats abwechselnd ein vielseitiges, kulturelles Angebot f\u00fcr die Schulfamilie.<\/p>\n<div class=\"su-image-carousel  su-image-carousel-columns-3 su-image-carousel-has-spacing su-image-carousel-crop su-image-carousel-crop-4-3 su-image-carousel-has-lightbox su-image-carousel-has-outline su-image-carousel-adaptive su-image-carousel-slides-style-minimal su-image-carousel-controls-style-light su-image-carousel-align-none\" style=\"\" data-flickity-options='{\"groupCells\":true,\"cellSelector\":\".su-image-carousel-item\",\"adaptiveHeight\":false,\"cellAlign\":\"left\",\"prevNextButtons\":true,\"pageDots\":false,\"autoPlay\":4000,\"imagesLoaded\":true,\"contain\":true,\"selectedAttraction\":0.025000000000000001,\"friction\":0.28000000000000003}' id=\"su_image_carousel_69f1d973a8f6b\"><div class=\"su-image-carousel-item\"><div class=\"su-image-carousel-item-content\"><a href=\"https:\/\/www.rwg-bayreuth.de\/home\/wp-content\/uploads\/2022\/06\/21-22-Kulturpause-Gemeinschaftschor.jpg\" data-caption=\"Gemeinschaftschor\"><img loading=\"lazy\" decoding=\"async\" width=\"1024\" height=\"768\" src=\"https:\/\/www.rwg-bayreuth.de\/home\/wp-content\/uploads\/2022\/06\/21-22-Kulturpause-Gemeinschaftschor.jpg\" class=\"\" alt=\"\" srcset=\"https:\/\/www.rwg-bayreuth.de\/home\/wp-content\/uploads\/2022\/06\/21-22-Kulturpause-Gemeinschaftschor.jpg 1024w, https:\/\/www.rwg-bayreuth.de\/home\/wp-content\/uploads\/2022\/06\/21-22-Kulturpause-Gemeinschaftschor-450x338.jpg 450w, https:\/\/www.rwg-bayreuth.de\/home\/wp-content\/uploads\/2022\/06\/21-22-Kulturpause-Gemeinschaftschor-768x576.jpg 768w, https:\/\/www.rwg-bayreuth.de\/home\/wp-content\/uploads\/2022\/06\/21-22-Kulturpause-Gemeinschaftschor-250x188.jpg 250w\" sizes=\"(max-width: 1024px) 100vw, 1024px\" \/><span>Gemeinschaftschor<\/span><\/a><\/div><\/div><div class=\"su-image-carousel-item\"><div class=\"su-image-carousel-item-content\"><a href=\"https:\/\/www.rwg-bayreuth.de\/home\/wp-content\/uploads\/2022\/06\/21-22-Kulturpause-Floetenensemble.jpg\" data-caption=\"Fl\u00f6tenensemble\"><img loading=\"lazy\" decoding=\"async\" width=\"768\" height=\"1024\" src=\"https:\/\/www.rwg-bayreuth.de\/home\/wp-content\/uploads\/2022\/06\/21-22-Kulturpause-Floetenensemble.jpg\" class=\"\" alt=\"\" srcset=\"https:\/\/www.rwg-bayreuth.de\/home\/wp-content\/uploads\/2022\/06\/21-22-Kulturpause-Floetenensemble.jpg 768w, https:\/\/www.rwg-bayreuth.de\/home\/wp-content\/uploads\/2022\/06\/21-22-Kulturpause-Floetenensemble-338x450.jpg 338w, https:\/\/www.rwg-bayreuth.de\/home\/wp-content\/uploads\/2022\/06\/21-22-Kulturpause-Floetenensemble-250x333.jpg 250w\" sizes=\"(max-width: 768px) 100vw, 768px\" \/><span>Fl\u00f6tenensemble<\/span><\/a><\/div><\/div><div class=\"su-image-carousel-item\"><div class=\"su-image-carousel-item-content\"><a href=\"https:\/\/www.rwg-bayreuth.de\/home\/wp-content\/uploads\/2022\/06\/21-22-Kulturpause-Mittel-Oberstufen-Chor.jpg\" data-caption=\"Mittel- und Oberstufen-Chor\"><img loading=\"lazy\" decoding=\"async\" width=\"1024\" height=\"831\" src=\"https:\/\/www.rwg-bayreuth.de\/home\/wp-content\/uploads\/2022\/06\/21-22-Kulturpause-Mittel-Oberstufen-Chor.jpg\" class=\"\" alt=\"\" srcset=\"https:\/\/www.rwg-bayreuth.de\/home\/wp-content\/uploads\/2022\/06\/21-22-Kulturpause-Mittel-Oberstufen-Chor.jpg 1024w, https:\/\/www.rwg-bayreuth.de\/home\/wp-content\/uploads\/2022\/06\/21-22-Kulturpause-Mittel-Oberstufen-Chor-450x365.jpg 450w, https:\/\/www.rwg-bayreuth.de\/home\/wp-content\/uploads\/2022\/06\/21-22-Kulturpause-Mittel-Oberstufen-Chor-768x623.jpg 768w, https:\/\/www.rwg-bayreuth.de\/home\/wp-content\/uploads\/2022\/06\/21-22-Kulturpause-Mittel-Oberstufen-Chor-250x203.jpg 250w\" sizes=\"(max-width: 1024px) 100vw, 1024px\" \/><span>Mittel- und Oberstufen-Chor<\/span><\/a><\/div><\/div><\/div><script id=\"su_image_carousel_69f1d973a8f6b_script\">if(window.SUImageCarousel){setTimeout(function() {window.SUImageCarousel.initGallery(document.getElementById(\"su_image_carousel_69f1d973a8f6b\"))}, 0);}var su_image_carousel_69f1d973a8f6b_script=document.getElementById(\"su_image_carousel_69f1d973a8f6b_script\");if(su_image_carousel_69f1d973a8f6b_script){su_image_carousel_69f1d973a8f6b_script.parentNode.removeChild(su_image_carousel_69f1d973a8f6b_script);}<\/script>\n<p>Im Mai pr\u00e4sentierten sich hierbei die stolzen S\u00e4ngerinnen, S\u00e4nger und Fl\u00f6tistinnen des RWG. Im Musiksaal freuten sie sich \u00fcber einen \u00fcberaus gro\u00dfen Andrang an Zuschauerinnen und Zuschauern und trugen ausgew\u00e4hlte St\u00fccke ihrer aktuellen Probenarbeit in den Ensembles vor. Ein gelungener erster Live-Auftritt in diesem Schuljahr gipfelte in einer Mitsing-Aktion, bei der auch die Zuh\u00f6renden ihre Stimmen erklingen lassen durften. Nach diesem musikalischen Intermezzo gingen sowohl Sch\u00fclerinnen und Sch\u00fcler als auch Lehrkr\u00e4fte und Mitarbeitende beschwingt und vielleicht auch mit einem kleinen Ohrwurm weiter in ihre n\u00e4chste Unterrichtsstunde bzw. zur\u00fcck zu ihrer Arbeit.<\/p>\n<p><em>Elisabeth Kircheis (StRin)<\/em><\/p>\n","protected":false},"excerpt":{"rendered":"<p>Nach einer sehr langen Phase der Einschr\u00e4nkungen im kulturellen Schulleben startete am Freitag, den 6. Mai 2022, eine altbew\u00e4hrte Tradition einen Neuanfang: Die Kulturpause des RWG l\u00e4dt alle Mitglieder der Schulfamilie ein, in der gro\u00dfen Pause Kunst und Kultur von und mit Sch\u00fclerinnen und Sch\u00fclern zu genie\u00dfen. Von nun an schaffen die Fachschaften Kunst, Sprachen&hellip;<\/p>\n","protected":false},"author":11,"featured_media":31414,"comment_status":"closed","ping_status":"closed","sticky":false,"template":"","format":"standard","meta":{"footnotes":""},"categories":[1],"tags":[51,44],"_links":{"self":[{"href":"https:\/\/www.rwg-bayreuth.de\/home\/index.php?rest_route=\/wp\/v2\/posts\/31413"}],"collection":[{"href":"https:\/\/www.rwg-bayreuth.de\/home\/index.php?rest_route=\/wp\/v2\/posts"}],"about":[{"href":"https:\/\/www.rwg-bayreuth.de\/home\/index.php?rest_route=\/wp\/v2\/types\/post"}],"author":[{"embeddable":true,"href":"https:\/\/www.rwg-bayreuth.de\/home\/index.php?rest_route=\/wp\/v2\/users\/11"}],"replies":[{"embeddable":true,"href":"https:\/\/www.rwg-bayreuth.de\/home\/index.php?rest_route=%2Fwp%2Fv2%2Fcomments&post=31413"}],"version-history":[{"count":3,"href":"https:\/\/www.rwg-bayreuth.de\/home\/index.php?rest_route=\/wp\/v2\/posts\/31413\/revisions"}],"predecessor-version":[{"id":31420,"href":"https:\/\/www.rwg-bayreuth.de\/home\/index.php?rest_route=\/wp\/v2\/posts\/31413\/revisions\/31420"}],"wp:featuredmedia":[{"embeddable":true,"href":"https:\/\/www.rwg-bayreuth.de\/home\/index.php?rest_route=\/wp\/v2\/media\/31414"}],"wp:attachment":[{"href":"https:\/\/www.rwg-bayreuth.de\/home\/index.php?rest_route=%2Fwp%2Fv2%2Fmedia&parent=31413"}],"wp:term":[{"taxonomy":"category","embeddable":true,"href":"https:\/\/www.rwg-bayreuth.de\/home\/index.php?rest_route=%2Fwp%2Fv2%2Fcategories&post=31413"},{"taxonomy":"post_tag","embeddable":true,"href":"https:\/\/www.rwg-bayreuth.de\/home\/index.php?rest_route=%2Fwp%2Fv2%2Ftags&post=31413"}],"curies":[{"name":"wp","href":"https:\/\/api.w.org\/{rel}","templated":true}]}}