{"id":31336,"date":"2022-06-07T06:06:00","date_gmt":"2022-06-07T04:06:00","guid":{"rendered":"http:\/\/www.rwg-bayreuth.de\/home\/?p=31336"},"modified":"2022-06-08T13:46:09","modified_gmt":"2022-06-08T11:46:09","slug":"ein-romantischer-spaziergang-durch-den-hofgarten","status":"publish","type":"post","link":"https:\/\/www.rwg-bayreuth.de\/home\/?p=31336","title":{"rendered":"Ein \u201aromantischer Spaziergang\u2018 durch den Hofgarten\u2026"},"content":{"rendered":"<p><a href=\"https:\/\/www.rwg-bayreuth.de\/home\/wp-content\/uploads\/2022\/05\/21-22-Deutscht-Gruppenbild.jpg\"><img loading=\"lazy\" decoding=\"async\" src=\"https:\/\/www.rwg-bayreuth.de\/home\/wp-content\/uploads\/2022\/05\/21-22-Deutscht-Gruppenbild-450x300.jpg\" alt=\"\" width=\"450\" height=\"300\" class=\"aligncenter size-medium wp-image-31337\" srcset=\"https:\/\/www.rwg-bayreuth.de\/home\/wp-content\/uploads\/2022\/05\/21-22-Deutscht-Gruppenbild-450x300.jpg 450w, https:\/\/www.rwg-bayreuth.de\/home\/wp-content\/uploads\/2022\/05\/21-22-Deutscht-Gruppenbild-768x512.jpg 768w, https:\/\/www.rwg-bayreuth.de\/home\/wp-content\/uploads\/2022\/05\/21-22-Deutscht-Gruppenbild-250x167.jpg 250w, https:\/\/www.rwg-bayreuth.de\/home\/wp-content\/uploads\/2022\/05\/21-22-Deutscht-Gruppenbild-900x600.jpg 900w, https:\/\/www.rwg-bayreuth.de\/home\/wp-content\/uploads\/2022\/05\/21-22-Deutscht-Gruppenbild.jpg 1024w\" sizes=\"(max-width: 450px) 100vw, 450px\" \/><\/a><\/p>\n<p>Statt wie \u00fcblich im Kursraum fand sich eine kleine Gruppe von Sch\u00fcler(inne)n eines Montagmorgens im Wonnemonat Mai  im Pausenhof zusammen, um gemeinsam im Sinne eines \u201aliterarischen Rundgangs\u2018 den Bayreuther Stadtkern unter einem ganz besonderen Motiv zu erkunden: Der Deutschkurs (1d1) der Q11 hatte sich zum Ziel gesetzt, Gedichte an \u201aihrem Ort\u2018 zu rezitieren! <\/p>\n<p>Auf den Spuren von Joseph v. Eichendorff und Co. war die Gruppe demnach bei bestem Wetter in der Stadt unterwegs, um den einen besonderen Ort zu finden, an dem ausgesuchte, der literarischen Epoche der Romantik und\/oder des Biedermeier zuzuordnende Gedichte ihre ganz besondere Wirkung entfalten k\u00f6nnen\u2026 <\/p>\n<p>Im Rahmen dieser gew\u00e4hlten Hintergrundkulisse galt es dann, die Texte den Zuh\u00f6rer(inne)n zu pr\u00e4sentieren. Dabei stand nicht nur der \u2013 mehr oder weniger freie \ud83d\ude42 \u2013 Vortrag im Mittelpunkt, es sollte zudem auch die Intention des Gedichts sich m\u00f6glichst bereits durch die spezielle Ortswahl widergespiegelt finden \u2013 sicherlich keine ganz leichte Aufgabe f\u00fcr die Oberstufensch\u00fcler(inn)en, die mit etwas Vorlauf zu der geplanten Aktion vorab jeweils ein eigenes Gedicht zugeteilt bekommen hatten: Hier kamen als Autoren insbesondere der bereits erw\u00e4hnte Eichendorff, aber auch Clemens Brentano, Eduard M\u00f6rike oder aber Heinrich Heine mit seinen teils die romantische Idylle parodierenden Gedichten zum Einsatz.<\/p>\n<p>Bevor die Gruppe \u2013 erwartungsgem\u00e4\u00df der Epochendarstellung der Romantik geschuldet \u2013 zielsicher in Richtung Hofgarten strebte, stimmte die Kursleiterin Frau Track ihre Sch\u00fcler\/innen im Dammw\u00e4ldchen mit einem exemplarischen Beitrag auf die besondere Kursstunde im Freien ein:<\/p>\n<div class=\"su-row\"><div class=\"su-column su-column-size-1-2\"><div class=\"su-column-inner su-u-clearfix su-u-trim\">\n<div style=\"display: flex;\n   justify-content: center;\n   align-items: center;\"><\/p>\n<div style=\"display: inline-block; width: 265px; max-width: 100%;\">\n<h6 style=\"margin-bottom: 2px;\">W\u00fcnschelrute  <\/h6>\n<p class=\"ohne\">Schl\u00e4ft ein Lied in allen Dingen,<br \/>\nDie da tr\u00e4umen fort und fort,<br \/>\nUnd die Welt hebt an zu singen,<br \/>\nTriffst du nur das Zauberwort.<\/p>\n<div style=\"display: inline-block; width: 250px; max-width: 100%;\">\n<p style=\" font-style: italic; text-align: right; font-variant: small-caps;\">Joseph von Eichendorff<\/p>\n<\/div>\n<\/div>\n<\/div>\n<\/div><\/div>\n<div class=\"su-column su-column-size-1-2\"><div class=\"su-column-inner su-u-clearfix su-u-trim\">\n<p><a href=\"https:\/\/www.rwg-bayreuth.de\/home\/wp-content\/uploads\/2022\/05\/Brunnen_Dammwaeldchen_Bayreuth.jpg\"><img loading=\"lazy\" decoding=\"async\" src=\"https:\/\/www.rwg-bayreuth.de\/home\/wp-content\/uploads\/2022\/05\/Brunnen_Dammwaeldchen_Bayreuth.jpg\" alt=\"\" width=\"1024\" height=\"768\" class=\"alignnone size-full wp-image-31338\" srcset=\"https:\/\/www.rwg-bayreuth.de\/home\/wp-content\/uploads\/2022\/05\/Brunnen_Dammwaeldchen_Bayreuth.jpg 1024w, https:\/\/www.rwg-bayreuth.de\/home\/wp-content\/uploads\/2022\/05\/Brunnen_Dammwaeldchen_Bayreuth-450x338.jpg 450w, https:\/\/www.rwg-bayreuth.de\/home\/wp-content\/uploads\/2022\/05\/Brunnen_Dammwaeldchen_Bayreuth-768x576.jpg 768w, https:\/\/www.rwg-bayreuth.de\/home\/wp-content\/uploads\/2022\/05\/Brunnen_Dammwaeldchen_Bayreuth-250x188.jpg 250w\" sizes=\"(max-width: 1024px) 100vw, 1024px\" \/><\/a><\/p>\n<\/div><\/div><\/div>\n<p>Auf dem weiteren Weg in die Innenstadt gab es au\u00dferdem Haltepunkte vor der Stadtkirche, der Brunnen vor dem neuen Schloss diente als \u201asetting\u2018 f\u00fcr eine weitere Darbietung, genau wie die Schlossfassade vonseiten des Hofgartens aus betrachtet.<\/p>\n<div class=\"su-image-carousel  su-image-carousel-columns-3 su-image-carousel-has-spacing su-image-carousel-crop su-image-carousel-crop-4-3 su-image-carousel-has-lightbox su-image-carousel-has-outline su-image-carousel-adaptive su-image-carousel-slides-style-minimal su-image-carousel-controls-style-light su-image-carousel-align-none\" style=\"\" data-flickity-options='{\"groupCells\":true,\"cellSelector\":\".su-image-carousel-item\",\"adaptiveHeight\":false,\"cellAlign\":\"left\",\"prevNextButtons\":true,\"pageDots\":false,\"autoPlay\":4000,\"imagesLoaded\":true,\"contain\":true,\"selectedAttraction\":0.025000000000000001,\"friction\":0.28000000000000003}' id=\"su_image_carousel_69f1eb0a4faaa\"><div class=\"su-image-carousel-item\"><div class=\"su-image-carousel-item-content\"><a href=\"https:\/\/www.rwg-bayreuth.de\/home\/wp-content\/uploads\/2022\/05\/21-22-Deutscht-Charlotte.jpg\" data-caption=\"\"><img loading=\"lazy\" decoding=\"async\" width=\"1024\" height=\"768\" src=\"https:\/\/www.rwg-bayreuth.de\/home\/wp-content\/uploads\/2022\/05\/21-22-Deutscht-Charlotte.jpg\" class=\"\" alt=\"\" srcset=\"https:\/\/www.rwg-bayreuth.de\/home\/wp-content\/uploads\/2022\/05\/21-22-Deutscht-Charlotte.jpg 1024w, https:\/\/www.rwg-bayreuth.de\/home\/wp-content\/uploads\/2022\/05\/21-22-Deutscht-Charlotte-450x338.jpg 450w, https:\/\/www.rwg-bayreuth.de\/home\/wp-content\/uploads\/2022\/05\/21-22-Deutscht-Charlotte-768x576.jpg 768w, https:\/\/www.rwg-bayreuth.de\/home\/wp-content\/uploads\/2022\/05\/21-22-Deutscht-Charlotte-250x188.jpg 250w\" sizes=\"(max-width: 1024px) 100vw, 1024px\" \/><\/a><\/div><\/div><div class=\"su-image-carousel-item\"><div class=\"su-image-carousel-item-content\"><a href=\"https:\/\/www.rwg-bayreuth.de\/home\/wp-content\/uploads\/2022\/05\/21-22-Deutscht-Tim.jpg\" data-caption=\"\"><img loading=\"lazy\" decoding=\"async\" width=\"1024\" height=\"768\" src=\"https:\/\/www.rwg-bayreuth.de\/home\/wp-content\/uploads\/2022\/05\/21-22-Deutscht-Tim.jpg\" class=\"\" alt=\"\" srcset=\"https:\/\/www.rwg-bayreuth.de\/home\/wp-content\/uploads\/2022\/05\/21-22-Deutscht-Tim.jpg 1024w, https:\/\/www.rwg-bayreuth.de\/home\/wp-content\/uploads\/2022\/05\/21-22-Deutscht-Tim-450x338.jpg 450w, https:\/\/www.rwg-bayreuth.de\/home\/wp-content\/uploads\/2022\/05\/21-22-Deutscht-Tim-768x576.jpg 768w, https:\/\/www.rwg-bayreuth.de\/home\/wp-content\/uploads\/2022\/05\/21-22-Deutscht-Tim-250x188.jpg 250w\" sizes=\"(max-width: 1024px) 100vw, 1024px\" \/><\/a><\/div><\/div><div class=\"su-image-carousel-item\"><div class=\"su-image-carousel-item-content\"><a href=\"https:\/\/www.rwg-bayreuth.de\/home\/wp-content\/uploads\/2022\/05\/21-22-Deutscht-Corinna.jpg\" data-caption=\"\"><img loading=\"lazy\" decoding=\"async\" width=\"1024\" height=\"768\" src=\"https:\/\/www.rwg-bayreuth.de\/home\/wp-content\/uploads\/2022\/05\/21-22-Deutscht-Corinna.jpg\" class=\"\" alt=\"\" srcset=\"https:\/\/www.rwg-bayreuth.de\/home\/wp-content\/uploads\/2022\/05\/21-22-Deutscht-Corinna.jpg 1024w, https:\/\/www.rwg-bayreuth.de\/home\/wp-content\/uploads\/2022\/05\/21-22-Deutscht-Corinna-450x338.jpg 450w, https:\/\/www.rwg-bayreuth.de\/home\/wp-content\/uploads\/2022\/05\/21-22-Deutscht-Corinna-768x576.jpg 768w, https:\/\/www.rwg-bayreuth.de\/home\/wp-content\/uploads\/2022\/05\/21-22-Deutscht-Corinna-250x188.jpg 250w\" sizes=\"(max-width: 1024px) 100vw, 1024px\" \/><\/a><\/div><\/div><\/div><script id=\"su_image_carousel_69f1eb0a4faaa_script\">if(window.SUImageCarousel){setTimeout(function() {window.SUImageCarousel.initGallery(document.getElementById(\"su_image_carousel_69f1eb0a4faaa\"))}, 0);}var su_image_carousel_69f1eb0a4faaa_script=document.getElementById(\"su_image_carousel_69f1eb0a4faaa_script\");if(su_image_carousel_69f1eb0a4faaa_script){su_image_carousel_69f1eb0a4faaa_script.parentNode.removeChild(su_image_carousel_69f1eb0a4faaa_script);}<\/script>\n<p>Von da an suchten die Sch\u00fcler\/innen aufmerksam nach weiteren Details, welche den einen speziellen Ort in der Natur von einem anderen im Hofgarten abheben konnten \u2013 sei es die Farbenpracht an Blumen, die Kulisse vor einer Br\u00fccke, der Sonnentempel oder aber die Obstwiese aufseiten der Villa Wahnfried.<\/p>\n<p>Auch das Grabmal von Richard Wagner diente \u2013 wenn auch nur symbolisch \u2013 als Darstellungs\u2019folie\u2018 einer weiteren Pr\u00e4sentation, welche u.a. die Entgrenzung romantischer Lyrik zum Inhalt hatte.<\/p>\n<div class=\"su-image-carousel  su-image-carousel-columns-3 su-image-carousel-has-spacing su-image-carousel-crop su-image-carousel-crop-4-3 su-image-carousel-has-lightbox su-image-carousel-has-outline su-image-carousel-adaptive su-image-carousel-slides-style-minimal su-image-carousel-controls-style-light su-image-carousel-align-none\" style=\"\" data-flickity-options='{\"groupCells\":true,\"cellSelector\":\".su-image-carousel-item\",\"adaptiveHeight\":false,\"cellAlign\":\"left\",\"prevNextButtons\":true,\"pageDots\":false,\"autoPlay\":4000,\"imagesLoaded\":true,\"contain\":true,\"selectedAttraction\":0.025000000000000001,\"friction\":0.28000000000000003}' id=\"su_image_carousel_69f1eb0a50093\"><div class=\"su-image-carousel-item\"><div class=\"su-image-carousel-item-content\"><a href=\"https:\/\/www.rwg-bayreuth.de\/home\/wp-content\/uploads\/2022\/05\/21-22-Deutscht-Marcel.jpg\" data-caption=\"\"><img loading=\"lazy\" decoding=\"async\" width=\"1024\" height=\"768\" src=\"https:\/\/www.rwg-bayreuth.de\/home\/wp-content\/uploads\/2022\/05\/21-22-Deutscht-Marcel.jpg\" class=\"\" alt=\"\" srcset=\"https:\/\/www.rwg-bayreuth.de\/home\/wp-content\/uploads\/2022\/05\/21-22-Deutscht-Marcel.jpg 1024w, https:\/\/www.rwg-bayreuth.de\/home\/wp-content\/uploads\/2022\/05\/21-22-Deutscht-Marcel-450x338.jpg 450w, https:\/\/www.rwg-bayreuth.de\/home\/wp-content\/uploads\/2022\/05\/21-22-Deutscht-Marcel-768x576.jpg 768w, https:\/\/www.rwg-bayreuth.de\/home\/wp-content\/uploads\/2022\/05\/21-22-Deutscht-Marcel-250x188.jpg 250w\" sizes=\"(max-width: 1024px) 100vw, 1024px\" \/><\/a><\/div><\/div><div class=\"su-image-carousel-item\"><div class=\"su-image-carousel-item-content\"><a href=\"https:\/\/www.rwg-bayreuth.de\/home\/wp-content\/uploads\/2022\/05\/21-22-Deutscht-Elena-S.jpg\" data-caption=\"\"><img loading=\"lazy\" decoding=\"async\" width=\"1024\" height=\"768\" src=\"https:\/\/www.rwg-bayreuth.de\/home\/wp-content\/uploads\/2022\/05\/21-22-Deutscht-Elena-S.jpg\" class=\"\" alt=\"\" srcset=\"https:\/\/www.rwg-bayreuth.de\/home\/wp-content\/uploads\/2022\/05\/21-22-Deutscht-Elena-S.jpg 1024w, https:\/\/www.rwg-bayreuth.de\/home\/wp-content\/uploads\/2022\/05\/21-22-Deutscht-Elena-S-450x338.jpg 450w, https:\/\/www.rwg-bayreuth.de\/home\/wp-content\/uploads\/2022\/05\/21-22-Deutscht-Elena-S-768x576.jpg 768w, https:\/\/www.rwg-bayreuth.de\/home\/wp-content\/uploads\/2022\/05\/21-22-Deutscht-Elena-S-250x188.jpg 250w\" sizes=\"(max-width: 1024px) 100vw, 1024px\" \/><\/a><\/div><\/div><div class=\"su-image-carousel-item\"><div class=\"su-image-carousel-item-content\"><a href=\"https:\/\/www.rwg-bayreuth.de\/home\/wp-content\/uploads\/2022\/05\/21-22-Deutscht-Clemens.jpg\" data-caption=\"\"><img loading=\"lazy\" decoding=\"async\" width=\"1024\" height=\"768\" src=\"https:\/\/www.rwg-bayreuth.de\/home\/wp-content\/uploads\/2022\/05\/21-22-Deutscht-Clemens.jpg\" class=\"\" alt=\"\" srcset=\"https:\/\/www.rwg-bayreuth.de\/home\/wp-content\/uploads\/2022\/05\/21-22-Deutscht-Clemens.jpg 1024w, https:\/\/www.rwg-bayreuth.de\/home\/wp-content\/uploads\/2022\/05\/21-22-Deutscht-Clemens-450x338.jpg 450w, https:\/\/www.rwg-bayreuth.de\/home\/wp-content\/uploads\/2022\/05\/21-22-Deutscht-Clemens-768x576.jpg 768w, https:\/\/www.rwg-bayreuth.de\/home\/wp-content\/uploads\/2022\/05\/21-22-Deutscht-Clemens-250x188.jpg 250w\" sizes=\"(max-width: 1024px) 100vw, 1024px\" \/><\/a><\/div><\/div><div class=\"su-image-carousel-item\"><div class=\"su-image-carousel-item-content\"><a href=\"https:\/\/www.rwg-bayreuth.de\/home\/wp-content\/uploads\/2022\/05\/21-22-Deutscht-Arthur.jpg\" data-caption=\"\"><img loading=\"lazy\" decoding=\"async\" width=\"1024\" height=\"768\" src=\"https:\/\/www.rwg-bayreuth.de\/home\/wp-content\/uploads\/2022\/05\/21-22-Deutscht-Arthur.jpg\" class=\"\" alt=\"\" srcset=\"https:\/\/www.rwg-bayreuth.de\/home\/wp-content\/uploads\/2022\/05\/21-22-Deutscht-Arthur.jpg 1024w, https:\/\/www.rwg-bayreuth.de\/home\/wp-content\/uploads\/2022\/05\/21-22-Deutscht-Arthur-450x338.jpg 450w, https:\/\/www.rwg-bayreuth.de\/home\/wp-content\/uploads\/2022\/05\/21-22-Deutscht-Arthur-768x576.jpg 768w, https:\/\/www.rwg-bayreuth.de\/home\/wp-content\/uploads\/2022\/05\/21-22-Deutscht-Arthur-250x188.jpg 250w\" sizes=\"(max-width: 1024px) 100vw, 1024px\" \/><\/a><\/div><\/div><div class=\"su-image-carousel-item\"><div class=\"su-image-carousel-item-content\"><a href=\"https:\/\/www.rwg-bayreuth.de\/home\/wp-content\/uploads\/2022\/05\/21-22-Deutscht-Sebastian.jpg\" data-caption=\"\"><img loading=\"lazy\" decoding=\"async\" width=\"1024\" height=\"768\" src=\"https:\/\/www.rwg-bayreuth.de\/home\/wp-content\/uploads\/2022\/05\/21-22-Deutscht-Sebastian.jpg\" class=\"\" alt=\"\" srcset=\"https:\/\/www.rwg-bayreuth.de\/home\/wp-content\/uploads\/2022\/05\/21-22-Deutscht-Sebastian.jpg 1024w, https:\/\/www.rwg-bayreuth.de\/home\/wp-content\/uploads\/2022\/05\/21-22-Deutscht-Sebastian-450x338.jpg 450w, https:\/\/www.rwg-bayreuth.de\/home\/wp-content\/uploads\/2022\/05\/21-22-Deutscht-Sebastian-768x576.jpg 768w, https:\/\/www.rwg-bayreuth.de\/home\/wp-content\/uploads\/2022\/05\/21-22-Deutscht-Sebastian-250x188.jpg 250w\" sizes=\"(max-width: 1024px) 100vw, 1024px\" \/><\/a><\/div><\/div><div class=\"su-image-carousel-item\"><div class=\"su-image-carousel-item-content\"><a href=\"https:\/\/www.rwg-bayreuth.de\/home\/wp-content\/uploads\/2022\/05\/21-22-Deutscht-Elena-B.jpg\" data-caption=\"\"><img loading=\"lazy\" decoding=\"async\" width=\"1024\" height=\"768\" src=\"https:\/\/www.rwg-bayreuth.de\/home\/wp-content\/uploads\/2022\/05\/21-22-Deutscht-Elena-B.jpg\" class=\"\" alt=\"\" srcset=\"https:\/\/www.rwg-bayreuth.de\/home\/wp-content\/uploads\/2022\/05\/21-22-Deutscht-Elena-B.jpg 1024w, https:\/\/www.rwg-bayreuth.de\/home\/wp-content\/uploads\/2022\/05\/21-22-Deutscht-Elena-B-450x338.jpg 450w, https:\/\/www.rwg-bayreuth.de\/home\/wp-content\/uploads\/2022\/05\/21-22-Deutscht-Elena-B-768x576.jpg 768w, https:\/\/www.rwg-bayreuth.de\/home\/wp-content\/uploads\/2022\/05\/21-22-Deutscht-Elena-B-250x188.jpg 250w\" sizes=\"(max-width: 1024px) 100vw, 1024px\" \/><\/a><\/div><\/div><div class=\"su-image-carousel-item\"><div class=\"su-image-carousel-item-content\"><a href=\"https:\/\/www.rwg-bayreuth.de\/home\/wp-content\/uploads\/2022\/05\/21-22-Deutscht-Anna.jpg\" data-caption=\"\"><img loading=\"lazy\" decoding=\"async\" width=\"1024\" height=\"768\" src=\"https:\/\/www.rwg-bayreuth.de\/home\/wp-content\/uploads\/2022\/05\/21-22-Deutscht-Anna.jpg\" class=\"\" alt=\"\" srcset=\"https:\/\/www.rwg-bayreuth.de\/home\/wp-content\/uploads\/2022\/05\/21-22-Deutscht-Anna.jpg 1024w, https:\/\/www.rwg-bayreuth.de\/home\/wp-content\/uploads\/2022\/05\/21-22-Deutscht-Anna-450x338.jpg 450w, https:\/\/www.rwg-bayreuth.de\/home\/wp-content\/uploads\/2022\/05\/21-22-Deutscht-Anna-768x576.jpg 768w, https:\/\/www.rwg-bayreuth.de\/home\/wp-content\/uploads\/2022\/05\/21-22-Deutscht-Anna-250x188.jpg 250w\" sizes=\"(max-width: 1024px) 100vw, 1024px\" \/><\/a><\/div><\/div><div class=\"su-image-carousel-item\"><div class=\"su-image-carousel-item-content\"><a href=\"https:\/\/www.rwg-bayreuth.de\/home\/wp-content\/uploads\/2022\/06\/21-22-Deutscht-Johanna.jpg\" data-caption=\"\"><img loading=\"lazy\" decoding=\"async\" width=\"1024\" height=\"768\" src=\"https:\/\/www.rwg-bayreuth.de\/home\/wp-content\/uploads\/2022\/06\/21-22-Deutscht-Johanna.jpg\" class=\"\" alt=\"\" srcset=\"https:\/\/www.rwg-bayreuth.de\/home\/wp-content\/uploads\/2022\/06\/21-22-Deutscht-Johanna.jpg 1024w, https:\/\/www.rwg-bayreuth.de\/home\/wp-content\/uploads\/2022\/06\/21-22-Deutscht-Johanna-450x338.jpg 450w, https:\/\/www.rwg-bayreuth.de\/home\/wp-content\/uploads\/2022\/06\/21-22-Deutscht-Johanna-768x576.jpg 768w, https:\/\/www.rwg-bayreuth.de\/home\/wp-content\/uploads\/2022\/06\/21-22-Deutscht-Johanna-250x188.jpg 250w\" sizes=\"(max-width: 1024px) 100vw, 1024px\" \/><\/a><\/div><\/div><\/div><script id=\"su_image_carousel_69f1eb0a50093_script\">if(window.SUImageCarousel){setTimeout(function() {window.SUImageCarousel.initGallery(document.getElementById(\"su_image_carousel_69f1eb0a50093\"))}, 0);}var su_image_carousel_69f1eb0a50093_script=document.getElementById(\"su_image_carousel_69f1eb0a50093_script\");if(su_image_carousel_69f1eb0a50093_script){su_image_carousel_69f1eb0a50093_script.parentNode.removeChild(su_image_carousel_69f1eb0a50093_script);}<\/script>\n<p>Schlie\u00dflich hatten die Kursteilnehmer\/innen nahezu den gesamten Hofgarten durchk\u00e4mmt \u2013 mach einer kannte beispielweise die Insel im hinteren Teil noch nicht \u2013 und machten sich mit einer (hoffentlich!) konkreteren Vorstellung \u00fcber die Wirkung romantischer Gedichte zur\u00fcck auf den Weg zum RWG.<\/p>\n<p>Anhand der gewonnenen Eindr\u00fccke konnte insgesamt sicherlich ein tieferes Verst\u00e4ndnis f\u00fcr die Epoche der Romantik gewonnen werden, als wenn die Inhalte hinter n\u00fcchternen, ordentlich parallelen Tischreihen vermittelt worden w\u00e4ren. Im Anschluss an den \u201alyrischen Spaziergang\u2018 analysierte so jede\/r Sch\u00fcler\/in das ihm\/ihr zugeteilte Gedicht anhand g\u00e4ngiger Interpretationselemente.<\/p>\n<p>Vielen Dank nochmals an alle Kursteilnehmer\/innen, die sich auf diese besondere Aktion im Rahmen des Deutschunterrichts eingelassen haben.<\/p>\n<p><em>S. Track (und die Kursteilnehmer\/innen des Kurses 1d1)<\/em><\/p>\n","protected":false},"excerpt":{"rendered":"<p>Statt wie \u00fcblich im Kursraum fand sich eine kleine Gruppe von Sch\u00fcler(inne)n eines Montagmorgens im Wonnemonat Mai im Pausenhof zusammen, um gemeinsam im Sinne eines \u201aliterarischen Rundgangs\u2018 den Bayreuther Stadtkern unter einem ganz besonderen Motiv zu erkunden: Der Deutschkurs (1d1) der Q11 hatte sich zum Ziel gesetzt, Gedichte an \u201aihrem Ort\u2018 zu rezitieren! Auf den&hellip;<\/p>\n","protected":false},"author":11,"featured_media":31337,"comment_status":"closed","ping_status":"closed","sticky":false,"template":"","format":"standard","meta":{"footnotes":""},"categories":[1],"tags":[59,51],"_links":{"self":[{"href":"https:\/\/www.rwg-bayreuth.de\/home\/index.php?rest_route=\/wp\/v2\/posts\/31336"}],"collection":[{"href":"https:\/\/www.rwg-bayreuth.de\/home\/index.php?rest_route=\/wp\/v2\/posts"}],"about":[{"href":"https:\/\/www.rwg-bayreuth.de\/home\/index.php?rest_route=\/wp\/v2\/types\/post"}],"author":[{"embeddable":true,"href":"https:\/\/www.rwg-bayreuth.de\/home\/index.php?rest_route=\/wp\/v2\/users\/11"}],"replies":[{"embeddable":true,"href":"https:\/\/www.rwg-bayreuth.de\/home\/index.php?rest_route=%2Fwp%2Fv2%2Fcomments&post=31336"}],"version-history":[{"count":11,"href":"https:\/\/www.rwg-bayreuth.de\/home\/index.php?rest_route=\/wp\/v2\/posts\/31336\/revisions"}],"predecessor-version":[{"id":31350,"href":"https:\/\/www.rwg-bayreuth.de\/home\/index.php?rest_route=\/wp\/v2\/posts\/31336\/revisions\/31350"}],"wp:featuredmedia":[{"embeddable":true,"href":"https:\/\/www.rwg-bayreuth.de\/home\/index.php?rest_route=\/wp\/v2\/media\/31337"}],"wp:attachment":[{"href":"https:\/\/www.rwg-bayreuth.de\/home\/index.php?rest_route=%2Fwp%2Fv2%2Fmedia&parent=31336"}],"wp:term":[{"taxonomy":"category","embeddable":true,"href":"https:\/\/www.rwg-bayreuth.de\/home\/index.php?rest_route=%2Fwp%2Fv2%2Fcategories&post=31336"},{"taxonomy":"post_tag","embeddable":true,"href":"https:\/\/www.rwg-bayreuth.de\/home\/index.php?rest_route=%2Fwp%2Fv2%2Ftags&post=31336"}],"curies":[{"name":"wp","href":"https:\/\/api.w.org\/{rel}","templated":true}]}}