{"id":3130,"date":"2014-02-26T18:45:33","date_gmt":"2014-02-26T17:45:33","guid":{"rendered":"http:\/\/www.rwg-bayreuth.de\/home\/?p=3130"},"modified":"2014-02-26T18:46:58","modified_gmt":"2014-02-26T17:46:58","slug":"sieben-neue-raeder-fuer-die-moutainbiker","status":"publish","type":"post","link":"https:\/\/www.rwg-bayreuth.de\/home\/?p=3130","title":{"rendered":"Sieben neue R\u00e4der f\u00fcr die Moutainbiker"},"content":{"rendered":"<div id=\"attachment_3131\" style=\"width: 360px\" class=\"wp-caption alignleft\"><a href=\"https:\/\/www.rwg-bayreuth.de\/home\/wp-content\/uploads\/2014\/02\/2014_Fahrraduebergabe_web.jpg\"><img loading=\"lazy\" decoding=\"async\" aria-describedby=\"caption-attachment-3131\" src=\"https:\/\/www.rwg-bayreuth.de\/home\/wp-content\/uploads\/2014\/02\/2014_Fahrraduebergabe_web.jpg\" alt=\"Die Fahrr\u00e4der konnten nur dank der \u00fcberaus gro\u00dfz\u00fcgigen Sponsorenhilfe angeschafft werden\" width=\"350\" height=\"256\" class=\"size-full wp-image-3131\" srcset=\"https:\/\/www.rwg-bayreuth.de\/home\/wp-content\/uploads\/2014\/02\/2014_Fahrraduebergabe_web.jpg 350w, https:\/\/www.rwg-bayreuth.de\/home\/wp-content\/uploads\/2014\/02\/2014_Fahrraduebergabe_web-150x110.jpg 150w, https:\/\/www.rwg-bayreuth.de\/home\/wp-content\/uploads\/2014\/02\/2014_Fahrraduebergabe_web-300x219.jpg 300w, https:\/\/www.rwg-bayreuth.de\/home\/wp-content\/uploads\/2014\/02\/2014_Fahrraduebergabe_web-250x183.jpg 250w\" sizes=\"(max-width: 350px) 100vw, 350px\" \/><\/a><p id=\"caption-attachment-3131\" class=\"wp-caption-text\">Die Fahrr\u00e4der konnten nur dank der \u00fcberaus gro\u00dfz\u00fcgigen Sponsorenhilfe angeschafft werden<\/p><\/div>Sieben nagelneue Mountainbikes als Grundstock f\u00fcr einen RWG-eigenen Bikepool hat unsere Mountainbike-AG erhalten. Die Anschaffung der R\u00e4der wurde durch die Spenden in H\u00f6he von insgesamt 4500\u20ac der Firma Walraven, der Sparkasse Bayreuth, des Vereins der Freunde des RWG, des Elternbeirats und der Bayer. F\u00f6rdergemeinschaft f\u00fcr Sport in Schule und Verein erm\u00f6glicht. Ihre Vertreter freuten sich, die Fahrr\u00e4der in der Pausenhalle \u00fcbergeben zu k\u00f6nnen. Zudem wird die Mountainbike-AG von der Firma Alpina mit Helmen, von der Firma Lange\/Shimano mit Zubeh\u00f6r und der Firma Schwalbe mit Schl\u00e4uchen und Reifen unterst\u00fctzt.<\/p>\n<p>Die Mountainbike-AG besteht am RWG seit \u00fcber drei Jahren und f\u00fchrt die lange Tradition der Fahrrad-AGs an unserer Schule fort. Sie wird von den beiden Sportlehrern Christian Str\u00f6hla, der auch die Lehrbef\u00e4higung Mountainbike besitzt, und Erika Sevestre betreut. Die AG steht Sch\u00fclerinnen und Sch\u00fclern ab der 7. Jahrgangsstufe offen. Zwischen acht und zehn Sch\u00fcler und Sch\u00fclerinnen nehmen regelm\u00e4\u00dfig an der AG teil. Besonders f\u00fcr Sch\u00fcler aus dem Landkreis oder f\u00fcr Sch\u00fcler, die kein eigenes geeignetes Mountainbike besitzen, war es bislang gar nicht so einfach, bei der Mountainbike-AG mitzumachen. Der schuleigene Mountainbike-Pool l\u00f6st diese Probleme. \u201eWir sind \u00fcberzeugt davon, dass die R\u00e4der intensiv genutzt werden und freuen uns, dass nun noch deutlich mehr Sch\u00fcler die M\u00f6glichkeit haben, an der AG teilzunehmen\u201c, sagte Schulleiterin Graf bei der \u00dcbergabe der neuen R\u00e4der.<\/p>\n<p>Neben w\u00f6chentlichen Treffen werden gelegentlich auch l\u00e4ngere Fahrten geplant und durchgef\u00fchrt. Durch die Kooperation mit der Bike Sportb\u00fchne Bayreuth konnten die Sch\u00fcler ihre Fahrfertigkeiten au\u00dferdem durch die Teilnahme am Vereinstraining oder bei gemeinsamen Aktionen verbessern. Angedacht ist in Zukunft auch an die Mitwirkung bei Schulsportwettbewerben. Der gesundheitliche und soziale Wert der Mountainbike-AG steht au\u00dfer Frage. Den besonderen Reiz der AG macht zudem das gemeinsame Wirken von Sch\u00fclern aus ganz unterschiedlichen Klassen aus. Dadurch werden neben dem besseren Kennenlernen auch der gegenseitige Respekt, die R\u00fccksichtnahme und der Teamgeist unter den Sch\u00fclern verschiedener Klassen besonders gef\u00f6rdert.<\/p>\n","protected":false},"excerpt":{"rendered":"<p>Sieben nagelneue Mountainbikes als Grundstock f\u00fcr einen RWG-eigenen Bikepool hat unsere Mountainbike-AG erhalten. Die Anschaffung der R\u00e4der wurde durch die Spenden in H\u00f6he von insgesamt 4500\u20ac der Firma Walraven, der Sparkasse Bayreuth, des Vereins der Freunde des RWG, des Elternbeirats und der Bayer. F\u00f6rdergemeinschaft f\u00fcr Sport in Schule und Verein erm\u00f6glicht. Ihre Vertreter freuten sich,&hellip;<\/p>\n","protected":false},"author":2,"featured_media":0,"comment_status":"closed","ping_status":"closed","sticky":false,"template":"","format":"standard","meta":{"footnotes":""},"categories":[1],"tags":[],"_links":{"self":[{"href":"https:\/\/www.rwg-bayreuth.de\/home\/index.php?rest_route=\/wp\/v2\/posts\/3130"}],"collection":[{"href":"https:\/\/www.rwg-bayreuth.de\/home\/index.php?rest_route=\/wp\/v2\/posts"}],"about":[{"href":"https:\/\/www.rwg-bayreuth.de\/home\/index.php?rest_route=\/wp\/v2\/types\/post"}],"author":[{"embeddable":true,"href":"https:\/\/www.rwg-bayreuth.de\/home\/index.php?rest_route=\/wp\/v2\/users\/2"}],"replies":[{"embeddable":true,"href":"https:\/\/www.rwg-bayreuth.de\/home\/index.php?rest_route=%2Fwp%2Fv2%2Fcomments&post=3130"}],"version-history":[{"count":2,"href":"https:\/\/www.rwg-bayreuth.de\/home\/index.php?rest_route=\/wp\/v2\/posts\/3130\/revisions"}],"predecessor-version":[{"id":3133,"href":"https:\/\/www.rwg-bayreuth.de\/home\/index.php?rest_route=\/wp\/v2\/posts\/3130\/revisions\/3133"}],"wp:attachment":[{"href":"https:\/\/www.rwg-bayreuth.de\/home\/index.php?rest_route=%2Fwp%2Fv2%2Fmedia&parent=3130"}],"wp:term":[{"taxonomy":"category","embeddable":true,"href":"https:\/\/www.rwg-bayreuth.de\/home\/index.php?rest_route=%2Fwp%2Fv2%2Fcategories&post=3130"},{"taxonomy":"post_tag","embeddable":true,"href":"https:\/\/www.rwg-bayreuth.de\/home\/index.php?rest_route=%2Fwp%2Fv2%2Ftags&post=3130"}],"curies":[{"name":"wp","href":"https:\/\/api.w.org\/{rel}","templated":true}]}}