{"id":31262,"date":"2022-05-26T06:19:50","date_gmt":"2022-05-26T04:19:50","guid":{"rendered":"http:\/\/www.rwg-bayreuth.de\/home\/?p=31262"},"modified":"2022-05-25T10:00:16","modified_gmt":"2022-05-25T08:00:16","slug":"antike-autoren-aktuelle-themen-lateiner-auf-politischer-erkundungstour","status":"publish","type":"post","link":"https:\/\/www.rwg-bayreuth.de\/home\/?p=31262","title":{"rendered":"Antike Autoren \u2013 aktuelle Themen: Lateiner auf politischer Erkundungstour!"},"content":{"rendered":"<p><a href=\"https:\/\/www.rwg-bayreuth.de\/home\/wp-content\/uploads\/2022\/05\/2021-Latein-Begabtenkurs-Gruppenfoto-Exkursion.jpg\"><img loading=\"lazy\" decoding=\"async\" src=\"https:\/\/www.rwg-bayreuth.de\/home\/wp-content\/uploads\/2022\/05\/2021-Latein-Begabtenkurs-Gruppenfoto-Exkursion.jpg\" alt=\"\" width=\"1024\" height=\"421\" class=\"aligncenter size-full wp-image-31263\" srcset=\"https:\/\/www.rwg-bayreuth.de\/home\/wp-content\/uploads\/2022\/05\/2021-Latein-Begabtenkurs-Gruppenfoto-Exkursion.jpg 1024w, https:\/\/www.rwg-bayreuth.de\/home\/wp-content\/uploads\/2022\/05\/2021-Latein-Begabtenkurs-Gruppenfoto-Exkursion-450x185.jpg 450w, https:\/\/www.rwg-bayreuth.de\/home\/wp-content\/uploads\/2022\/05\/2021-Latein-Begabtenkurs-Gruppenfoto-Exkursion-768x316.jpg 768w, https:\/\/www.rwg-bayreuth.de\/home\/wp-content\/uploads\/2022\/05\/2021-Latein-Begabtenkurs-Gruppenfoto-Exkursion-250x103.jpg 250w\" sizes=\"(max-width: 1024px) 100vw, 1024px\" \/><\/a><\/p>\n<p>Die Teilnehmerinnen des Begabtenkurses \u201aLebend(ig)es Latein\u2018 f\u00fchrte einer ihrer Kurstage im Mai auf eine besondere Exkursion nach N\u00fcrnberg: Das Ziel war dabei der Besuch des Naturhistorischen Museums.  <\/p>\n<p><a href=\"https:\/\/www.rwg-bayreuth.de\/home\/wp-content\/uploads\/2022\/05\/2021-Latein-Begabtenkurs-Ausstellungsflyer.jpg\"><img loading=\"lazy\" decoding=\"async\" src=\"https:\/\/www.rwg-bayreuth.de\/home\/wp-content\/uploads\/2022\/05\/2021-Latein-Begabtenkurs-Ausstellungsflyer.jpg\" alt=\"\" width=\"175\" height=\"250\" class=\"alignright size-full wp-image-31264\" srcset=\"https:\/\/www.rwg-bayreuth.de\/home\/wp-content\/uploads\/2022\/05\/2021-Latein-Begabtenkurs-Ausstellungsflyer.jpg 717w, https:\/\/www.rwg-bayreuth.de\/home\/wp-content\/uploads\/2022\/05\/2021-Latein-Begabtenkurs-Ausstellungsflyer-315x450.jpg 315w, https:\/\/www.rwg-bayreuth.de\/home\/wp-content\/uploads\/2022\/05\/2021-Latein-Begabtenkurs-Ausstellungsflyer-250x357.jpg 250w\" sizes=\"(max-width: 175px) 100vw, 175px\" \/><\/a>In einer Sonderausstellung unter dem Titel \u201aManifestation der Macht in Bildern\u2018 wurde hier das Agieren dreier r\u00f6mischer Kaiser (Augustus, Vespasian, Traian) auf politischer B\u00fchne, das milit\u00e4rische Taktieren und v.a. die PR dieser hochrangigen Politiker und Staatsm\u00e4nner n\u00e4her beleuchtet \u2013 ein Aspekt, der angesichts der aktuellen weltpolitischen Lage aktueller denn je erscheint!<\/p>\n<p>Gemeinsam starteten die 17 Sch\u00fclerinnen aus den Jgst. 6-10 mit den begleitenden Lehrkr\u00e4ften Frau Track und Frau Steutzger am Bahnhof in Bayreuth; von dort f\u00fchrte die kurzweilige Zugfahrt voller Erwartungen und Vorfreude zum N\u00fcrnberger Hauptbahnhof, von wo aus die Gruppe sich \u2013 nat\u00fcrlich per pedes \ud83d\ude42 \u2013 weiter aufmachte in Richtung Norishalle. <\/p>\n<p>Bereits am Eingang zu den R\u00e4umlichkeiten konnten die Teilnehmerinnen erahnen, was sie im Laufe des Vormittages erwarten w\u00fcrde \u2013 schlie\u00dflich stand die Exkursion nicht nur sprichw\u00f6rtlich unter dem Motto \u201aLatein zum Anfassen\u2018: So wurde die Gruppe neben dem informativen Bildmaterial gleich zu Beginn von einem lebensgro\u00dfen Abbild eines r\u00f6mischen Legion\u00e4rs begr\u00fc\u00dft! <\/p>\n<p><a href=\"https:\/\/www.rwg-bayreuth.de\/home\/wp-content\/uploads\/2022\/05\/2021-Latein-Begabtenkurs-roemischer-Legionaer.jpg\"><img loading=\"lazy\" decoding=\"async\" src=\"https:\/\/www.rwg-bayreuth.de\/home\/wp-content\/uploads\/2022\/05\/2021-Latein-Begabtenkurs-roemischer-Legionaer-450x338.jpg\" alt=\"\" width=\"450\" height=\"338\" class=\"aligncenter size-medium wp-image-31265\" srcset=\"https:\/\/www.rwg-bayreuth.de\/home\/wp-content\/uploads\/2022\/05\/2021-Latein-Begabtenkurs-roemischer-Legionaer-450x338.jpg 450w, https:\/\/www.rwg-bayreuth.de\/home\/wp-content\/uploads\/2022\/05\/2021-Latein-Begabtenkurs-roemischer-Legionaer-768x577.jpg 768w, https:\/\/www.rwg-bayreuth.de\/home\/wp-content\/uploads\/2022\/05\/2021-Latein-Begabtenkurs-roemischer-Legionaer-250x188.jpg 250w, https:\/\/www.rwg-bayreuth.de\/home\/wp-content\/uploads\/2022\/05\/2021-Latein-Begabtenkurs-roemischer-Legionaer.jpg 1023w\" sizes=\"(max-width: 450px) 100vw, 450px\" \/><\/a><\/p>\n<p>Unter Einbeziehung von zahlreichen modellhaften Ausstellungsst\u00fccken, die in Stein gemei\u00dfelt mehrere Jahrtausende \u00fcberdauert haben, konnte den Sch\u00fclerinnen au\u00dferdem ein gut nachvollziehbares, detailgetreues Abbild der Wirklichkeit des r\u00f6mischen Lebens vermittelt werden: So fanden sich etwa das Forum Romanum in ma\u00dfstabsgetreuer Verkleinerung, das Pantheon, das Mausoleum des Augustus (teils als Leihgaben der Antikensammlung in Erlangen) oder aber die Ara Pacis Augustae (in Farbe) und nat\u00fcrlich \u2013 nicht zu vergessen: das Flavische Amphitheater, gemeinhin besser bekannt als das ber\u00fchmte Kolosseum in Rom!<\/p>\n<div class=\"su-image-carousel  su-image-carousel-columns-3 su-image-carousel-has-spacing su-image-carousel-crop su-image-carousel-crop-4-3 su-image-carousel-has-lightbox su-image-carousel-has-outline su-image-carousel-adaptive su-image-carousel-slides-style-minimal su-image-carousel-controls-style-light su-image-carousel-align-none\" style=\"\" data-flickity-options='{\"groupCells\":true,\"cellSelector\":\".su-image-carousel-item\",\"adaptiveHeight\":false,\"cellAlign\":\"left\",\"prevNextButtons\":true,\"pageDots\":false,\"autoPlay\":4000,\"imagesLoaded\":true,\"contain\":true,\"selectedAttraction\":0.025000000000000001,\"friction\":0.28000000000000003}' id=\"su_image_carousel_69f1d9d0b2239\"><div class=\"su-image-carousel-item\"><div class=\"su-image-carousel-item-content\"><a href=\"https:\/\/www.rwg-bayreuth.de\/home\/wp-content\/uploads\/2022\/05\/2021-Latein-Begabtenkurs-Gruppe1.jpg\" data-caption=\"\"><img loading=\"lazy\" decoding=\"async\" width=\"1024\" height=\"768\" src=\"https:\/\/www.rwg-bayreuth.de\/home\/wp-content\/uploads\/2022\/05\/2021-Latein-Begabtenkurs-Gruppe1.jpg\" class=\"\" alt=\"\" srcset=\"https:\/\/www.rwg-bayreuth.de\/home\/wp-content\/uploads\/2022\/05\/2021-Latein-Begabtenkurs-Gruppe1.jpg 1024w, https:\/\/www.rwg-bayreuth.de\/home\/wp-content\/uploads\/2022\/05\/2021-Latein-Begabtenkurs-Gruppe1-450x338.jpg 450w, https:\/\/www.rwg-bayreuth.de\/home\/wp-content\/uploads\/2022\/05\/2021-Latein-Begabtenkurs-Gruppe1-768x576.jpg 768w, https:\/\/www.rwg-bayreuth.de\/home\/wp-content\/uploads\/2022\/05\/2021-Latein-Begabtenkurs-Gruppe1-250x188.jpg 250w\" sizes=\"(max-width: 1024px) 100vw, 1024px\" \/><\/a><\/div><\/div><div class=\"su-image-carousel-item\"><div class=\"su-image-carousel-item-content\"><a href=\"https:\/\/www.rwg-bayreuth.de\/home\/wp-content\/uploads\/2022\/05\/2021-Latein-Begabtenkurs-Gruppe2.jpg\" data-caption=\"\"><img loading=\"lazy\" decoding=\"async\" width=\"1024\" height=\"768\" src=\"https:\/\/www.rwg-bayreuth.de\/home\/wp-content\/uploads\/2022\/05\/2021-Latein-Begabtenkurs-Gruppe2.jpg\" class=\"\" alt=\"\" srcset=\"https:\/\/www.rwg-bayreuth.de\/home\/wp-content\/uploads\/2022\/05\/2021-Latein-Begabtenkurs-Gruppe2.jpg 1024w, https:\/\/www.rwg-bayreuth.de\/home\/wp-content\/uploads\/2022\/05\/2021-Latein-Begabtenkurs-Gruppe2-450x338.jpg 450w, https:\/\/www.rwg-bayreuth.de\/home\/wp-content\/uploads\/2022\/05\/2021-Latein-Begabtenkurs-Gruppe2-768x576.jpg 768w, https:\/\/www.rwg-bayreuth.de\/home\/wp-content\/uploads\/2022\/05\/2021-Latein-Begabtenkurs-Gruppe2-250x188.jpg 250w\" sizes=\"(max-width: 1024px) 100vw, 1024px\" \/><\/a><\/div><\/div><div class=\"su-image-carousel-item\"><div class=\"su-image-carousel-item-content\"><a href=\"https:\/\/www.rwg-bayreuth.de\/home\/wp-content\/uploads\/2022\/05\/2021-Latein-Begabtenkurs-Gruppe3.jpg\" data-caption=\"\"><img loading=\"lazy\" decoding=\"async\" width=\"1024\" height=\"768\" src=\"https:\/\/www.rwg-bayreuth.de\/home\/wp-content\/uploads\/2022\/05\/2021-Latein-Begabtenkurs-Gruppe3.jpg\" class=\"\" alt=\"\" srcset=\"https:\/\/www.rwg-bayreuth.de\/home\/wp-content\/uploads\/2022\/05\/2021-Latein-Begabtenkurs-Gruppe3.jpg 1024w, https:\/\/www.rwg-bayreuth.de\/home\/wp-content\/uploads\/2022\/05\/2021-Latein-Begabtenkurs-Gruppe3-450x338.jpg 450w, https:\/\/www.rwg-bayreuth.de\/home\/wp-content\/uploads\/2022\/05\/2021-Latein-Begabtenkurs-Gruppe3-768x576.jpg 768w, https:\/\/www.rwg-bayreuth.de\/home\/wp-content\/uploads\/2022\/05\/2021-Latein-Begabtenkurs-Gruppe3-250x188.jpg 250w\" sizes=\"(max-width: 1024px) 100vw, 1024px\" \/><\/a><\/div><\/div><div class=\"su-image-carousel-item\"><div class=\"su-image-carousel-item-content\"><a href=\"https:\/\/www.rwg-bayreuth.de\/home\/wp-content\/uploads\/2022\/05\/2021-Latein-Begabtenkurs-Muenzen.jpg\" data-caption=\"\"><img loading=\"lazy\" decoding=\"async\" width=\"1024\" height=\"768\" src=\"https:\/\/www.rwg-bayreuth.de\/home\/wp-content\/uploads\/2022\/05\/2021-Latein-Begabtenkurs-Muenzen.jpg\" class=\"\" alt=\"\" srcset=\"https:\/\/www.rwg-bayreuth.de\/home\/wp-content\/uploads\/2022\/05\/2021-Latein-Begabtenkurs-Muenzen.jpg 1024w, https:\/\/www.rwg-bayreuth.de\/home\/wp-content\/uploads\/2022\/05\/2021-Latein-Begabtenkurs-Muenzen-450x338.jpg 450w, https:\/\/www.rwg-bayreuth.de\/home\/wp-content\/uploads\/2022\/05\/2021-Latein-Begabtenkurs-Muenzen-768x576.jpg 768w, https:\/\/www.rwg-bayreuth.de\/home\/wp-content\/uploads\/2022\/05\/2021-Latein-Begabtenkurs-Muenzen-250x188.jpg 250w\" sizes=\"(max-width: 1024px) 100vw, 1024px\" \/><\/a><\/div><\/div><\/div><script id=\"su_image_carousel_69f1d9d0b2239_script\">if(window.SUImageCarousel){setTimeout(function() {window.SUImageCarousel.initGallery(document.getElementById(\"su_image_carousel_69f1d9d0b2239\"))}, 0);}var su_image_carousel_69f1d9d0b2239_script=document.getElementById(\"su_image_carousel_69f1d9d0b2239_script\");if(su_image_carousel_69f1d9d0b2239_script){su_image_carousel_69f1d9d0b2239_script.parentNode.removeChild(su_image_carousel_69f1d9d0b2239_script);}<\/script>\n<p>All diese Bauwerke sind untrennbar mit dem Leben und Wirken der drei r\u00f6mischen Kaiser verbunden, die auf ihrem Weg zur Macht geschickte Propaganda betrieben haben: Sichtbar und weit verbreitet f\u00fcr die breite \u00d6ffentlichkeit wurden Erfolge damals u.a. durch Statuen, B\u00fcsten, Triumphb\u00f6gen und\/oder M\u00fcnzpr\u00e4gungen; Letztere dienten insbesondere dazu, die Bewohner der Provinzen des riesigen r\u00f6mischen Imperiums \u00fcber Leistungen und Verdienste der r\u00f6mischen Kaiser zu informieren.<\/p>\n<p>Dass hierzu eine Kurznachricht per Boten viel zu umst\u00e4ndlich und aufw\u00e4ndig gewesen w\u00e4re \u2013 Twitter, Instagram und Co. waren schlie\u00dflich noch l\u00e4ngst nicht erfunden \ud83d\ude42 \u2013 , konnten die Sch\u00fclerinnen au\u00dferdem selbst nachempfinden in einem weiteren Highlight des Tages\u2026 der Herstellung einer echt-r\u00f6mischen tabula cerata, dem Schreibt\u00e4felchen aus Holz; dieses musste erst zusammengeleimt und dann vorsichtig mit geschmolzenem Wachs aus dem hei\u00df bef\u00fcllten Kochtopf begossen werden. Auch galt es, sich m\u00fchsam den eigenen stilus mit Schleifpapier \u201azurechtzuschnitzen\u2018, wozu sicherlich auch etwas handwerkliches Geschick n\u00f6tig war.<\/p>\n<div class=\"su-image-carousel  su-image-carousel-columns-3 su-image-carousel-has-spacing su-image-carousel-crop su-image-carousel-crop-4-3 su-image-carousel-has-lightbox su-image-carousel-has-outline su-image-carousel-adaptive su-image-carousel-slides-style-minimal su-image-carousel-controls-style-light su-image-carousel-align-none\" style=\"\" data-flickity-options='{\"groupCells\":true,\"cellSelector\":\".su-image-carousel-item\",\"adaptiveHeight\":false,\"cellAlign\":\"left\",\"prevNextButtons\":true,\"pageDots\":false,\"autoPlay\":4000,\"imagesLoaded\":true,\"contain\":true,\"selectedAttraction\":0.025000000000000001,\"friction\":0.28000000000000003}' id=\"su_image_carousel_69f1d9d0b2682\"><div class=\"su-image-carousel-item\"><div class=\"su-image-carousel-item-content\"><a href=\"https:\/\/www.rwg-bayreuth.de\/home\/wp-content\/uploads\/2022\/05\/2021-Latein-Begabtenkurs-Laura-Josefa.jpg\" data-caption=\"\"><img loading=\"lazy\" decoding=\"async\" width=\"1024\" height=\"767\" src=\"https:\/\/www.rwg-bayreuth.de\/home\/wp-content\/uploads\/2022\/05\/2021-Latein-Begabtenkurs-Laura-Josefa.jpg\" class=\"\" alt=\"\" srcset=\"https:\/\/www.rwg-bayreuth.de\/home\/wp-content\/uploads\/2022\/05\/2021-Latein-Begabtenkurs-Laura-Josefa.jpg 1024w, https:\/\/www.rwg-bayreuth.de\/home\/wp-content\/uploads\/2022\/05\/2021-Latein-Begabtenkurs-Laura-Josefa-450x337.jpg 450w, https:\/\/www.rwg-bayreuth.de\/home\/wp-content\/uploads\/2022\/05\/2021-Latein-Begabtenkurs-Laura-Josefa-768x575.jpg 768w, https:\/\/www.rwg-bayreuth.de\/home\/wp-content\/uploads\/2022\/05\/2021-Latein-Begabtenkurs-Laura-Josefa-250x187.jpg 250w\" sizes=\"(max-width: 1024px) 100vw, 1024px\" \/><\/a><\/div><\/div><div class=\"su-image-carousel-item\"><div class=\"su-image-carousel-item-content\"><a href=\"https:\/\/www.rwg-bayreuth.de\/home\/wp-content\/uploads\/2022\/05\/2021-Latein-Begabtenkurs-6-Klaessler1.jpg\" data-caption=\"\"><img loading=\"lazy\" decoding=\"async\" width=\"1024\" height=\"768\" src=\"https:\/\/www.rwg-bayreuth.de\/home\/wp-content\/uploads\/2022\/05\/2021-Latein-Begabtenkurs-6-Klaessler1.jpg\" class=\"\" alt=\"\" srcset=\"https:\/\/www.rwg-bayreuth.de\/home\/wp-content\/uploads\/2022\/05\/2021-Latein-Begabtenkurs-6-Klaessler1.jpg 1024w, https:\/\/www.rwg-bayreuth.de\/home\/wp-content\/uploads\/2022\/05\/2021-Latein-Begabtenkurs-6-Klaessler1-450x338.jpg 450w, https:\/\/www.rwg-bayreuth.de\/home\/wp-content\/uploads\/2022\/05\/2021-Latein-Begabtenkurs-6-Klaessler1-768x576.jpg 768w, https:\/\/www.rwg-bayreuth.de\/home\/wp-content\/uploads\/2022\/05\/2021-Latein-Begabtenkurs-6-Klaessler1-250x188.jpg 250w\" sizes=\"(max-width: 1024px) 100vw, 1024px\" \/><\/a><\/div><\/div><div class=\"su-image-carousel-item\"><div class=\"su-image-carousel-item-content\"><a href=\"https:\/\/www.rwg-bayreuth.de\/home\/wp-content\/uploads\/2022\/05\/2021-Latein-Begabtenkurs-6-Klaessler2.jpg\" data-caption=\"\"><img loading=\"lazy\" decoding=\"async\" width=\"1023\" height=\"768\" src=\"https:\/\/www.rwg-bayreuth.de\/home\/wp-content\/uploads\/2022\/05\/2021-Latein-Begabtenkurs-6-Klaessler2.jpg\" class=\"\" alt=\"\" srcset=\"https:\/\/www.rwg-bayreuth.de\/home\/wp-content\/uploads\/2022\/05\/2021-Latein-Begabtenkurs-6-Klaessler2.jpg 1023w, https:\/\/www.rwg-bayreuth.de\/home\/wp-content\/uploads\/2022\/05\/2021-Latein-Begabtenkurs-6-Klaessler2-450x338.jpg 450w, https:\/\/www.rwg-bayreuth.de\/home\/wp-content\/uploads\/2022\/05\/2021-Latein-Begabtenkurs-6-Klaessler2-768x577.jpg 768w, https:\/\/www.rwg-bayreuth.de\/home\/wp-content\/uploads\/2022\/05\/2021-Latein-Begabtenkurs-6-Klaessler2-250x188.jpg 250w\" sizes=\"(max-width: 1023px) 100vw, 1023px\" \/><\/a><\/div><\/div><div class=\"su-image-carousel-item\"><div class=\"su-image-carousel-item-content\"><a href=\"https:\/\/www.rwg-bayreuth.de\/home\/wp-content\/uploads\/2022\/05\/2021-Latein-Begabtenkurs-Bastler-unter-sich.jpg\" data-caption=\"\"><img loading=\"lazy\" decoding=\"async\" width=\"1023\" height=\"768\" src=\"https:\/\/www.rwg-bayreuth.de\/home\/wp-content\/uploads\/2022\/05\/2021-Latein-Begabtenkurs-Bastler-unter-sich.jpg\" class=\"\" alt=\"\" srcset=\"https:\/\/www.rwg-bayreuth.de\/home\/wp-content\/uploads\/2022\/05\/2021-Latein-Begabtenkurs-Bastler-unter-sich.jpg 1023w, https:\/\/www.rwg-bayreuth.de\/home\/wp-content\/uploads\/2022\/05\/2021-Latein-Begabtenkurs-Bastler-unter-sich-450x338.jpg 450w, https:\/\/www.rwg-bayreuth.de\/home\/wp-content\/uploads\/2022\/05\/2021-Latein-Begabtenkurs-Bastler-unter-sich-768x577.jpg 768w, https:\/\/www.rwg-bayreuth.de\/home\/wp-content\/uploads\/2022\/05\/2021-Latein-Begabtenkurs-Bastler-unter-sich-250x188.jpg 250w\" sizes=\"(max-width: 1023px) 100vw, 1023px\" \/><\/a><\/div><\/div><div class=\"su-image-carousel-item\"><div class=\"su-image-carousel-item-content\"><a href=\"https:\/\/www.rwg-bayreuth.de\/home\/wp-content\/uploads\/2022\/05\/2021-Latein-Begabtenkurs-konzentriertes-Arbeiten.jpg\" data-caption=\"\"><img loading=\"lazy\" decoding=\"async\" width=\"1024\" height=\"768\" src=\"https:\/\/www.rwg-bayreuth.de\/home\/wp-content\/uploads\/2022\/05\/2021-Latein-Begabtenkurs-konzentriertes-Arbeiten.jpg\" class=\"\" alt=\"\" srcset=\"https:\/\/www.rwg-bayreuth.de\/home\/wp-content\/uploads\/2022\/05\/2021-Latein-Begabtenkurs-konzentriertes-Arbeiten.jpg 1024w, https:\/\/www.rwg-bayreuth.de\/home\/wp-content\/uploads\/2022\/05\/2021-Latein-Begabtenkurs-konzentriertes-Arbeiten-450x338.jpg 450w, https:\/\/www.rwg-bayreuth.de\/home\/wp-content\/uploads\/2022\/05\/2021-Latein-Begabtenkurs-konzentriertes-Arbeiten-768x576.jpg 768w, https:\/\/www.rwg-bayreuth.de\/home\/wp-content\/uploads\/2022\/05\/2021-Latein-Begabtenkurs-konzentriertes-Arbeiten-250x188.jpg 250w\" sizes=\"(max-width: 1024px) 100vw, 1024px\" \/><\/a><\/div><\/div><\/div><script id=\"su_image_carousel_69f1d9d0b2682_script\">if(window.SUImageCarousel){setTimeout(function() {window.SUImageCarousel.initGallery(document.getElementById(\"su_image_carousel_69f1d9d0b2682\"))}, 0);}var su_image_carousel_69f1d9d0b2682_script=document.getElementById(\"su_image_carousel_69f1d9d0b2682_script\");if(su_image_carousel_69f1d9d0b2682_script){su_image_carousel_69f1d9d0b2682_script.parentNode.removeChild(su_image_carousel_69f1d9d0b2682_script);}<\/script>\n<div class=\"su-image-carousel  su-image-carousel-columns-3 su-image-carousel-has-spacing su-image-carousel-crop su-image-carousel-crop-4-3 su-image-carousel-has-lightbox su-image-carousel-has-outline su-image-carousel-adaptive su-image-carousel-slides-style-minimal su-image-carousel-controls-style-light su-image-carousel-align-none\" style=\"\" data-flickity-options='{\"groupCells\":true,\"cellSelector\":\".su-image-carousel-item\",\"adaptiveHeight\":false,\"cellAlign\":\"left\",\"prevNextButtons\":true,\"pageDots\":false,\"autoPlay\":4000,\"imagesLoaded\":true,\"contain\":true,\"selectedAttraction\":0.025000000000000001,\"friction\":0.28000000000000003}' id=\"su_image_carousel_69f1d9d0b2a24\"><div class=\"su-image-carousel-item\"><div class=\"su-image-carousel-item-content\"><a href=\"https:\/\/www.rwg-bayreuth.de\/home\/wp-content\/uploads\/2022\/05\/2021-Latein-Begabtenkurs-LeniLena.jpg\" data-caption=\"\"><img loading=\"lazy\" decoding=\"async\" width=\"1024\" height=\"767\" src=\"https:\/\/www.rwg-bayreuth.de\/home\/wp-content\/uploads\/2022\/05\/2021-Latein-Begabtenkurs-LeniLena.jpg\" class=\"\" alt=\"\" srcset=\"https:\/\/www.rwg-bayreuth.de\/home\/wp-content\/uploads\/2022\/05\/2021-Latein-Begabtenkurs-LeniLena.jpg 1024w, https:\/\/www.rwg-bayreuth.de\/home\/wp-content\/uploads\/2022\/05\/2021-Latein-Begabtenkurs-LeniLena-450x337.jpg 450w, https:\/\/www.rwg-bayreuth.de\/home\/wp-content\/uploads\/2022\/05\/2021-Latein-Begabtenkurs-LeniLena-768x575.jpg 768w, https:\/\/www.rwg-bayreuth.de\/home\/wp-content\/uploads\/2022\/05\/2021-Latein-Begabtenkurs-LeniLena-250x187.jpg 250w\" sizes=\"(max-width: 1024px) 100vw, 1024px\" \/><\/a><\/div><\/div><div class=\"su-image-carousel-item\"><div class=\"su-image-carousel-item-content\"><a href=\"https:\/\/www.rwg-bayreuth.de\/home\/wp-content\/uploads\/2022\/05\/2021-Latein-Begabtenkurs-Elena.jpg\" data-caption=\"\"><img loading=\"lazy\" decoding=\"async\" width=\"1024\" height=\"767\" src=\"https:\/\/www.rwg-bayreuth.de\/home\/wp-content\/uploads\/2022\/05\/2021-Latein-Begabtenkurs-Elena.jpg\" class=\"\" alt=\"\" srcset=\"https:\/\/www.rwg-bayreuth.de\/home\/wp-content\/uploads\/2022\/05\/2021-Latein-Begabtenkurs-Elena.jpg 1024w, https:\/\/www.rwg-bayreuth.de\/home\/wp-content\/uploads\/2022\/05\/2021-Latein-Begabtenkurs-Elena-450x337.jpg 450w, https:\/\/www.rwg-bayreuth.de\/home\/wp-content\/uploads\/2022\/05\/2021-Latein-Begabtenkurs-Elena-768x575.jpg 768w, https:\/\/www.rwg-bayreuth.de\/home\/wp-content\/uploads\/2022\/05\/2021-Latein-Begabtenkurs-Elena-250x187.jpg 250w\" sizes=\"(max-width: 1024px) 100vw, 1024px\" \/><\/a><\/div><\/div><div class=\"su-image-carousel-item\"><div class=\"su-image-carousel-item-content\"><a href=\"https:\/\/www.rwg-bayreuth.de\/home\/wp-content\/uploads\/2022\/05\/2021-Latein-Begabtenkurs-tabulae.jpg\" data-caption=\"\"><img loading=\"lazy\" decoding=\"async\" width=\"1024\" height=\"768\" src=\"https:\/\/www.rwg-bayreuth.de\/home\/wp-content\/uploads\/2022\/05\/2021-Latein-Begabtenkurs-tabulae.jpg\" class=\"\" alt=\"\" srcset=\"https:\/\/www.rwg-bayreuth.de\/home\/wp-content\/uploads\/2022\/05\/2021-Latein-Begabtenkurs-tabulae.jpg 1024w, https:\/\/www.rwg-bayreuth.de\/home\/wp-content\/uploads\/2022\/05\/2021-Latein-Begabtenkurs-tabulae-450x338.jpg 450w, https:\/\/www.rwg-bayreuth.de\/home\/wp-content\/uploads\/2022\/05\/2021-Latein-Begabtenkurs-tabulae-768x576.jpg 768w, https:\/\/www.rwg-bayreuth.de\/home\/wp-content\/uploads\/2022\/05\/2021-Latein-Begabtenkurs-tabulae-250x188.jpg 250w\" sizes=\"(max-width: 1024px) 100vw, 1024px\" \/><\/a><\/div><\/div><div class=\"su-image-carousel-item\"><div class=\"su-image-carousel-item-content\"><a href=\"https:\/\/www.rwg-bayreuth.de\/home\/wp-content\/uploads\/2022\/05\/2021-Latein-Begabtenkurs-fertig-zum-Einsatz.jpg\" data-caption=\"\"><img loading=\"lazy\" decoding=\"async\" width=\"1023\" height=\"768\" src=\"https:\/\/www.rwg-bayreuth.de\/home\/wp-content\/uploads\/2022\/05\/2021-Latein-Begabtenkurs-fertig-zum-Einsatz.jpg\" class=\"\" alt=\"\" srcset=\"https:\/\/www.rwg-bayreuth.de\/home\/wp-content\/uploads\/2022\/05\/2021-Latein-Begabtenkurs-fertig-zum-Einsatz.jpg 1023w, https:\/\/www.rwg-bayreuth.de\/home\/wp-content\/uploads\/2022\/05\/2021-Latein-Begabtenkurs-fertig-zum-Einsatz-450x338.jpg 450w, https:\/\/www.rwg-bayreuth.de\/home\/wp-content\/uploads\/2022\/05\/2021-Latein-Begabtenkurs-fertig-zum-Einsatz-768x577.jpg 768w, https:\/\/www.rwg-bayreuth.de\/home\/wp-content\/uploads\/2022\/05\/2021-Latein-Begabtenkurs-fertig-zum-Einsatz-250x188.jpg 250w\" sizes=\"(max-width: 1023px) 100vw, 1023px\" \/><\/a><\/div><\/div><\/div><script id=\"su_image_carousel_69f1d9d0b2a24_script\">if(window.SUImageCarousel){setTimeout(function() {window.SUImageCarousel.initGallery(document.getElementById(\"su_image_carousel_69f1d9d0b2a24\"))}, 0);}var su_image_carousel_69f1d9d0b2a24_script=document.getElementById(\"su_image_carousel_69f1d9d0b2a24_script\");if(su_image_carousel_69f1d9d0b2a24_script){su_image_carousel_69f1d9d0b2a24_script.parentNode.removeChild(su_image_carousel_69f1d9d0b2a24_script);}<\/script>\n<p>W\u00e4hrend die T\u00e4felchen schlie\u00dflich trockneten, wurde der Zeitvertreib \u2013 ebenfalls ganz traditionell r\u00f6misch-antik \u2013 zum Spielen von Rundm\u00fchle und\/oder Tris (einem Spiel \u00e4hnlich wie tic, tac, toe) genutzt \u2013 auch hierbei war Unterhaltung und Kurzweil garantiert! \ud83d\ude42<\/p>\n<div class=\"su-image-carousel  su-image-carousel-columns-3 su-image-carousel-has-spacing su-image-carousel-crop su-image-carousel-crop-4-3 su-image-carousel-has-lightbox su-image-carousel-has-outline su-image-carousel-adaptive su-image-carousel-slides-style-minimal su-image-carousel-controls-style-light su-image-carousel-align-none\" style=\"\" data-flickity-options='{\"groupCells\":true,\"cellSelector\":\".su-image-carousel-item\",\"adaptiveHeight\":false,\"cellAlign\":\"left\",\"prevNextButtons\":true,\"pageDots\":false,\"autoPlay\":4000,\"imagesLoaded\":true,\"contain\":true,\"selectedAttraction\":0.025000000000000001,\"friction\":0.28000000000000003}' id=\"su_image_carousel_69f1d9d0b2cbf\"><div class=\"su-image-carousel-item\"><div class=\"su-image-carousel-item-content\"><a href=\"https:\/\/www.rwg-bayreuth.de\/home\/wp-content\/uploads\/2022\/05\/2021-Latein-Begabtenkurs-Spiele1.jpg\" data-caption=\"\"><img loading=\"lazy\" decoding=\"async\" width=\"1023\" height=\"768\" src=\"https:\/\/www.rwg-bayreuth.de\/home\/wp-content\/uploads\/2022\/05\/2021-Latein-Begabtenkurs-Spiele1.jpg\" class=\"\" alt=\"\" srcset=\"https:\/\/www.rwg-bayreuth.de\/home\/wp-content\/uploads\/2022\/05\/2021-Latein-Begabtenkurs-Spiele1.jpg 1023w, https:\/\/www.rwg-bayreuth.de\/home\/wp-content\/uploads\/2022\/05\/2021-Latein-Begabtenkurs-Spiele1-450x338.jpg 450w, https:\/\/www.rwg-bayreuth.de\/home\/wp-content\/uploads\/2022\/05\/2021-Latein-Begabtenkurs-Spiele1-768x577.jpg 768w, https:\/\/www.rwg-bayreuth.de\/home\/wp-content\/uploads\/2022\/05\/2021-Latein-Begabtenkurs-Spiele1-250x188.jpg 250w\" sizes=\"(max-width: 1023px) 100vw, 1023px\" \/><\/a><\/div><\/div><div class=\"su-image-carousel-item\"><div class=\"su-image-carousel-item-content\"><a href=\"https:\/\/www.rwg-bayreuth.de\/home\/wp-content\/uploads\/2022\/05\/2021-Latein-Begabtenkurs-Spiele2.jpg\" data-caption=\"\"><img loading=\"lazy\" decoding=\"async\" width=\"1024\" height=\"768\" src=\"https:\/\/www.rwg-bayreuth.de\/home\/wp-content\/uploads\/2022\/05\/2021-Latein-Begabtenkurs-Spiele2.jpg\" class=\"\" alt=\"\" srcset=\"https:\/\/www.rwg-bayreuth.de\/home\/wp-content\/uploads\/2022\/05\/2021-Latein-Begabtenkurs-Spiele2.jpg 1024w, https:\/\/www.rwg-bayreuth.de\/home\/wp-content\/uploads\/2022\/05\/2021-Latein-Begabtenkurs-Spiele2-450x338.jpg 450w, https:\/\/www.rwg-bayreuth.de\/home\/wp-content\/uploads\/2022\/05\/2021-Latein-Begabtenkurs-Spiele2-768x576.jpg 768w, https:\/\/www.rwg-bayreuth.de\/home\/wp-content\/uploads\/2022\/05\/2021-Latein-Begabtenkurs-Spiele2-250x188.jpg 250w\" sizes=\"(max-width: 1024px) 100vw, 1024px\" \/><\/a><\/div><\/div><\/div><script id=\"su_image_carousel_69f1d9d0b2cbf_script\">if(window.SUImageCarousel){setTimeout(function() {window.SUImageCarousel.initGallery(document.getElementById(\"su_image_carousel_69f1d9d0b2cbf\"))}, 0);}var su_image_carousel_69f1d9d0b2cbf_script=document.getElementById(\"su_image_carousel_69f1d9d0b2cbf_script\");if(su_image_carousel_69f1d9d0b2cbf_script){su_image_carousel_69f1d9d0b2cbf_script.parentNode.removeChild(su_image_carousel_69f1d9d0b2cbf_script);}<\/script>\n<p>Alles in allem trat die Gruppe gut gelaunt und voller neuer Eindr\u00fccke, aber auch etwas ersch\u00f6pft aufgrund eines durchaus anstrengenden Vormittages den Heimweg nach Bayreuth an. <\/p>\n<p>Ein ganz herzlicher Dank geht nochmals an Frau Olivier-Trottenberg f\u00fcr die \u00e4u\u00dferst fachkundige und sehr interessante F\u00fchrung!<br \/>\nUnd: Wir kommen gerne wieder (zu einer neuen Ausstellung) \ud83d\ude42  \u2013  vielleicht schon im n\u00e4chsten Schuljahr, wenn es wieder hei\u00dft: Wissbegierige Lateiner auf Erkundungstour \u2026 Spannung ist also weiterhin garantiert!<\/p>\n<p><em>S. Track (im Namen aller Kursteilnehmerinnen im SJ 2021\/22)<\/em><\/p>\n","protected":false},"excerpt":{"rendered":"<p>Die Teilnehmerinnen des Begabtenkurses \u201aLebend(ig)es Latein\u2018 f\u00fchrte einer ihrer Kurstage im Mai auf eine besondere Exkursion nach N\u00fcrnberg: Das Ziel war dabei der Besuch des Naturhistorischen Museums. In einer Sonderausstellung unter dem Titel \u201aManifestation der Macht in Bildern\u2018 wurde hier das Agieren dreier r\u00f6mischer Kaiser (Augustus, Vespasian, Traian) auf politischer B\u00fchne, das milit\u00e4rische Taktieren und&hellip;<\/p>\n","protected":false},"author":11,"featured_media":31285,"comment_status":"closed","ping_status":"closed","sticky":false,"template":"","format":"standard","meta":{"footnotes":""},"categories":[1],"tags":[51,67],"_links":{"self":[{"href":"https:\/\/www.rwg-bayreuth.de\/home\/index.php?rest_route=\/wp\/v2\/posts\/31262"}],"collection":[{"href":"https:\/\/www.rwg-bayreuth.de\/home\/index.php?rest_route=\/wp\/v2\/posts"}],"about":[{"href":"https:\/\/www.rwg-bayreuth.de\/home\/index.php?rest_route=\/wp\/v2\/types\/post"}],"author":[{"embeddable":true,"href":"https:\/\/www.rwg-bayreuth.de\/home\/index.php?rest_route=\/wp\/v2\/users\/11"}],"replies":[{"embeddable":true,"href":"https:\/\/www.rwg-bayreuth.de\/home\/index.php?rest_route=%2Fwp%2Fv2%2Fcomments&post=31262"}],"version-history":[{"count":4,"href":"https:\/\/www.rwg-bayreuth.de\/home\/index.php?rest_route=\/wp\/v2\/posts\/31262\/revisions"}],"predecessor-version":[{"id":31284,"href":"https:\/\/www.rwg-bayreuth.de\/home\/index.php?rest_route=\/wp\/v2\/posts\/31262\/revisions\/31284"}],"wp:featuredmedia":[{"embeddable":true,"href":"https:\/\/www.rwg-bayreuth.de\/home\/index.php?rest_route=\/wp\/v2\/media\/31285"}],"wp:attachment":[{"href":"https:\/\/www.rwg-bayreuth.de\/home\/index.php?rest_route=%2Fwp%2Fv2%2Fmedia&parent=31262"}],"wp:term":[{"taxonomy":"category","embeddable":true,"href":"https:\/\/www.rwg-bayreuth.de\/home\/index.php?rest_route=%2Fwp%2Fv2%2Fcategories&post=31262"},{"taxonomy":"post_tag","embeddable":true,"href":"https:\/\/www.rwg-bayreuth.de\/home\/index.php?rest_route=%2Fwp%2Fv2%2Ftags&post=31262"}],"curies":[{"name":"wp","href":"https:\/\/api.w.org\/{rel}","templated":true}]}}