{"id":31130,"date":"2022-05-02T06:19:47","date_gmt":"2022-05-02T04:19:47","guid":{"rendered":"http:\/\/www.rwg-bayreuth.de\/home\/?p=31130"},"modified":"2023-10-14T18:28:36","modified_gmt":"2023-10-14T16:28:36","slug":"das-cafe-%cf%80-oeffnet-wieder-mit-einem-neuen-team","status":"publish","type":"post","link":"https:\/\/www.rwg-bayreuth.de\/home\/?p=31130","title":{"rendered":"Das Caf\u00e9&nbsp;\u03c0 \u00f6ffnet wieder mit einem neuen Team!"},"content":{"rendered":"<p><a href=\"https:\/\/www.rwg-bayreuth.de\/home\/wp-content\/uploads\/2022\/05\/Cafe-Pi-Team2022.jpg\"><img loading=\"lazy\" decoding=\"async\" src=\"https:\/\/www.rwg-bayreuth.de\/home\/wp-content\/uploads\/2022\/05\/Cafe-Pi-Team2022-450x300.jpg\" alt=\"\" width=\"450\" height=\"300\" class=\"aligncenter size-medium wp-image-31143\" srcset=\"https:\/\/www.rwg-bayreuth.de\/home\/wp-content\/uploads\/2022\/05\/Cafe-Pi-Team2022-450x300.jpg 450w, https:\/\/www.rwg-bayreuth.de\/home\/wp-content\/uploads\/2022\/05\/Cafe-Pi-Team2022-768x512.jpg 768w, https:\/\/www.rwg-bayreuth.de\/home\/wp-content\/uploads\/2022\/05\/Cafe-Pi-Team2022-250x167.jpg 250w, https:\/\/www.rwg-bayreuth.de\/home\/wp-content\/uploads\/2022\/05\/Cafe-Pi-Team2022-900x600.jpg 900w, https:\/\/www.rwg-bayreuth.de\/home\/wp-content\/uploads\/2022\/05\/Cafe-Pi-Team2022.jpg 1024w, https:\/\/www.rwg-bayreuth.de\/home\/wp-content\/uploads\/2022\/05\/Cafe-Pi-Team2022-600x400.jpg 600w\" sizes=\"(max-width: 450px) 100vw, 450px\" \/><\/a><\/p>\n<p>Schon seit mehreren Jahren bieten Sch\u00fcler und Sch\u00fclerinnen der 11.&nbsp;Klasse im Rahmen des P-Seminars \u201eCaf\u00e9&nbsp;\u03c0\u201c die M\u00f6glichkeit, andere Sch\u00fcler\/innen mit Schwierigkeiten im Fach Mathematik  zu unterst\u00fctzen. Auch dieses Jahr lassen wir uns das nat\u00fcrlich nicht nehmen!<br \/>\nAm <strong>02.05.22<\/strong> \u00f6ffnet unser Caf\u00e9&nbsp;\u03c0 endlich wieder!<br \/>\nBevor wir auf Genaueres eingehen, erst ein paar grundlegende Infos \u00fcber das Caf\u00e9 und uns selbst. Unser Team besteht aus 14 aufgeschlossenen Sch\u00fcler\/innen der Q11 und unserer Leiterin Frau Wei\u00df. Unser Ziel ist es, Sch\u00fclern und Sch\u00fclerinnen der 5., 6.  und 7. Klassen den Stoff im Fach Mathematik n\u00e4herzubringen. Dabei helfen wir ihnen bei Hausaufgaben, beim Lernen und \u00dcben vor Schulaufgaben, aber nat\u00fcrlich auch bei sonstigen Schwierigkeiten. Zudem ist reichlich f\u00fcr Essen und Trinken gesorgt, sodass sich die Kinder jederzeit Getr\u00e4nke und kleine Snacks zu g\u00fcnstigen Preisen kaufen k\u00f6nnen. Durch die lockere Atmosph\u00e4re und gleichzeitig aber die Unterst\u00fctzung im Fach Mathe, hoffen wir nat\u00fcrlich, dass sich die Kinder bei uns wohl f\u00fchlen und gerne wieder kommen (und evtl. auch ein wenig Spa\u00df an Mathe finden \ud83d\ude0a).<\/p>\n<p class=\"ohne\" ><strong>Zu den folgenden Zeiten hat das Caf\u00e9&nbsp;\u03c0 ge\u00f6ffnet:<\/strong><\/p>\n<table class=\"eng\" >\n<tr>\n<td>\n<p class=\"ohne\" style=\"line-height:1;\">Montag:<\/p>\n<\/td>\n<td>\n<p class=\"ohne\" style=\"line-height:1;\">12.45 &#8211; 13.30 Uhr<\/p>\n<\/td>\n<\/tr>\n<tr>\n<td>\n<p class=\"ohne\" style=\"line-height:1;\">Dienstag:<\/p>\n<\/td>\n<td>\n<p class=\"ohne\" style=\"line-height:1;\">12.45 &#8211; 13.30 Uhr<\/p>\n<\/td>\n<\/tr>\n<tr>\n<td>\n<p class=\"ohne\" style=\"line-height:1;\">Dienstag:<\/p>\n<\/td>\n<td>\n<p class=\"ohne\" style=\"line-height:1;\">13.30 &#8211; 14.15 Uhr<\/p>\n<\/td>\n<\/tr>\n<tr>\n<td>\n<p class=\"ohne\" style=\"line-height:1;\">Donnerstag:<\/p>\n<\/td>\n<td>\n<p class=\"ohne\" style=\"line-height:1;\">12.45 &#8211; 13.30 Uhr<\/p>\n<\/td>\n<\/tr>\n<\/table>\n<p><!--Montag:            12.45 - 13.30 Uhr               \nDienstag:          12.45 - 13.30 Uhr             \nDienstag:          13.30 - 14.15 Uhr  \nDonnerstag:     12.45 - 13.30 Uhr    --> <\/p>\n<p>Zu diesen Zeiten befinden sich jeweils zwei bis drei Sch\u00fcler\/innen unseres Teams im Caf\u00e9 (<strong>Raum 218<\/strong>) und betreuen dort die Kinder.<br \/>\nAu\u00dferdem ist <strong>keine Anmeldung n\u00f6tig<\/strong>, sodass die Sch\u00fcler\/innen auch jederzeit spontan vorbeikommen k\u00f6nnen und somit keinerlei Verpflichtung haben.<\/p>\n<p>Wir freuen uns auf Euch und einen erfolgreichen Caf\u00e9-Betrieb!<\/p>\n<p>Liebe Gr\u00fc\u00dfe<br \/>\nEuer Caf\u00e9&nbsp;\u03c0 Team<\/p>\n","protected":false},"excerpt":{"rendered":"<p>Schon seit mehreren Jahren bieten Sch\u00fcler und Sch\u00fclerinnen der 11.&nbsp;Klasse im Rahmen des P-Seminars \u201eCaf\u00e9&nbsp;\u03c0\u201c die M\u00f6glichkeit, andere Sch\u00fcler\/innen mit Schwierigkeiten im Fach Mathematik zu unterst\u00fctzen. Auch dieses Jahr lassen wir uns das nat\u00fcrlich nicht nehmen! Am 02.05.22 \u00f6ffnet unser Caf\u00e9&nbsp;\u03c0 endlich wieder! Bevor wir auf Genaueres eingehen, erst ein paar grundlegende Infos \u00fcber das&hellip;<\/p>\n","protected":false},"author":11,"featured_media":31143,"comment_status":"closed","ping_status":"closed","sticky":false,"template":"","format":"standard","meta":{"footnotes":""},"categories":[1],"tags":[99,51,70,96,64],"_links":{"self":[{"href":"https:\/\/www.rwg-bayreuth.de\/home\/index.php?rest_route=\/wp\/v2\/posts\/31130"}],"collection":[{"href":"https:\/\/www.rwg-bayreuth.de\/home\/index.php?rest_route=\/wp\/v2\/posts"}],"about":[{"href":"https:\/\/www.rwg-bayreuth.de\/home\/index.php?rest_route=\/wp\/v2\/types\/post"}],"author":[{"embeddable":true,"href":"https:\/\/www.rwg-bayreuth.de\/home\/index.php?rest_route=\/wp\/v2\/users\/11"}],"replies":[{"embeddable":true,"href":"https:\/\/www.rwg-bayreuth.de\/home\/index.php?rest_route=%2Fwp%2Fv2%2Fcomments&post=31130"}],"version-history":[{"count":10,"href":"https:\/\/www.rwg-bayreuth.de\/home\/index.php?rest_route=\/wp\/v2\/posts\/31130\/revisions"}],"predecessor-version":[{"id":31144,"href":"https:\/\/www.rwg-bayreuth.de\/home\/index.php?rest_route=\/wp\/v2\/posts\/31130\/revisions\/31144"}],"wp:featuredmedia":[{"embeddable":true,"href":"https:\/\/www.rwg-bayreuth.de\/home\/index.php?rest_route=\/wp\/v2\/media\/31143"}],"wp:attachment":[{"href":"https:\/\/www.rwg-bayreuth.de\/home\/index.php?rest_route=%2Fwp%2Fv2%2Fmedia&parent=31130"}],"wp:term":[{"taxonomy":"category","embeddable":true,"href":"https:\/\/www.rwg-bayreuth.de\/home\/index.php?rest_route=%2Fwp%2Fv2%2Fcategories&post=31130"},{"taxonomy":"post_tag","embeddable":true,"href":"https:\/\/www.rwg-bayreuth.de\/home\/index.php?rest_route=%2Fwp%2Fv2%2Ftags&post=31130"}],"curies":[{"name":"wp","href":"https:\/\/api.w.org\/{rel}","templated":true}]}}