{"id":31022,"date":"2022-04-09T08:04:59","date_gmt":"2022-04-09T06:04:59","guid":{"rendered":"http:\/\/www.rwg-bayreuth.de\/home\/?p=31022"},"modified":"2022-06-16T12:35:46","modified_gmt":"2022-06-16T10:35:46","slug":"unsere-lara-beim-vorlesewettbewerb-franzoesisch","status":"publish","type":"post","link":"https:\/\/www.rwg-bayreuth.de\/home\/?p=31022","title":{"rendered":"Unsere Lara beim Vorlesewettbewerb Franz\u00f6sisch"},"content":{"rendered":"<p><a href=\"https:\/\/www.rwg-bayreuth.de\/home\/wp-content\/uploads\/2022\/04\/21-22-Vorlesewettbewerb_Franzoesisch_DFG.jpg\"><img loading=\"lazy\" decoding=\"async\" src=\"https:\/\/www.rwg-bayreuth.de\/home\/wp-content\/uploads\/2022\/04\/21-22-Vorlesewettbewerb_Franzoesisch_DFG-450x338.jpg\" alt=\"\" width=\"450\" height=\"338\" class=\"aligncenter size-medium wp-image-31026\" srcset=\"https:\/\/www.rwg-bayreuth.de\/home\/wp-content\/uploads\/2022\/04\/21-22-Vorlesewettbewerb_Franzoesisch_DFG-450x338.jpg 450w, https:\/\/www.rwg-bayreuth.de\/home\/wp-content\/uploads\/2022\/04\/21-22-Vorlesewettbewerb_Franzoesisch_DFG-768x576.jpg 768w, https:\/\/www.rwg-bayreuth.de\/home\/wp-content\/uploads\/2022\/04\/21-22-Vorlesewettbewerb_Franzoesisch_DFG-250x188.jpg 250w, https:\/\/www.rwg-bayreuth.de\/home\/wp-content\/uploads\/2022\/04\/21-22-Vorlesewettbewerb_Franzoesisch_DFG.jpg 1024w\" sizes=\"(max-width: 450px) 100vw, 450px\" \/><\/a><\/p>\n<p>Am diesj\u00e4hrigen franz\u00f6sischen Vorlesewettbewerb der Deutsch-Franz\u00f6sischen Gesellschaft hat Lara Gruber aus der Klasse 8b erfolgreich teilgenommen.<\/p>\n<p>Nach einer coronabedingten Zwangspause in den Jahren 2020 und 2021 organisierte die Deutsch-Franz\u00f6sische Gesellschaft zum 25. Mal den Vorlesewettbewerb \u2013 dieses Mal f\u00fcr die 8. Jahrgangsstufe (Franz\u00f6sisch als 2. Fremdsprache). Es nahmen Sch\u00fclerinnen und Sch\u00fcler der Bayreuther Gymnasien, des Gymnasiums Pegnitz sowie der Gesamtschule Hollfeld teil. Jede Schule durfte \u2013 statt wie sonst zwei \u2013 pandemiebedingt eine Kandidatin bzw. einen Kandidaten melden.<\/p>\n<p>Von unserer Schule stellte sich Lara Gruber (Klasse 8b) der Herausforderung, zwei franz\u00f6sischsprachige Texte vorzulesen. Es ist nicht einfach, im dritten Lernjahr \u2013 nach zwei Jahren st\u00e4ndigen Wechsels zwischen Distanz- und Pr\u00e4senzunterricht \u2013 einen von franz\u00f6sischen Autoren verfassten Auszug eines Prosatextes fl\u00fcssig, fehlerfrei und mit korrekter Intonation vorzutragen. <\/p>\n<p>Neben dem einge\u00fcbten und gut vorbereiteten Text musste jeder noch einen von der Jury ausgew\u00e4hlten Pflichttext mit zahlreichen unbekannten W\u00f6rtern vortragen. Besonders das richtige Lesen von Zahlen und vielen unbekannten Verbformen ist eine gro\u00dfe Herausforderung f\u00fcr alle. Wenn man nicht so recht wei\u00df, was man liest, ist es richtig schwierig, auch noch die einzelnen Satzelemente im richtigen Sinnzusammenhang vorzutragen. Die Lesezeit pro Text betrug jeweils ca. zwei Minuten. Der Pflichttext stellte die gr\u00f6\u00dfte Herausforderung dar, da jeder Kandidat kaum f\u00fcnf Minuten Zeit hatte, um ihn vor dem Vortrag schnell einmal zu \u00fcberfliegen.<\/p>\n<p>Unsere Lara las beide Texte sehr ansprechend und wurde von der Jury, die ausschlie\u00dflich aus Muttersprachlern bestand, mit Preisen, die aus Bayreuths Partnerstadt Annecy stammten, belohnt. Aber auch alle anderen Kandidaten zeigten sehr \u00fcberzeugende Leistungen und wurden ebenfalls mit franz\u00f6sischem Allerlei bedacht!<\/p>\n<p><em>M. M\u00f6hrlein<\/em><\/p>\n","protected":false},"excerpt":{"rendered":"<p>Am diesj\u00e4hrigen franz\u00f6sischen Vorlesewettbewerb der Deutsch-Franz\u00f6sischen Gesellschaft hat Lara Gruber aus der Klasse 8b erfolgreich teilgenommen. Nach einer coronabedingten Zwangspause in den Jahren 2020 und 2021 organisierte die Deutsch-Franz\u00f6sische Gesellschaft zum 25. Mal den Vorlesewettbewerb \u2013 dieses Mal f\u00fcr die 8. Jahrgangsstufe (Franz\u00f6sisch als 2. Fremdsprache). Es nahmen Sch\u00fclerinnen und Sch\u00fcler der Bayreuther Gymnasien, des&hellip;<\/p>\n","protected":false},"author":11,"featured_media":31025,"comment_status":"closed","ping_status":"closed","sticky":false,"template":"","format":"standard","meta":{"footnotes":""},"categories":[1],"tags":[93,51,71],"_links":{"self":[{"href":"https:\/\/www.rwg-bayreuth.de\/home\/index.php?rest_route=\/wp\/v2\/posts\/31022"}],"collection":[{"href":"https:\/\/www.rwg-bayreuth.de\/home\/index.php?rest_route=\/wp\/v2\/posts"}],"about":[{"href":"https:\/\/www.rwg-bayreuth.de\/home\/index.php?rest_route=\/wp\/v2\/types\/post"}],"author":[{"embeddable":true,"href":"https:\/\/www.rwg-bayreuth.de\/home\/index.php?rest_route=\/wp\/v2\/users\/11"}],"replies":[{"embeddable":true,"href":"https:\/\/www.rwg-bayreuth.de\/home\/index.php?rest_route=%2Fwp%2Fv2%2Fcomments&post=31022"}],"version-history":[{"count":2,"href":"https:\/\/www.rwg-bayreuth.de\/home\/index.php?rest_route=\/wp\/v2\/posts\/31022\/revisions"}],"predecessor-version":[{"id":31027,"href":"https:\/\/www.rwg-bayreuth.de\/home\/index.php?rest_route=\/wp\/v2\/posts\/31022\/revisions\/31027"}],"wp:featuredmedia":[{"embeddable":true,"href":"https:\/\/www.rwg-bayreuth.de\/home\/index.php?rest_route=\/wp\/v2\/media\/31025"}],"wp:attachment":[{"href":"https:\/\/www.rwg-bayreuth.de\/home\/index.php?rest_route=%2Fwp%2Fv2%2Fmedia&parent=31022"}],"wp:term":[{"taxonomy":"category","embeddable":true,"href":"https:\/\/www.rwg-bayreuth.de\/home\/index.php?rest_route=%2Fwp%2Fv2%2Fcategories&post=31022"},{"taxonomy":"post_tag","embeddable":true,"href":"https:\/\/www.rwg-bayreuth.de\/home\/index.php?rest_route=%2Fwp%2Fv2%2Ftags&post=31022"}],"curies":[{"name":"wp","href":"https:\/\/api.w.org\/{rel}","templated":true}]}}