{"id":30961,"date":"2022-03-21T07:12:53","date_gmt":"2022-03-21T06:12:53","guid":{"rendered":"http:\/\/www.rwg-bayreuth.de\/home\/?p=30961"},"modified":"2022-03-19T18:26:28","modified_gmt":"2022-03-19T17:26:28","slug":"mountainbike-ag-startet-in-den-fruehling","status":"publish","type":"post","link":"https:\/\/www.rwg-bayreuth.de\/home\/?p=30961","title":{"rendered":"Mountainbike AG  startet in den Fr\u00fchling"},"content":{"rendered":"<p><a href=\"https:\/\/www.rwg-bayreuth.de\/home\/wp-content\/uploads\/2022\/03\/21-22-MTB-StartInDenFruehling.jpg\"><img loading=\"lazy\" decoding=\"async\" src=\"https:\/\/www.rwg-bayreuth.de\/home\/wp-content\/uploads\/2022\/03\/21-22-MTB-StartInDenFruehling-450x300.jpg\" alt=\"\" width=\"450\" height=\"300\" class=\"aligncenter size-medium wp-image-30962\" srcset=\"https:\/\/www.rwg-bayreuth.de\/home\/wp-content\/uploads\/2022\/03\/21-22-MTB-StartInDenFruehling-450x300.jpg 450w, https:\/\/www.rwg-bayreuth.de\/home\/wp-content\/uploads\/2022\/03\/21-22-MTB-StartInDenFruehling-768x512.jpg 768w, https:\/\/www.rwg-bayreuth.de\/home\/wp-content\/uploads\/2022\/03\/21-22-MTB-StartInDenFruehling-250x167.jpg 250w, https:\/\/www.rwg-bayreuth.de\/home\/wp-content\/uploads\/2022\/03\/21-22-MTB-StartInDenFruehling-900x600.jpg 900w, https:\/\/www.rwg-bayreuth.de\/home\/wp-content\/uploads\/2022\/03\/21-22-MTB-StartInDenFruehling.jpg 1024w\" sizes=\"(max-width: 450px) 100vw, 450px\" \/><\/a><\/p>\n<p>Die Mountainbike AG des RWG startet am 18.03. in die neue Radsaison.<\/p>\n<p>Hierf\u00fcr wurden die ersten Sonnenstrahlen und die etwas w\u00e4rmeren Temperaturen genutzt, um eine erste Ausfahrt \u00fcber den Studentenwald, die Saas und den Buchstein zu unternehmen.<\/p>\n<p>Falls jemand Lust bekommt, sich an der Mountainbike AG zu beteiligen, darf er sich gerne an Herrn Bauer oder Herrn Str\u00f6hla wenden.<\/p>\n","protected":false},"excerpt":{"rendered":"<p>Die Mountainbike AG des RWG startet am 18.03. in die neue Radsaison. Hierf\u00fcr wurden die ersten Sonnenstrahlen und die etwas w\u00e4rmeren Temperaturen genutzt, um eine erste Ausfahrt \u00fcber den Studentenwald, die Saas und den Buchstein zu unternehmen. Falls jemand Lust bekommt, sich an der Mountainbike AG zu beteiligen, darf er sich gerne an Herrn Bauer&hellip;<\/p>\n","protected":false},"author":11,"featured_media":30962,"comment_status":"closed","ping_status":"closed","sticky":false,"template":"","format":"standard","meta":{"footnotes":""},"categories":[1],"tags":[51,135],"_links":{"self":[{"href":"https:\/\/www.rwg-bayreuth.de\/home\/index.php?rest_route=\/wp\/v2\/posts\/30961"}],"collection":[{"href":"https:\/\/www.rwg-bayreuth.de\/home\/index.php?rest_route=\/wp\/v2\/posts"}],"about":[{"href":"https:\/\/www.rwg-bayreuth.de\/home\/index.php?rest_route=\/wp\/v2\/types\/post"}],"author":[{"embeddable":true,"href":"https:\/\/www.rwg-bayreuth.de\/home\/index.php?rest_route=\/wp\/v2\/users\/11"}],"replies":[{"embeddable":true,"href":"https:\/\/www.rwg-bayreuth.de\/home\/index.php?rest_route=%2Fwp%2Fv2%2Fcomments&post=30961"}],"version-history":[{"count":1,"href":"https:\/\/www.rwg-bayreuth.de\/home\/index.php?rest_route=\/wp\/v2\/posts\/30961\/revisions"}],"predecessor-version":[{"id":30963,"href":"https:\/\/www.rwg-bayreuth.de\/home\/index.php?rest_route=\/wp\/v2\/posts\/30961\/revisions\/30963"}],"wp:featuredmedia":[{"embeddable":true,"href":"https:\/\/www.rwg-bayreuth.de\/home\/index.php?rest_route=\/wp\/v2\/media\/30962"}],"wp:attachment":[{"href":"https:\/\/www.rwg-bayreuth.de\/home\/index.php?rest_route=%2Fwp%2Fv2%2Fmedia&parent=30961"}],"wp:term":[{"taxonomy":"category","embeddable":true,"href":"https:\/\/www.rwg-bayreuth.de\/home\/index.php?rest_route=%2Fwp%2Fv2%2Fcategories&post=30961"},{"taxonomy":"post_tag","embeddable":true,"href":"https:\/\/www.rwg-bayreuth.de\/home\/index.php?rest_route=%2Fwp%2Fv2%2Ftags&post=30961"}],"curies":[{"name":"wp","href":"https:\/\/api.w.org\/{rel}","templated":true}]}}