{"id":30940,"date":"2022-03-01T06:33:35","date_gmt":"2022-03-01T05:33:35","guid":{"rendered":"http:\/\/www.rwg-bayreuth.de\/home\/?p=30940"},"modified":"2022-03-31T16:20:06","modified_gmt":"2022-03-31T14:20:06","slug":"unterstufenfasching-2021-22","status":"publish","type":"post","link":"https:\/\/www.rwg-bayreuth.de\/home\/?p=30940","title":{"rendered":"Unterstufenfasching 2021\/22"},"content":{"rendered":"<div class=\"su-image-carousel  su-image-carousel-has-spacing su-image-carousel-crop su-image-carousel-crop-4-3 su-image-carousel-has-lightbox su-image-carousel-has-outline su-image-carousel-adaptive su-image-carousel-slides-style-minimal su-image-carousel-controls-style-light su-image-carousel-align-center\" style=\"max-width:450px\" data-flickity-options='{\"groupCells\":true,\"cellSelector\":\".su-image-carousel-item\",\"adaptiveHeight\":false,\"cellAlign\":\"left\",\"prevNextButtons\":false,\"pageDots\":false,\"autoPlay\":4000,\"imagesLoaded\":true,\"contain\":true,\"selectedAttraction\":0.025000000000000001,\"friction\":0.28000000000000003}' id=\"su_image_carousel_69f1c171d097f\"><div class=\"su-image-carousel-item\"><div class=\"su-image-carousel-item-content\"><a href=\"https:\/\/www.rwg-bayreuth.de\/home\/wp-content\/uploads\/2022\/03\/21-22-Unterstufenfasching-Polonaise3.jpg\" data-caption=\"\"><img loading=\"lazy\" decoding=\"async\" width=\"1024\" height=\"768\" src=\"https:\/\/www.rwg-bayreuth.de\/home\/wp-content\/uploads\/2022\/03\/21-22-Unterstufenfasching-Polonaise3.jpg\" class=\"\" alt=\"\" srcset=\"https:\/\/www.rwg-bayreuth.de\/home\/wp-content\/uploads\/2022\/03\/21-22-Unterstufenfasching-Polonaise3.jpg 1024w, https:\/\/www.rwg-bayreuth.de\/home\/wp-content\/uploads\/2022\/03\/21-22-Unterstufenfasching-Polonaise3-450x338.jpg 450w, https:\/\/www.rwg-bayreuth.de\/home\/wp-content\/uploads\/2022\/03\/21-22-Unterstufenfasching-Polonaise3-768x576.jpg 768w, https:\/\/www.rwg-bayreuth.de\/home\/wp-content\/uploads\/2022\/03\/21-22-Unterstufenfasching-Polonaise3-250x188.jpg 250w\" sizes=\"(max-width: 1024px) 100vw, 1024px\" \/><\/a><\/div><\/div><div class=\"su-image-carousel-item\"><div class=\"su-image-carousel-item-content\"><a href=\"https:\/\/www.rwg-bayreuth.de\/home\/wp-content\/uploads\/2022\/03\/21-22-Unterstufenfasching-Tanzen3.jpg\" data-caption=\"\"><img loading=\"lazy\" decoding=\"async\" width=\"1024\" height=\"768\" src=\"https:\/\/www.rwg-bayreuth.de\/home\/wp-content\/uploads\/2022\/03\/21-22-Unterstufenfasching-Tanzen3.jpg\" class=\"\" alt=\"\" srcset=\"https:\/\/www.rwg-bayreuth.de\/home\/wp-content\/uploads\/2022\/03\/21-22-Unterstufenfasching-Tanzen3.jpg 1024w, https:\/\/www.rwg-bayreuth.de\/home\/wp-content\/uploads\/2022\/03\/21-22-Unterstufenfasching-Tanzen3-450x338.jpg 450w, https:\/\/www.rwg-bayreuth.de\/home\/wp-content\/uploads\/2022\/03\/21-22-Unterstufenfasching-Tanzen3-768x576.jpg 768w, https:\/\/www.rwg-bayreuth.de\/home\/wp-content\/uploads\/2022\/03\/21-22-Unterstufenfasching-Tanzen3-250x188.jpg 250w\" sizes=\"(max-width: 1024px) 100vw, 1024px\" \/><\/a><\/div><\/div><div class=\"su-image-carousel-item\"><div class=\"su-image-carousel-item-content\"><a href=\"https:\/\/www.rwg-bayreuth.de\/home\/wp-content\/uploads\/2022\/03\/21-22-Unterstufenfasching-Preisverleihung-fuer-das-beste-Kostuem-.jpg\" data-caption=\"\"><img loading=\"lazy\" decoding=\"async\" width=\"1024\" height=\"768\" src=\"https:\/\/www.rwg-bayreuth.de\/home\/wp-content\/uploads\/2022\/03\/21-22-Unterstufenfasching-Preisverleihung-fuer-das-beste-Kostuem-.jpg\" class=\"\" alt=\"\" srcset=\"https:\/\/www.rwg-bayreuth.de\/home\/wp-content\/uploads\/2022\/03\/21-22-Unterstufenfasching-Preisverleihung-fuer-das-beste-Kostuem-.jpg 1024w, https:\/\/www.rwg-bayreuth.de\/home\/wp-content\/uploads\/2022\/03\/21-22-Unterstufenfasching-Preisverleihung-fuer-das-beste-Kostuem--450x338.jpg 450w, https:\/\/www.rwg-bayreuth.de\/home\/wp-content\/uploads\/2022\/03\/21-22-Unterstufenfasching-Preisverleihung-fuer-das-beste-Kostuem--768x576.jpg 768w, https:\/\/www.rwg-bayreuth.de\/home\/wp-content\/uploads\/2022\/03\/21-22-Unterstufenfasching-Preisverleihung-fuer-das-beste-Kostuem--250x188.jpg 250w\" sizes=\"(max-width: 1024px) 100vw, 1024px\" \/><\/a><\/div><\/div><div class=\"su-image-carousel-item\"><div class=\"su-image-carousel-item-content\"><a href=\"https:\/\/www.rwg-bayreuth.de\/home\/wp-content\/uploads\/2022\/03\/21-22-Unterstufenfasching-Polonaise2.jpg\" data-caption=\"\"><img loading=\"lazy\" decoding=\"async\" width=\"1024\" height=\"768\" src=\"https:\/\/www.rwg-bayreuth.de\/home\/wp-content\/uploads\/2022\/03\/21-22-Unterstufenfasching-Polonaise2.jpg\" class=\"\" alt=\"\" srcset=\"https:\/\/www.rwg-bayreuth.de\/home\/wp-content\/uploads\/2022\/03\/21-22-Unterstufenfasching-Polonaise2.jpg 1024w, https:\/\/www.rwg-bayreuth.de\/home\/wp-content\/uploads\/2022\/03\/21-22-Unterstufenfasching-Polonaise2-450x338.jpg 450w, https:\/\/www.rwg-bayreuth.de\/home\/wp-content\/uploads\/2022\/03\/21-22-Unterstufenfasching-Polonaise2-768x576.jpg 768w, https:\/\/www.rwg-bayreuth.de\/home\/wp-content\/uploads\/2022\/03\/21-22-Unterstufenfasching-Polonaise2-250x188.jpg 250w\" sizes=\"(max-width: 1024px) 100vw, 1024px\" \/><\/a><\/div><\/div><div class=\"su-image-carousel-item\"><div class=\"su-image-carousel-item-content\"><a href=\"https:\/\/www.rwg-bayreuth.de\/home\/wp-content\/uploads\/2022\/03\/21-22-Unterstufenfasching-Tanzen-.jpg\" data-caption=\"\"><img loading=\"lazy\" decoding=\"async\" width=\"1024\" height=\"768\" src=\"https:\/\/www.rwg-bayreuth.de\/home\/wp-content\/uploads\/2022\/03\/21-22-Unterstufenfasching-Tanzen-.jpg\" class=\"\" alt=\"\" srcset=\"https:\/\/www.rwg-bayreuth.de\/home\/wp-content\/uploads\/2022\/03\/21-22-Unterstufenfasching-Tanzen-.jpg 1024w, https:\/\/www.rwg-bayreuth.de\/home\/wp-content\/uploads\/2022\/03\/21-22-Unterstufenfasching-Tanzen--450x338.jpg 450w, https:\/\/www.rwg-bayreuth.de\/home\/wp-content\/uploads\/2022\/03\/21-22-Unterstufenfasching-Tanzen--768x576.jpg 768w, https:\/\/www.rwg-bayreuth.de\/home\/wp-content\/uploads\/2022\/03\/21-22-Unterstufenfasching-Tanzen--250x188.jpg 250w\" sizes=\"(max-width: 1024px) 100vw, 1024px\" \/><\/a><\/div><\/div><div class=\"su-image-carousel-item\"><div class=\"su-image-carousel-item-content\"><a href=\"https:\/\/www.rwg-bayreuth.de\/home\/wp-content\/uploads\/2022\/03\/21-22-Unterstufenfasching-Macarena2.jpg\" data-caption=\"\"><img loading=\"lazy\" decoding=\"async\" width=\"1024\" height=\"768\" src=\"https:\/\/www.rwg-bayreuth.de\/home\/wp-content\/uploads\/2022\/03\/21-22-Unterstufenfasching-Macarena2.jpg\" class=\"\" alt=\"\" srcset=\"https:\/\/www.rwg-bayreuth.de\/home\/wp-content\/uploads\/2022\/03\/21-22-Unterstufenfasching-Macarena2.jpg 1024w, https:\/\/www.rwg-bayreuth.de\/home\/wp-content\/uploads\/2022\/03\/21-22-Unterstufenfasching-Macarena2-450x338.jpg 450w, https:\/\/www.rwg-bayreuth.de\/home\/wp-content\/uploads\/2022\/03\/21-22-Unterstufenfasching-Macarena2-768x576.jpg 768w, https:\/\/www.rwg-bayreuth.de\/home\/wp-content\/uploads\/2022\/03\/21-22-Unterstufenfasching-Macarena2-250x188.jpg 250w\" sizes=\"(max-width: 1024px) 100vw, 1024px\" \/><\/a><\/div><\/div><div class=\"su-image-carousel-item\"><div class=\"su-image-carousel-item-content\"><a href=\"https:\/\/www.rwg-bayreuth.de\/home\/wp-content\/uploads\/2022\/03\/21-22-Unterstufenfasching-Tanzen4.jpg\" data-caption=\"\"><img loading=\"lazy\" decoding=\"async\" width=\"1024\" height=\"768\" src=\"https:\/\/www.rwg-bayreuth.de\/home\/wp-content\/uploads\/2022\/03\/21-22-Unterstufenfasching-Tanzen4.jpg\" class=\"\" alt=\"\" srcset=\"https:\/\/www.rwg-bayreuth.de\/home\/wp-content\/uploads\/2022\/03\/21-22-Unterstufenfasching-Tanzen4.jpg 1024w, https:\/\/www.rwg-bayreuth.de\/home\/wp-content\/uploads\/2022\/03\/21-22-Unterstufenfasching-Tanzen4-450x338.jpg 450w, https:\/\/www.rwg-bayreuth.de\/home\/wp-content\/uploads\/2022\/03\/21-22-Unterstufenfasching-Tanzen4-768x576.jpg 768w, https:\/\/www.rwg-bayreuth.de\/home\/wp-content\/uploads\/2022\/03\/21-22-Unterstufenfasching-Tanzen4-250x188.jpg 250w\" sizes=\"(max-width: 1024px) 100vw, 1024px\" \/><\/a><\/div><\/div><div class=\"su-image-carousel-item\"><div class=\"su-image-carousel-item-content\"><a href=\"https:\/\/www.rwg-bayreuth.de\/home\/wp-content\/uploads\/2022\/03\/21-22-Unterstufenfasching-Ballontanz.jpg\" data-caption=\"\"><img loading=\"lazy\" decoding=\"async\" width=\"768\" height=\"576\" src=\"https:\/\/www.rwg-bayreuth.de\/home\/wp-content\/uploads\/2022\/03\/21-22-Unterstufenfasching-Ballontanz.jpg\" class=\"\" alt=\"\" srcset=\"https:\/\/www.rwg-bayreuth.de\/home\/wp-content\/uploads\/2022\/03\/21-22-Unterstufenfasching-Ballontanz.jpg 768w, https:\/\/www.rwg-bayreuth.de\/home\/wp-content\/uploads\/2022\/03\/21-22-Unterstufenfasching-Ballontanz-450x338.jpg 450w, https:\/\/www.rwg-bayreuth.de\/home\/wp-content\/uploads\/2022\/03\/21-22-Unterstufenfasching-Ballontanz-250x188.jpg 250w\" sizes=\"(max-width: 768px) 100vw, 768px\" \/><\/a><\/div><\/div><\/div><script id=\"su_image_carousel_69f1c171d097f_script\">if(window.SUImageCarousel){setTimeout(function() {window.SUImageCarousel.initGallery(document.getElementById(\"su_image_carousel_69f1c171d097f\"))}, 0);}var su_image_carousel_69f1c171d097f_script=document.getElementById(\"su_image_carousel_69f1c171d097f_script\");if(su_image_carousel_69f1c171d097f_script){su_image_carousel_69f1c171d097f_script.parentNode.removeChild(su_image_carousel_69f1c171d097f_script);}<\/script>\n<p>Wie stellt man sich als F\u00fcnftkl\u00e4ssler eine Faschingsfeier vor? Sicherlich mit Kost\u00fcmen, viel Spa\u00df, Musik und Krapfen. Nun war es an der SMV, eine solche Feier zu organisieren. <\/p>\n<p>Tats\u00e4chlich stellte sich dies alles andere als leicht dar, da es insbesondere auf Grund der noch immer anhaltenden Corona Bestimmungen, doch die ein oder andere Einschr\u00e4nkung gab. Es war uns jedoch wichtig, dass es dieses Jahr wieder m\u00f6glich wird, eine Faschingsfeier in Pr\u00e4senz zu organisieren und nicht wie im letzten Jahr alles digital zu veranstalten. Dementsprechend fanden wir nach langem T\u00fcfteln eine optimale L\u00f6sung, die einer Traumparty sehr nahekam und dennoch noch im Rahmen der Corona-Ma\u00dfnahmen war. Da es leider nicht m\u00f6glich war, alle Sch\u00fcler gemeinsam in der Aula feiern zu lassen, teilten wir die Klassen in zwei Gruppen auf, die jeweils nacheinander in der Turnhalle feiern sollten. Auch Wettessen ohne Maske mussten ausfallen, also mussten allerlei Bonbons her. Spa\u00df und Spiel durften nat\u00fcrlich auch nicht fehlen, weshalb mit beiden Gruppen ausgiebig Stopptanz, Konfetti balancieren sowie Eierlauf gespielt wurde.  Dank der Unterst\u00fctzung der Medien AG waren wir bestens mit Soundboxen und Musik ausgestattet. Zudem hatten die Tutoren der f\u00fcnften Klassen, ohne deren Hilfe all dies nicht m\u00f6glich gewesen w\u00e4re, eine Spotify Playlist mit den Musikw\u00fcnschen der F\u00fcnftkl\u00e4ssler erstellt. Nach jeder Spielrunde gab es die Chance tolle Preise zu gewinnen, insbesondere auf die S\u00fc\u00dfigkeiten war der Ansturm gro\u00df. Es schien, als h\u00e4tten alle eine Menge Spa\u00df gehabt, denn die Stimmung drohte nie zu kippen. Im Gegenteil, alle tanzten und sangen, als g\u00e4be es kein Morgen. Doch was w\u00e4re eine Faschingsfeier ohne Kost\u00fcmwettbewerb? Selbstverst\u00e4ndlich durfte das auch dieses Jahr nicht fehlen. Wir waren absolut begeistert von der Vielfalt an kreativen Kost\u00fcmen und es fiel uns \u00e4u\u00dferst schwer die jeweiligen Gewinner zu bestimmen. Cowboys, Piraten, Prinzessinnen oder auch H\u00e4schen \u2013 alles war geboten. Letzten Endes musste aber eine Entscheidung gef\u00e4llt werden und so wurden von beiden Feiern die drei besten Kost\u00fcme gek\u00fcrt und erneut mit reichlich s\u00fc\u00dfen Preisen beschenkt.<\/p>\n<div class=\"su-image-carousel  su-image-carousel-columns-2 su-image-carousel-has-spacing su-image-carousel-crop su-image-carousel-crop-3-4 su-image-carousel-has-lightbox su-image-carousel-has-outline su-image-carousel-adaptive su-image-carousel-slides-style-minimal su-image-carousel-controls-style-light su-image-carousel-align-center\" style=\"max-width:450px\" data-flickity-options='{\"groupCells\":true,\"cellSelector\":\".su-image-carousel-item\",\"adaptiveHeight\":false,\"cellAlign\":\"left\",\"prevNextButtons\":false,\"pageDots\":false,\"autoPlay\":4000,\"imagesLoaded\":true,\"contain\":true,\"selectedAttraction\":0.025000000000000001,\"friction\":0.28000000000000003}' id=\"su_image_carousel_69f1c171d0dc9\"><div class=\"su-image-carousel-item\"><div class=\"su-image-carousel-item-content\"><a href=\"https:\/\/www.rwg-bayreuth.de\/home\/wp-content\/uploads\/2022\/03\/21-22-Unterstufenfasching-Kostuempraemierung-5def.jpg\" data-caption=\"\"><img loading=\"lazy\" decoding=\"async\" width=\"768\" height=\"1024\" src=\"https:\/\/www.rwg-bayreuth.de\/home\/wp-content\/uploads\/2022\/03\/21-22-Unterstufenfasching-Kostuempraemierung-5def.jpg\" class=\"\" alt=\"\" srcset=\"https:\/\/www.rwg-bayreuth.de\/home\/wp-content\/uploads\/2022\/03\/21-22-Unterstufenfasching-Kostuempraemierung-5def.jpg 768w, https:\/\/www.rwg-bayreuth.de\/home\/wp-content\/uploads\/2022\/03\/21-22-Unterstufenfasching-Kostuempraemierung-5def-338x450.jpg 338w, https:\/\/www.rwg-bayreuth.de\/home\/wp-content\/uploads\/2022\/03\/21-22-Unterstufenfasching-Kostuempraemierung-5def-250x333.jpg 250w\" sizes=\"(max-width: 768px) 100vw, 768px\" \/><\/a><\/div><\/div><div class=\"su-image-carousel-item\"><div class=\"su-image-carousel-item-content\"><a href=\"https:\/\/www.rwg-bayreuth.de\/home\/wp-content\/uploads\/2022\/03\/21-22-Unterstufenfasching-Kostuempraemierung-5abc.jpg\" data-caption=\"\"><img loading=\"lazy\" decoding=\"async\" width=\"768\" height=\"1024\" src=\"https:\/\/www.rwg-bayreuth.de\/home\/wp-content\/uploads\/2022\/03\/21-22-Unterstufenfasching-Kostuempraemierung-5abc.jpg\" class=\"\" alt=\"\" srcset=\"https:\/\/www.rwg-bayreuth.de\/home\/wp-content\/uploads\/2022\/03\/21-22-Unterstufenfasching-Kostuempraemierung-5abc.jpg 768w, https:\/\/www.rwg-bayreuth.de\/home\/wp-content\/uploads\/2022\/03\/21-22-Unterstufenfasching-Kostuempraemierung-5abc-338x450.jpg 338w, https:\/\/www.rwg-bayreuth.de\/home\/wp-content\/uploads\/2022\/03\/21-22-Unterstufenfasching-Kostuempraemierung-5abc-250x333.jpg 250w\" sizes=\"(max-width: 768px) 100vw, 768px\" \/><\/a><\/div><\/div><\/div><script id=\"su_image_carousel_69f1c171d0dc9_script\">if(window.SUImageCarousel){setTimeout(function() {window.SUImageCarousel.initGallery(document.getElementById(\"su_image_carousel_69f1c171d0dc9\"))}, 0);}var su_image_carousel_69f1c171d0dc9_script=document.getElementById(\"su_image_carousel_69f1c171d0dc9_script\");if(su_image_carousel_69f1c171d0dc9_script){su_image_carousel_69f1c171d0dc9_script.parentNode.removeChild(su_image_carousel_69f1c171d0dc9_script);}<\/script>\n<p> Wir bedanken uns herzlich bei all denen, die uns bereitwillig unterst\u00fctzten, und nat\u00fcrlich auch bei allen F\u00fcnftkl\u00e4sslern, die auch den diesj\u00e4hrigen Fasching wieder zu einem unvergesslichen Erlebnis gemacht haben.<\/p>\n<p><em>Nora Vogl (10c) f\u00fcr die SMV<\/em><\/p>\n","protected":false},"excerpt":{"rendered":"<p>Wie stellt man sich als F\u00fcnftkl\u00e4ssler eine Faschingsfeier vor? Sicherlich mit Kost\u00fcmen, viel Spa\u00df, Musik und Krapfen. Nun war es an der SMV, eine solche Feier zu organisieren. Tats\u00e4chlich stellte sich dies alles andere als leicht dar, da es insbesondere auf Grund der noch immer anhaltenden Corona Bestimmungen, doch die ein oder andere Einschr\u00e4nkung gab.&hellip;<\/p>\n","protected":false},"author":11,"featured_media":30960,"comment_status":"closed","ping_status":"closed","sticky":false,"template":"","format":"standard","meta":{"footnotes":""},"categories":[1],"tags":[47,51,35],"_links":{"self":[{"href":"https:\/\/www.rwg-bayreuth.de\/home\/index.php?rest_route=\/wp\/v2\/posts\/30940"}],"collection":[{"href":"https:\/\/www.rwg-bayreuth.de\/home\/index.php?rest_route=\/wp\/v2\/posts"}],"about":[{"href":"https:\/\/www.rwg-bayreuth.de\/home\/index.php?rest_route=\/wp\/v2\/types\/post"}],"author":[{"embeddable":true,"href":"https:\/\/www.rwg-bayreuth.de\/home\/index.php?rest_route=\/wp\/v2\/users\/11"}],"replies":[{"embeddable":true,"href":"https:\/\/www.rwg-bayreuth.de\/home\/index.php?rest_route=%2Fwp%2Fv2%2Fcomments&post=30940"}],"version-history":[{"count":9,"href":"https:\/\/www.rwg-bayreuth.de\/home\/index.php?rest_route=\/wp\/v2\/posts\/30940\/revisions"}],"predecessor-version":[{"id":30959,"href":"https:\/\/www.rwg-bayreuth.de\/home\/index.php?rest_route=\/wp\/v2\/posts\/30940\/revisions\/30959"}],"wp:featuredmedia":[{"embeddable":true,"href":"https:\/\/www.rwg-bayreuth.de\/home\/index.php?rest_route=\/wp\/v2\/media\/30960"}],"wp:attachment":[{"href":"https:\/\/www.rwg-bayreuth.de\/home\/index.php?rest_route=%2Fwp%2Fv2%2Fmedia&parent=30940"}],"wp:term":[{"taxonomy":"category","embeddable":true,"href":"https:\/\/www.rwg-bayreuth.de\/home\/index.php?rest_route=%2Fwp%2Fv2%2Fcategories&post=30940"},{"taxonomy":"post_tag","embeddable":true,"href":"https:\/\/www.rwg-bayreuth.de\/home\/index.php?rest_route=%2Fwp%2Fv2%2Ftags&post=30940"}],"curies":[{"name":"wp","href":"https:\/\/api.w.org\/{rel}","templated":true}]}}