{"id":30870,"date":"2022-03-13T22:19:18","date_gmt":"2022-03-13T21:19:18","guid":{"rendered":"http:\/\/www.rwg-bayreuth.de\/home\/?p=30870"},"modified":"2022-04-08T17:05:08","modified_gmt":"2022-04-08T15:05:08","slug":"wir-setzen-ein-zeichen","status":"publish","type":"post","link":"https:\/\/www.rwg-bayreuth.de\/home\/?p=30870","title":{"rendered":"Wir setzen ein Zeichen"},"content":{"rendered":"<div class=\"su-image-carousel  su-image-carousel-has-spacing su-image-carousel-crop su-image-carousel-crop-2-1 su-image-carousel-has-lightbox su-image-carousel-has-outline su-image-carousel-adaptive su-image-carousel-slides-style-minimal su-image-carousel-controls-style-light su-image-carousel-align-none\" style=\"\" data-flickity-options='{\"groupCells\":true,\"cellSelector\":\".su-image-carousel-item\",\"adaptiveHeight\":false,\"cellAlign\":\"left\",\"prevNextButtons\":false,\"pageDots\":false,\"autoPlay\":4000,\"imagesLoaded\":true,\"contain\":true,\"selectedAttraction\":0.025000000000000001,\"friction\":0.28000000000000003}' id=\"su_image_carousel_69f1c140e8819\"><div class=\"su-image-carousel-item\"><div class=\"su-image-carousel-item-content\"><a href=\"https:\/\/www.rwg-bayreuth.de\/home\/wp-content\/uploads\/2022\/03\/21-22-AktionFuerDenFrieden-2.jpg\" data-caption=\"\"><img loading=\"lazy\" decoding=\"async\" width=\"1024\" height=\"481\" src=\"https:\/\/www.rwg-bayreuth.de\/home\/wp-content\/uploads\/2022\/03\/21-22-AktionFuerDenFrieden-2.jpg\" class=\"\" alt=\"\" srcset=\"https:\/\/www.rwg-bayreuth.de\/home\/wp-content\/uploads\/2022\/03\/21-22-AktionFuerDenFrieden-2.jpg 1024w, https:\/\/www.rwg-bayreuth.de\/home\/wp-content\/uploads\/2022\/03\/21-22-AktionFuerDenFrieden-2-450x211.jpg 450w, https:\/\/www.rwg-bayreuth.de\/home\/wp-content\/uploads\/2022\/03\/21-22-AktionFuerDenFrieden-2-768x361.jpg 768w, https:\/\/www.rwg-bayreuth.de\/home\/wp-content\/uploads\/2022\/03\/21-22-AktionFuerDenFrieden-2-250x117.jpg 250w\" sizes=\"(max-width: 1024px) 100vw, 1024px\" \/><\/a><\/div><\/div><div class=\"su-image-carousel-item\"><div class=\"su-image-carousel-item-content\"><a href=\"https:\/\/www.rwg-bayreuth.de\/home\/wp-content\/uploads\/2022\/03\/21-22-AktionFuerDenFrieden-1.jpg\" data-caption=\"\"><img loading=\"lazy\" decoding=\"async\" width=\"1024\" height=\"786\" src=\"https:\/\/www.rwg-bayreuth.de\/home\/wp-content\/uploads\/2022\/03\/21-22-AktionFuerDenFrieden-1.jpg\" class=\"\" alt=\"\" srcset=\"https:\/\/www.rwg-bayreuth.de\/home\/wp-content\/uploads\/2022\/03\/21-22-AktionFuerDenFrieden-1.jpg 1024w, https:\/\/www.rwg-bayreuth.de\/home\/wp-content\/uploads\/2022\/03\/21-22-AktionFuerDenFrieden-1-450x345.jpg 450w, https:\/\/www.rwg-bayreuth.de\/home\/wp-content\/uploads\/2022\/03\/21-22-AktionFuerDenFrieden-1-768x590.jpg 768w, https:\/\/www.rwg-bayreuth.de\/home\/wp-content\/uploads\/2022\/03\/21-22-AktionFuerDenFrieden-1-250x192.jpg 250w\" sizes=\"(max-width: 1024px) 100vw, 1024px\" \/><\/a><\/div><\/div><div class=\"su-image-carousel-item\"><div class=\"su-image-carousel-item-content\"><a href=\"https:\/\/www.rwg-bayreuth.de\/home\/wp-content\/uploads\/2022\/03\/21-22-AktionFuerDenFrieden-5.jpg\" data-caption=\"\"><img loading=\"lazy\" decoding=\"async\" width=\"768\" height=\"1024\" src=\"https:\/\/www.rwg-bayreuth.de\/home\/wp-content\/uploads\/2022\/03\/21-22-AktionFuerDenFrieden-5.jpg\" class=\"\" alt=\"\" srcset=\"https:\/\/www.rwg-bayreuth.de\/home\/wp-content\/uploads\/2022\/03\/21-22-AktionFuerDenFrieden-5.jpg 768w, https:\/\/www.rwg-bayreuth.de\/home\/wp-content\/uploads\/2022\/03\/21-22-AktionFuerDenFrieden-5-338x450.jpg 338w, https:\/\/www.rwg-bayreuth.de\/home\/wp-content\/uploads\/2022\/03\/21-22-AktionFuerDenFrieden-5-250x333.jpg 250w\" sizes=\"(max-width: 768px) 100vw, 768px\" \/><\/a><\/div><\/div><div class=\"su-image-carousel-item\"><div class=\"su-image-carousel-item-content\"><a href=\"https:\/\/www.rwg-bayreuth.de\/home\/wp-content\/uploads\/2022\/03\/21-22-stop-the-war.jpg\" data-caption=\"\"><img loading=\"lazy\" decoding=\"async\" width=\"1024\" height=\"405\" src=\"https:\/\/www.rwg-bayreuth.de\/home\/wp-content\/uploads\/2022\/03\/21-22-stop-the-war.jpg\" class=\"\" alt=\"\" srcset=\"https:\/\/www.rwg-bayreuth.de\/home\/wp-content\/uploads\/2022\/03\/21-22-stop-the-war.jpg 1024w, https:\/\/www.rwg-bayreuth.de\/home\/wp-content\/uploads\/2022\/03\/21-22-stop-the-war-450x178.jpg 450w, https:\/\/www.rwg-bayreuth.de\/home\/wp-content\/uploads\/2022\/03\/21-22-stop-the-war-768x304.jpg 768w, https:\/\/www.rwg-bayreuth.de\/home\/wp-content\/uploads\/2022\/03\/21-22-stop-the-war-250x99.jpg 250w\" sizes=\"(max-width: 1024px) 100vw, 1024px\" \/><\/a><\/div><\/div><div class=\"su-image-carousel-item\"><div class=\"su-image-carousel-item-content\"><a href=\"https:\/\/www.rwg-bayreuth.de\/home\/wp-content\/uploads\/2022\/03\/21-22-AktionFuerDenFrieden-3.jpg\" data-caption=\"\"><img loading=\"lazy\" decoding=\"async\" width=\"1024\" height=\"341\" src=\"https:\/\/www.rwg-bayreuth.de\/home\/wp-content\/uploads\/2022\/03\/21-22-AktionFuerDenFrieden-3.jpg\" class=\"\" alt=\"\" srcset=\"https:\/\/www.rwg-bayreuth.de\/home\/wp-content\/uploads\/2022\/03\/21-22-AktionFuerDenFrieden-3.jpg 1024w, https:\/\/www.rwg-bayreuth.de\/home\/wp-content\/uploads\/2022\/03\/21-22-AktionFuerDenFrieden-3-450x150.jpg 450w, https:\/\/www.rwg-bayreuth.de\/home\/wp-content\/uploads\/2022\/03\/21-22-AktionFuerDenFrieden-3-768x256.jpg 768w, https:\/\/www.rwg-bayreuth.de\/home\/wp-content\/uploads\/2022\/03\/21-22-AktionFuerDenFrieden-3-250x83.jpg 250w\" sizes=\"(max-width: 1024px) 100vw, 1024px\" \/><\/a><\/div><\/div><div class=\"su-image-carousel-item\"><div class=\"su-image-carousel-item-content\"><a href=\"https:\/\/www.rwg-bayreuth.de\/home\/wp-content\/uploads\/2022\/03\/21-22-AktionFuerDenFrieden-4.jpg\" data-caption=\"\"><img loading=\"lazy\" decoding=\"async\" width=\"1024\" height=\"634\" src=\"https:\/\/www.rwg-bayreuth.de\/home\/wp-content\/uploads\/2022\/03\/21-22-AktionFuerDenFrieden-4.jpg\" class=\"\" alt=\"\" srcset=\"https:\/\/www.rwg-bayreuth.de\/home\/wp-content\/uploads\/2022\/03\/21-22-AktionFuerDenFrieden-4.jpg 1024w, https:\/\/www.rwg-bayreuth.de\/home\/wp-content\/uploads\/2022\/03\/21-22-AktionFuerDenFrieden-4-450x279.jpg 450w, https:\/\/www.rwg-bayreuth.de\/home\/wp-content\/uploads\/2022\/03\/21-22-AktionFuerDenFrieden-4-768x476.jpg 768w, https:\/\/www.rwg-bayreuth.de\/home\/wp-content\/uploads\/2022\/03\/21-22-AktionFuerDenFrieden-4-250x155.jpg 250w\" sizes=\"(max-width: 1024px) 100vw, 1024px\" \/><\/a><\/div><\/div><div class=\"su-image-carousel-item\"><div class=\"su-image-carousel-item-content\"><a href=\"https:\/\/www.rwg-bayreuth.de\/home\/wp-content\/uploads\/2022\/03\/21-22-AktionFuerDenFrieden-6.jpg\" data-caption=\"\"><img loading=\"lazy\" decoding=\"async\" width=\"1024\" height=\"481\" src=\"https:\/\/www.rwg-bayreuth.de\/home\/wp-content\/uploads\/2022\/03\/21-22-AktionFuerDenFrieden-6.jpg\" class=\"\" alt=\"\" srcset=\"https:\/\/www.rwg-bayreuth.de\/home\/wp-content\/uploads\/2022\/03\/21-22-AktionFuerDenFrieden-6.jpg 1024w, https:\/\/www.rwg-bayreuth.de\/home\/wp-content\/uploads\/2022\/03\/21-22-AktionFuerDenFrieden-6-450x211.jpg 450w, https:\/\/www.rwg-bayreuth.de\/home\/wp-content\/uploads\/2022\/03\/21-22-AktionFuerDenFrieden-6-768x361.jpg 768w, https:\/\/www.rwg-bayreuth.de\/home\/wp-content\/uploads\/2022\/03\/21-22-AktionFuerDenFrieden-6-250x117.jpg 250w\" sizes=\"(max-width: 1024px) 100vw, 1024px\" \/><\/a><\/div><\/div><\/div><script id=\"su_image_carousel_69f1c140e8819_script\">if(window.SUImageCarousel){setTimeout(function() {window.SUImageCarousel.initGallery(document.getElementById(\"su_image_carousel_69f1c140e8819\"))}, 0);}var su_image_carousel_69f1c140e8819_script=document.getElementById(\"su_image_carousel_69f1c140e8819_script\");if(su_image_carousel_69f1c140e8819_script){su_image_carousel_69f1c140e8819_script.parentNode.removeChild(su_image_carousel_69f1c140e8819_script);}<\/script>\n<p>Durch das gro\u00dfe Engagement unserer Sch\u00fclersprecherin Jule Schmidt (8b) verdeutlichte auch die RWG-Schulfamilie ihren Wunsch nach Frieden, denn am Freitag, den 11.03.2022, fand eine Aktion gegen den Krieg in der Ukraine an unserer Schule statt, welche von den Bayreuther Sch\u00fclersprecher*innen ins Leben gerufen worden war. Mit Durchsagen der Klassenleiter sowie Beitr\u00e4gen und Aufrufen \u00fcber das Radio erreichten die Sch\u00fclersprecher*innen Aufmerksamkeit f\u00fcr die Aktion, sodass jeder am RWG mitmachen konnte. Wer daran teilnehmen wollte, sollte sich an diesem Tag in den Farben der Ukraine anziehen.<\/p>\n<p>Die \u201eRWG-Familie\u201c zeigte damit Solidarit\u00e4t gegen\u00fcber der Ukraine und setzte so ein Zeichen gegen den Krieg und f\u00fcr den Frieden. <\/p>\n<p><img decoding=\"async\" src=\"https:\/\/www.rwg-bayreuth.de\/home\/wp-content\/uploads\/2022\/03\/21-22-Grafik-Ukraineflagge-Taube-B.jpg\" alt=\"\" width=\"100%\" height=\"auto\" class=\"alignnone size-full wp-image-30905\" srcset=\"https:\/\/www.rwg-bayreuth.de\/home\/wp-content\/uploads\/2022\/03\/21-22-Grafik-Ukraineflagge-Taube-B.jpg 960w, https:\/\/www.rwg-bayreuth.de\/home\/wp-content\/uploads\/2022\/03\/21-22-Grafik-Ukraineflagge-Taube-B-450x300.jpg 450w, https:\/\/www.rwg-bayreuth.de\/home\/wp-content\/uploads\/2022\/03\/21-22-Grafik-Ukraineflagge-Taube-B-768x512.jpg 768w, https:\/\/www.rwg-bayreuth.de\/home\/wp-content\/uploads\/2022\/03\/21-22-Grafik-Ukraineflagge-Taube-B-250x167.jpg 250w, https:\/\/www.rwg-bayreuth.de\/home\/wp-content\/uploads\/2022\/03\/21-22-Grafik-Ukraineflagge-Taube-B-900x600.jpg 900w\" sizes=\"(max-width: 960px) 100vw, 960px\" \/><!--\n<img decoding=\"async\" src=\"https:\/\/www.rwg-bayreuth.de\/home\/wp-content\/uploads\/2022\/03\/21-22-FlaggeUkraine.jpg\" alt=\"\" width=\"100%\" height=\"50px\" class=\"alignnone size-full wp-image-30816\" srcset=\"https:\/\/www.rwg-bayreuth.de\/home\/wp-content\/uploads\/2022\/03\/21-22-FlaggeUkraine.jpg 1024w, https:\/\/www.rwg-bayreuth.de\/home\/wp-content\/uploads\/2022\/03\/21-22-FlaggeUkraine-450x300.jpg 450w, https:\/\/www.rwg-bayreuth.de\/home\/wp-content\/uploads\/2022\/03\/21-22-FlaggeUkraine-768x512.jpg 768w, https:\/\/www.rwg-bayreuth.de\/home\/wp-content\/uploads\/2022\/03\/21-22-FlaggeUkraine-250x167.jpg 250w, https:\/\/www.rwg-bayreuth.de\/home\/wp-content\/uploads\/2022\/03\/21-22-FlaggeUkraine-900x600.jpg 900w, https:\/\/www.rwg-bayreuth.de\/home\/wp-content\/uploads\/2022\/03\/21-22-FlaggeUkraine-600x400.jpg 600w\" sizes=\"(max-width: 1024px) 100vw, 1024px\" \/>--><\/p>\n","protected":false},"excerpt":{"rendered":"<p>Durch das gro\u00dfe Engagement unserer Sch\u00fclersprecherin Jule Schmidt (8b) verdeutlichte auch die RWG-Schulfamilie ihren Wunsch nach Frieden, denn am Freitag, den 11.03.2022, fand eine Aktion gegen den Krieg in der Ukraine an unserer Schule statt, welche von den Bayreuther Sch\u00fclersprecher*innen ins Leben gerufen worden war. Mit Durchsagen der Klassenleiter sowie Beitr\u00e4gen und Aufrufen \u00fcber das&hellip;<\/p>\n","protected":false},"author":11,"featured_media":30871,"comment_status":"closed","ping_status":"closed","sticky":false,"template":"","format":"standard","meta":{"footnotes":""},"categories":[1],"tags":[51,35],"_links":{"self":[{"href":"https:\/\/www.rwg-bayreuth.de\/home\/index.php?rest_route=\/wp\/v2\/posts\/30870"}],"collection":[{"href":"https:\/\/www.rwg-bayreuth.de\/home\/index.php?rest_route=\/wp\/v2\/posts"}],"about":[{"href":"https:\/\/www.rwg-bayreuth.de\/home\/index.php?rest_route=\/wp\/v2\/types\/post"}],"author":[{"embeddable":true,"href":"https:\/\/www.rwg-bayreuth.de\/home\/index.php?rest_route=\/wp\/v2\/users\/11"}],"replies":[{"embeddable":true,"href":"https:\/\/www.rwg-bayreuth.de\/home\/index.php?rest_route=%2Fwp%2Fv2%2Fcomments&post=30870"}],"version-history":[{"count":8,"href":"https:\/\/www.rwg-bayreuth.de\/home\/index.php?rest_route=\/wp\/v2\/posts\/30870\/revisions"}],"predecessor-version":[{"id":31088,"href":"https:\/\/www.rwg-bayreuth.de\/home\/index.php?rest_route=\/wp\/v2\/posts\/30870\/revisions\/31088"}],"wp:featuredmedia":[{"embeddable":true,"href":"https:\/\/www.rwg-bayreuth.de\/home\/index.php?rest_route=\/wp\/v2\/media\/30871"}],"wp:attachment":[{"href":"https:\/\/www.rwg-bayreuth.de\/home\/index.php?rest_route=%2Fwp%2Fv2%2Fmedia&parent=30870"}],"wp:term":[{"taxonomy":"category","embeddable":true,"href":"https:\/\/www.rwg-bayreuth.de\/home\/index.php?rest_route=%2Fwp%2Fv2%2Fcategories&post=30870"},{"taxonomy":"post_tag","embeddable":true,"href":"https:\/\/www.rwg-bayreuth.de\/home\/index.php?rest_route=%2Fwp%2Fv2%2Ftags&post=30870"}],"curies":[{"name":"wp","href":"https:\/\/api.w.org\/{rel}","templated":true}]}}