{"id":30604,"date":"2022-02-04T20:12:07","date_gmt":"2022-02-04T19:12:07","guid":{"rendered":"http:\/\/www.rwg-bayreuth.de\/home\/?p=30604"},"modified":"2022-02-05T11:55:03","modified_gmt":"2022-02-05T10:55:03","slug":"vive-lamitie-franco-allemande","status":"publish","type":"post","link":"https:\/\/www.rwg-bayreuth.de\/home\/?p=30604","title":{"rendered":"Vive l\u2019amiti\u00e9 franco-allemande!"},"content":{"rendered":"<div class=\"su-image-carousel  su-image-carousel-has-lightbox su-image-carousel-has-outline su-image-carousel-adaptive su-image-carousel-slides-style-minimal su-image-carousel-controls-style-light su-image-carousel-align-center\" style=\"max-width:450px\" data-flickity-options='{\"groupCells\":true,\"cellSelector\":\".su-image-carousel-item\",\"adaptiveHeight\":true,\"cellAlign\":\"left\",\"prevNextButtons\":false,\"pageDots\":false,\"autoPlay\":4000,\"imagesLoaded\":true,\"contain\":false,\"selectedAttraction\":0.025000000000000001,\"friction\":0.28000000000000003}' id=\"su_image_carousel_69f1baec3811b\"><div class=\"su-image-carousel-item\"><div class=\"su-image-carousel-item-content\"><a href=\"https:\/\/www.rwg-bayreuth.de\/home\/wp-content\/uploads\/2022\/02\/21-22-DeutschFranzoesischerTag-1.jpg\" data-caption=\"\"><img loading=\"lazy\" decoding=\"async\" width=\"1024\" height=\"768\" src=\"https:\/\/www.rwg-bayreuth.de\/home\/wp-content\/uploads\/2022\/02\/21-22-DeutschFranzoesischerTag-1.jpg\" class=\"\" alt=\"\" srcset=\"https:\/\/www.rwg-bayreuth.de\/home\/wp-content\/uploads\/2022\/02\/21-22-DeutschFranzoesischerTag-1.jpg 1024w, https:\/\/www.rwg-bayreuth.de\/home\/wp-content\/uploads\/2022\/02\/21-22-DeutschFranzoesischerTag-1-450x338.jpg 450w, https:\/\/www.rwg-bayreuth.de\/home\/wp-content\/uploads\/2022\/02\/21-22-DeutschFranzoesischerTag-1-768x576.jpg 768w, https:\/\/www.rwg-bayreuth.de\/home\/wp-content\/uploads\/2022\/02\/21-22-DeutschFranzoesischerTag-1-250x188.jpg 250w\" sizes=\"(max-width: 1024px) 100vw, 1024px\" \/><\/a><\/div><\/div><div class=\"su-image-carousel-item\"><div class=\"su-image-carousel-item-content\"><a href=\"https:\/\/www.rwg-bayreuth.de\/home\/wp-content\/uploads\/2022\/02\/21-22-DeutschFranzoesischerTag-2.jpg\" data-caption=\"\"><img loading=\"lazy\" decoding=\"async\" width=\"1024\" height=\"768\" src=\"https:\/\/www.rwg-bayreuth.de\/home\/wp-content\/uploads\/2022\/02\/21-22-DeutschFranzoesischerTag-2.jpg\" class=\"\" alt=\"\" srcset=\"https:\/\/www.rwg-bayreuth.de\/home\/wp-content\/uploads\/2022\/02\/21-22-DeutschFranzoesischerTag-2.jpg 1024w, https:\/\/www.rwg-bayreuth.de\/home\/wp-content\/uploads\/2022\/02\/21-22-DeutschFranzoesischerTag-2-450x338.jpg 450w, https:\/\/www.rwg-bayreuth.de\/home\/wp-content\/uploads\/2022\/02\/21-22-DeutschFranzoesischerTag-2-768x576.jpg 768w, https:\/\/www.rwg-bayreuth.de\/home\/wp-content\/uploads\/2022\/02\/21-22-DeutschFranzoesischerTag-2-250x188.jpg 250w\" sizes=\"(max-width: 1024px) 100vw, 1024px\" \/><\/a><\/div><\/div><\/div><script id=\"su_image_carousel_69f1baec3811b_script\">if(window.SUImageCarousel){setTimeout(function() {window.SUImageCarousel.initGallery(document.getElementById(\"su_image_carousel_69f1baec3811b\"))}, 0);}var su_image_carousel_69f1baec3811b_script=document.getElementById(\"su_image_carousel_69f1baec3811b_script\");if(su_image_carousel_69f1baec3811b_script){su_image_carousel_69f1baec3811b_script.parentNode.removeChild(su_image_carousel_69f1baec3811b_script);}<\/script>\n<p><a href=\"https:\/\/www.rwg-bayreuth.de\/home\/wp-content\/uploads\/2022\/02\/21-22-DeutschFranzoesischerTag-3.jpg\"><img loading=\"lazy\" decoding=\"async\" src=\"https:\/\/www.rwg-bayreuth.de\/home\/wp-content\/uploads\/2022\/02\/21-22-DeutschFranzoesischerTag-3-258x450.jpg\" alt=\"\" width=\"258\" height=\"450\" class=\"alignright size-medium wp-image-30608\" srcset=\"https:\/\/www.rwg-bayreuth.de\/home\/wp-content\/uploads\/2022\/02\/21-22-DeutschFranzoesischerTag-3-258x450.jpg 258w, https:\/\/www.rwg-bayreuth.de\/home\/wp-content\/uploads\/2022\/02\/21-22-DeutschFranzoesischerTag-3-250x436.jpg 250w, https:\/\/www.rwg-bayreuth.de\/home\/wp-content\/uploads\/2022\/02\/21-22-DeutschFranzoesischerTag-3.jpg 587w\" sizes=\"(max-width: 258px) 100vw, 258px\" \/><\/a>Jedes Jahr findet am 22.&nbsp;Januar der deutsch-franz\u00f6sische Tag \u2013 <em>la journ\u00e9e franco-allemande<\/em> \u2013 statt, um die Freundschaft zwischen beiden L\u00e4ndern hochleben zu lassen. Auch am RWG feierten die Sch\u00fclerinnen und Sch\u00fcler aller Jahrgangsstufen diesen besonderen Anlass. Die 6.&nbsp;Klassen k\u00fcmmerten sich schon im Vorfeld um Deko und Plakate, die 7.&nbsp;Klassen gaben ein kleines <em>Aux Champs-Elys\u00e9es-Concert<\/em> auf dem Schulhof und die Q11 verkaufte leckere Croissants. Umrahmt wurde das franz\u00f6sische Flair von bekannten Chansons.<br \/>\nWir bedanken uns bei allen Beteiligten f\u00fcr einen gelungenen kleinen Ausflug nach Frankreich!<\/p>\n<p><em>Die Fachschaft Franz\u00f6sisch<\/em><\/p>\n","protected":false},"excerpt":{"rendered":"<p>Jedes Jahr findet am 22.&nbsp;Januar der deutsch-franz\u00f6sische Tag \u2013 la journ\u00e9e franco-allemande \u2013 statt, um die Freundschaft zwischen beiden L\u00e4ndern hochleben zu lassen. Auch am RWG feierten die Sch\u00fclerinnen und Sch\u00fcler aller Jahrgangsstufen diesen besonderen Anlass. Die 6.&nbsp;Klassen k\u00fcmmerten sich schon im Vorfeld um Deko und Plakate, die 7.&nbsp;Klassen gaben ein kleines Aux Champs-Elys\u00e9es-Concert auf&hellip;<\/p>\n","protected":false},"author":11,"featured_media":30605,"comment_status":"closed","ping_status":"closed","sticky":false,"template":"","format":"standard","meta":{"footnotes":""},"categories":[1],"tags":[93,51],"_links":{"self":[{"href":"https:\/\/www.rwg-bayreuth.de\/home\/index.php?rest_route=\/wp\/v2\/posts\/30604"}],"collection":[{"href":"https:\/\/www.rwg-bayreuth.de\/home\/index.php?rest_route=\/wp\/v2\/posts"}],"about":[{"href":"https:\/\/www.rwg-bayreuth.de\/home\/index.php?rest_route=\/wp\/v2\/types\/post"}],"author":[{"embeddable":true,"href":"https:\/\/www.rwg-bayreuth.de\/home\/index.php?rest_route=\/wp\/v2\/users\/11"}],"replies":[{"embeddable":true,"href":"https:\/\/www.rwg-bayreuth.de\/home\/index.php?rest_route=%2Fwp%2Fv2%2Fcomments&post=30604"}],"version-history":[{"count":3,"href":"https:\/\/www.rwg-bayreuth.de\/home\/index.php?rest_route=\/wp\/v2\/posts\/30604\/revisions"}],"predecessor-version":[{"id":30635,"href":"https:\/\/www.rwg-bayreuth.de\/home\/index.php?rest_route=\/wp\/v2\/posts\/30604\/revisions\/30635"}],"wp:featuredmedia":[{"embeddable":true,"href":"https:\/\/www.rwg-bayreuth.de\/home\/index.php?rest_route=\/wp\/v2\/media\/30605"}],"wp:attachment":[{"href":"https:\/\/www.rwg-bayreuth.de\/home\/index.php?rest_route=%2Fwp%2Fv2%2Fmedia&parent=30604"}],"wp:term":[{"taxonomy":"category","embeddable":true,"href":"https:\/\/www.rwg-bayreuth.de\/home\/index.php?rest_route=%2Fwp%2Fv2%2Fcategories&post=30604"},{"taxonomy":"post_tag","embeddable":true,"href":"https:\/\/www.rwg-bayreuth.de\/home\/index.php?rest_route=%2Fwp%2Fv2%2Ftags&post=30604"}],"curies":[{"name":"wp","href":"https:\/\/api.w.org\/{rel}","templated":true}]}}