{"id":3039,"date":"2014-01-27T20:16:39","date_gmt":"2014-01-27T19:16:39","guid":{"rendered":"http:\/\/www.rwg-bayreuth.de\/home\/?p=3039"},"modified":"2019-04-29T17:05:42","modified_gmt":"2019-04-29T15:05:42","slug":"im-memoriam-hans-buchzik","status":"publish","type":"post","link":"https:\/\/www.rwg-bayreuth.de\/home\/?p=3039","title":{"rendered":"In memoriam Hans Buchzik"},"content":{"rendered":"<div id=\"attachment_3040\" style=\"width: 208px\" class=\"wp-caption alignleft\"><a href=\"https:\/\/www.rwg-bayreuth.de\/home\/wp-content\/uploads\/2014\/01\/Hans_Buchzik_2006.jpg\"><img loading=\"lazy\" decoding=\"async\" aria-describedby=\"caption-attachment-3040\" class=\"size-full wp-image-3040\" src=\"https:\/\/www.rwg-bayreuth.de\/home\/wp-content\/uploads\/2014\/01\/Hans_Buchzik_2006.jpg\" alt=\"Hans Buchzik, StD i.R.\" width=\"198\" height=\"268\" srcset=\"https:\/\/www.rwg-bayreuth.de\/home\/wp-content\/uploads\/2014\/01\/Hans_Buchzik_2006.jpg 198w, https:\/\/www.rwg-bayreuth.de\/home\/wp-content\/uploads\/2014\/01\/Hans_Buchzik_2006-111x150.jpg 111w\" sizes=\"(max-width: 198px) 100vw, 198px\" \/><\/a><p id=\"caption-attachment-3040\" class=\"wp-caption-text\">Hans Buchzik, StD i.R.<\/p><\/div>\n<p>Das Richard-Wagner-Gymnasium trauert um StD i.R. Hans Buchzik. Viel zu fr\u00fch und v\u00f6llig unerwartet wurde er aus dem Leben gerissen. Fast 32 Jahre lang unterrichtete er am RWG die F\u00e4cher Physik und Mathematik.<\/p>\n<p>Als ein konsequenter P\u00e4dagoge erwarb er sich die Anerkennung der Sch\u00fcler, Kollegen und Eltern auch \u00fcber den Unterricht in seinen F\u00e4chern hinaus. Direkt, geradlinig und ohne ein Blatt vor den Mund zu nehmen vertrat seinen Standpunkt, wenn es darum ging, die Schule voranzubringen, und er bewahrte sich dabei stets jenes Qu\u00e4ntchen Humor und Selbstironie, das manch herbe Wahrheit leichter ertr\u00e4glich macht.<\/p>\n<p>In der Zeit seines Wirkens hat er an unserer Schule viele wichtige Funktionen ausgef\u00fcllt: Hans Buchzik war Sammlungsleiter Physik, Fachbetreuer Mathematik, Rechnerbetreuer, Beauftragter f\u00fcr Informationstechnische Grundbildung und schlie\u00dflich Mitarbeiter in der Schulleitung. Er war es, der den Computern an unserer Schule das Laufen beibrachte: in der Verwaltung, aber auch im Unterricht, wo er die Informatik begr\u00fcndete, die erste Robotik-AG ins Leben rief und die Kommunikationsplattform \u201eDokeos\u201c einf\u00fchrte, als noch niemand an \u201eMoodle\u201c und \u201eDropbox\u201c dachte. Er sorgte daf\u00fcr, dass es den ersten Computerraum am RWG gab und die ersten Smart Boards angeschafft wurden, und Hans Buchzik w\u00e4re nicht er selbst gewesen, wenn er sie nicht mit dem Bohrschrauber in der Hand auch eigenh\u00e4ndig aufgestellt h\u00e4tte.<\/p>\n<p>Bei all dem legte er eine unerm\u00fcdliche Einsatzbereitschaft und Pr\u00e4zision an den Tag. Er war eine wichtige F\u00fchrungspers\u00f6nlichkeit am Richard-Wagner-Gymnasium und hat sich um unsere Schule sehr verdient gemacht, zuletzt durch sein Wirken im Verein der Freunde des RWG e.V. Wir werden ihn im ehrenden Gedenken bewahren.<\/p>\n","protected":false},"excerpt":{"rendered":"<p>Das Richard-Wagner-Gymnasium trauert um StD i.R. Hans Buchzik. Viel zu fr\u00fch und v\u00f6llig unerwartet wurde er aus dem Leben gerissen. Fast 32 Jahre lang unterrichtete er am RWG die F\u00e4cher Physik und Mathematik. Als ein konsequenter P\u00e4dagoge erwarb er sich die Anerkennung der Sch\u00fcler, Kollegen und Eltern auch \u00fcber den Unterricht in seinen F\u00e4chern hinaus.&hellip;<\/p>\n","protected":false},"author":2,"featured_media":0,"comment_status":"closed","ping_status":"closed","sticky":false,"template":"","format":"standard","meta":{"footnotes":""},"categories":[1],"tags":[],"_links":{"self":[{"href":"https:\/\/www.rwg-bayreuth.de\/home\/index.php?rest_route=\/wp\/v2\/posts\/3039"}],"collection":[{"href":"https:\/\/www.rwg-bayreuth.de\/home\/index.php?rest_route=\/wp\/v2\/posts"}],"about":[{"href":"https:\/\/www.rwg-bayreuth.de\/home\/index.php?rest_route=\/wp\/v2\/types\/post"}],"author":[{"embeddable":true,"href":"https:\/\/www.rwg-bayreuth.de\/home\/index.php?rest_route=\/wp\/v2\/users\/2"}],"replies":[{"embeddable":true,"href":"https:\/\/www.rwg-bayreuth.de\/home\/index.php?rest_route=%2Fwp%2Fv2%2Fcomments&post=3039"}],"version-history":[{"count":5,"href":"https:\/\/www.rwg-bayreuth.de\/home\/index.php?rest_route=\/wp\/v2\/posts\/3039\/revisions"}],"predecessor-version":[{"id":21510,"href":"https:\/\/www.rwg-bayreuth.de\/home\/index.php?rest_route=\/wp\/v2\/posts\/3039\/revisions\/21510"}],"wp:attachment":[{"href":"https:\/\/www.rwg-bayreuth.de\/home\/index.php?rest_route=%2Fwp%2Fv2%2Fmedia&parent=3039"}],"wp:term":[{"taxonomy":"category","embeddable":true,"href":"https:\/\/www.rwg-bayreuth.de\/home\/index.php?rest_route=%2Fwp%2Fv2%2Fcategories&post=3039"},{"taxonomy":"post_tag","embeddable":true,"href":"https:\/\/www.rwg-bayreuth.de\/home\/index.php?rest_route=%2Fwp%2Fv2%2Ftags&post=3039"}],"curies":[{"name":"wp","href":"https:\/\/api.w.org\/{rel}","templated":true}]}}