{"id":30164,"date":"2021-12-21T23:34:40","date_gmt":"2021-12-21T22:34:40","guid":{"rendered":"http:\/\/www.rwg-bayreuth.de\/home\/?p=30164"},"modified":"2021-12-21T23:34:38","modified_gmt":"2021-12-21T22:34:38","slug":"weihnachtspaeckchen-aktion-2021","status":"publish","type":"post","link":"https:\/\/www.rwg-bayreuth.de\/home\/?p=30164","title":{"rendered":"Weihnachtsp\u00e4ckchen-Aktion 2021"},"content":{"rendered":"<p><a href=\"https:\/\/www.rwg-bayreuth.de\/home\/wp-content\/uploads\/2021\/12\/21-22-Weihnachtspa\u0308ckchen.jpg\"><img loading=\"lazy\" decoding=\"async\" src=\"https:\/\/www.rwg-bayreuth.de\/home\/wp-content\/uploads\/2021\/12\/21-22-Weihnachtspa\u0308ckchen-450x359.jpg\" alt=\"\" width=\"450\" height=\"359\" class=\"aligncenter size-medium wp-image-30165\" srcset=\"https:\/\/www.rwg-bayreuth.de\/home\/wp-content\/uploads\/2021\/12\/21-22-Weihnachtspa\u0308ckchen-450x359.jpg 450w, https:\/\/www.rwg-bayreuth.de\/home\/wp-content\/uploads\/2021\/12\/21-22-Weihnachtspa\u0308ckchen-768x612.jpg 768w, https:\/\/www.rwg-bayreuth.de\/home\/wp-content\/uploads\/2021\/12\/21-22-Weihnachtspa\u0308ckchen-250x199.jpg 250w, https:\/\/www.rwg-bayreuth.de\/home\/wp-content\/uploads\/2021\/12\/21-22-Weihnachtspa\u0308ckchen.jpg 1024w\" sizes=\"(max-width: 450px) 100vw, 450px\" \/><\/a><\/p>\n<p>In diesem Jahr konnten wir in Zusammenarbeit mit der Caritas wieder die Bayreuther Fl\u00fcchtlingskinder mit unserer Weihnachtsp\u00e4ckchen-Aktion unterst\u00fctzen.<br \/>\nUnsere Sch\u00fclerinnen und Sch\u00fcler haben insgesamt knapp 50 Geschenke f\u00fcr die Kinder besorgt und liebevoll verpackt.<br \/>\nWir hatten dieses Jahr sogar so viele Interessenten, dass die Listen mit den zu beschenkenden Kindern innerhalb k\u00fcrzester Zeit voll waren.<br \/>\nAn alle Sch\u00fclerinnen und Sch\u00fcler sowie deren Familien ergeht ein herzlicher Dank f\u00fcr diese tolle Unterst\u00fctzung.<br \/>\nVielen Dank auch an die flei\u00dfigen Helferinnen und Helfer der Ethikklasse aus der<br \/>\n5.&nbsp;Jahrgangsstufe, die tatkr\u00e4ftig beim Sortieren und Verladen des riesigen Geschenkberges geholfen haben. <\/p>\n<p>Wir w\u00fcnschen Ihnen und Euch ein frohes Weihnachtsfest und erholsame Feiertage!<\/p>\n<p><em>T. Aclassato<br \/>\nim Namen der Fachschaften Ethik und Religion <\/em><\/p>\n","protected":false},"excerpt":{"rendered":"<p>In diesem Jahr konnten wir in Zusammenarbeit mit der Caritas wieder die Bayreuther Fl\u00fcchtlingskinder mit unserer Weihnachtsp\u00e4ckchen-Aktion unterst\u00fctzen. Unsere Sch\u00fclerinnen und Sch\u00fcler haben insgesamt knapp 50 Geschenke f\u00fcr die Kinder besorgt und liebevoll verpackt. Wir hatten dieses Jahr sogar so viele Interessenten, dass die Listen mit den zu beschenkenden Kindern innerhalb k\u00fcrzester Zeit voll waren.&hellip;<\/p>\n","protected":false},"author":11,"featured_media":30166,"comment_status":"closed","ping_status":"closed","sticky":false,"template":"","format":"standard","meta":{"footnotes":""},"categories":[1],"tags":[134,51,61,62],"_links":{"self":[{"href":"https:\/\/www.rwg-bayreuth.de\/home\/index.php?rest_route=\/wp\/v2\/posts\/30164"}],"collection":[{"href":"https:\/\/www.rwg-bayreuth.de\/home\/index.php?rest_route=\/wp\/v2\/posts"}],"about":[{"href":"https:\/\/www.rwg-bayreuth.de\/home\/index.php?rest_route=\/wp\/v2\/types\/post"}],"author":[{"embeddable":true,"href":"https:\/\/www.rwg-bayreuth.de\/home\/index.php?rest_route=\/wp\/v2\/users\/11"}],"replies":[{"embeddable":true,"href":"https:\/\/www.rwg-bayreuth.de\/home\/index.php?rest_route=%2Fwp%2Fv2%2Fcomments&post=30164"}],"version-history":[{"count":2,"href":"https:\/\/www.rwg-bayreuth.de\/home\/index.php?rest_route=\/wp\/v2\/posts\/30164\/revisions"}],"predecessor-version":[{"id":30168,"href":"https:\/\/www.rwg-bayreuth.de\/home\/index.php?rest_route=\/wp\/v2\/posts\/30164\/revisions\/30168"}],"wp:featuredmedia":[{"embeddable":true,"href":"https:\/\/www.rwg-bayreuth.de\/home\/index.php?rest_route=\/wp\/v2\/media\/30166"}],"wp:attachment":[{"href":"https:\/\/www.rwg-bayreuth.de\/home\/index.php?rest_route=%2Fwp%2Fv2%2Fmedia&parent=30164"}],"wp:term":[{"taxonomy":"category","embeddable":true,"href":"https:\/\/www.rwg-bayreuth.de\/home\/index.php?rest_route=%2Fwp%2Fv2%2Fcategories&post=30164"},{"taxonomy":"post_tag","embeddable":true,"href":"https:\/\/www.rwg-bayreuth.de\/home\/index.php?rest_route=%2Fwp%2Fv2%2Ftags&post=30164"}],"curies":[{"name":"wp","href":"https:\/\/api.w.org\/{rel}","templated":true}]}}