{"id":30018,"date":"2021-11-28T07:24:56","date_gmt":"2021-11-28T06:24:56","guid":{"rendered":"http:\/\/www.rwg-bayreuth.de\/home\/?p=30018"},"modified":"2021-11-25T22:36:51","modified_gmt":"2021-11-25T21:36:51","slug":"freiwillig-soziales-jahr-fuer-schueler-zertifikate-wurden-uebergeben","status":"publish","type":"post","link":"https:\/\/www.rwg-bayreuth.de\/home\/?p=30018","title":{"rendered":"Freiwillig-soziales Jahr f\u00fcr Sch\u00fcler \u2013 Zertifikate wurden \u00fcbergeben"},"content":{"rendered":"<p><a href=\"https:\/\/www.rwg-bayreuth.de\/home\/wp-content\/uploads\/2021\/11\/21-22-FreiwilligesSozialesJahr.jpg\"><img loading=\"lazy\" decoding=\"async\" src=\"https:\/\/www.rwg-bayreuth.de\/home\/wp-content\/uploads\/2021\/11\/21-22-FreiwilligesSozialesJahr-450x300.jpg\" alt=\"\" width=\"450\" height=\"300\" class=\"aligncenter size-medium wp-image-30019\" srcset=\"https:\/\/www.rwg-bayreuth.de\/home\/wp-content\/uploads\/2021\/11\/21-22-FreiwilligesSozialesJahr-450x300.jpg 450w, https:\/\/www.rwg-bayreuth.de\/home\/wp-content\/uploads\/2021\/11\/21-22-FreiwilligesSozialesJahr-768x512.jpg 768w, https:\/\/www.rwg-bayreuth.de\/home\/wp-content\/uploads\/2021\/11\/21-22-FreiwilligesSozialesJahr-250x167.jpg 250w, https:\/\/www.rwg-bayreuth.de\/home\/wp-content\/uploads\/2021\/11\/21-22-FreiwilligesSozialesJahr-900x600.jpg 900w, https:\/\/www.rwg-bayreuth.de\/home\/wp-content\/uploads\/2021\/11\/21-22-FreiwilligesSozialesJahr.jpg 1024w\" sizes=\"(max-width: 450px) 100vw, 450px\" \/><\/a><\/p>\n<p>Wie so vieles musste wegen Corona auch die \u00dcbergabe der Zertifikate an die Sch\u00fclerinnen, die ein freiwillig-soziales Jahr abgeleistet hatten, durch unseren Oberb\u00fcrgermeister und unseren Landrat im Juli entfallen. Die Auszeichnung wurde nun schulintern nachgeholt und so kamen die Sch\u00fcler*innen nach zwei Jahren (ebenfalls coronabedingt) und mindestens 50 Stunden ehrenamtlicher Arbeit nun endlich zu ihren wohl verdienten Zertifikate, die von Frau Graf \u00fcberreicht wurden. Sich auch in diesen schwierigen Zeiten sozial zu engagieren und so einen positiven Beitrag f\u00fcr unsere Gesellschaft beizutragen, ist ein sch\u00f6ner, positiver Punkt, den die Sch\u00fclerinnen des RWG hier neben ihren schulischen Verpflichtungen setzen konnten. Vielen Dank daf\u00fcr!<\/p>\n","protected":false},"excerpt":{"rendered":"<p>Wie so vieles musste wegen Corona auch die \u00dcbergabe der Zertifikate an die Sch\u00fclerinnen, die ein freiwillig-soziales Jahr abgeleistet hatten, durch unseren Oberb\u00fcrgermeister und unseren Landrat im Juli entfallen. Die Auszeichnung wurde nun schulintern nachgeholt und so kamen die Sch\u00fcler*innen nach zwei Jahren (ebenfalls coronabedingt) und mindestens 50 Stunden ehrenamtlicher Arbeit nun endlich zu ihren&hellip;<\/p>\n","protected":false},"author":11,"featured_media":30019,"comment_status":"closed","ping_status":"closed","sticky":false,"template":"","format":"standard","meta":{"footnotes":""},"categories":[1],"tags":[51,52],"_links":{"self":[{"href":"https:\/\/www.rwg-bayreuth.de\/home\/index.php?rest_route=\/wp\/v2\/posts\/30018"}],"collection":[{"href":"https:\/\/www.rwg-bayreuth.de\/home\/index.php?rest_route=\/wp\/v2\/posts"}],"about":[{"href":"https:\/\/www.rwg-bayreuth.de\/home\/index.php?rest_route=\/wp\/v2\/types\/post"}],"author":[{"embeddable":true,"href":"https:\/\/www.rwg-bayreuth.de\/home\/index.php?rest_route=\/wp\/v2\/users\/11"}],"replies":[{"embeddable":true,"href":"https:\/\/www.rwg-bayreuth.de\/home\/index.php?rest_route=%2Fwp%2Fv2%2Fcomments&post=30018"}],"version-history":[{"count":2,"href":"https:\/\/www.rwg-bayreuth.de\/home\/index.php?rest_route=\/wp\/v2\/posts\/30018\/revisions"}],"predecessor-version":[{"id":30021,"href":"https:\/\/www.rwg-bayreuth.de\/home\/index.php?rest_route=\/wp\/v2\/posts\/30018\/revisions\/30021"}],"wp:featuredmedia":[{"embeddable":true,"href":"https:\/\/www.rwg-bayreuth.de\/home\/index.php?rest_route=\/wp\/v2\/media\/30019"}],"wp:attachment":[{"href":"https:\/\/www.rwg-bayreuth.de\/home\/index.php?rest_route=%2Fwp%2Fv2%2Fmedia&parent=30018"}],"wp:term":[{"taxonomy":"category","embeddable":true,"href":"https:\/\/www.rwg-bayreuth.de\/home\/index.php?rest_route=%2Fwp%2Fv2%2Fcategories&post=30018"},{"taxonomy":"post_tag","embeddable":true,"href":"https:\/\/www.rwg-bayreuth.de\/home\/index.php?rest_route=%2Fwp%2Fv2%2Ftags&post=30018"}],"curies":[{"name":"wp","href":"https:\/\/api.w.org\/{rel}","templated":true}]}}