{"id":29845,"date":"2021-11-19T21:21:01","date_gmt":"2021-11-19T20:21:01","guid":{"rendered":"http:\/\/www.rwg-bayreuth.de\/home\/?p=29845"},"modified":"2022-10-29T16:45:38","modified_gmt":"2022-10-29T14:45:38","slug":"ab-mit-den-alten-zoepfen-2","status":"publish","type":"post","link":"https:\/\/www.rwg-bayreuth.de\/home\/?p=29845","title":{"rendered":"Ab mit den alten Z\u00f6pfen!"},"content":{"rendered":"<p><strong>Liebe Sch\u00fcler*innen!<\/p>\n<p><a href=\"https:\/\/www.rwg-bayreuth.de\/home\/wp-content\/uploads\/2021\/11\/21-22-ZopfAb-Schere.jpg\"><img decoding=\"async\" src=\"https:\/\/www.rwg-bayreuth.de\/home\/wp-content\/uploads\/2021\/11\/21-22-ZopfAb-Schere.jpg\" alt=\"\" width=\"200\" height=\"auto\" class=\"alignright size-full wp-image-29857\" srcset=\"https:\/\/www.rwg-bayreuth.de\/home\/wp-content\/uploads\/2021\/11\/21-22-ZopfAb-Schere.jpg 679w, https:\/\/www.rwg-bayreuth.de\/home\/wp-content\/uploads\/2021\/11\/21-22-ZopfAb-Schere-298x450.jpg 298w, https:\/\/www.rwg-bayreuth.de\/home\/wp-content\/uploads\/2021\/11\/21-22-ZopfAb-Schere-250x377.jpg 250w\" sizes=\"(max-width: 679px) 100vw, 679px\" \/><\/a>Macht mit bei der gro\u00dfen RWG-Haarspende-Aktion und verhelft so Krebspatienten zu ein bisschen mehr Normalit\u00e4t!<\/p>\n<p>Aus den von euch gespendeten Haaren entstehen Per\u00fccken, bei einer Haarspende ab 30cm L\u00e4nge erh\u00e4lt die Deutsche Krebshilfe vom Per\u00fcckenhersteller \u201eRieswick&#038;Partner\u201c zus\u00e4tzlich eine Spende.<\/p>\n<p>Eure Z\u00f6pfe k\u00f6nnt ihr bei Frau K\u00f6rber abgeben, bitte legt sie in K\u00fcchenpapier oder einen Umschlag. Verpackt die Z\u00f6pfe so, dass man sie noch messen kann, denn:<br \/>\nDer Klasse mit den meisten Metern Haar winkt als Belohnung ein zus\u00e4tzlicher Wandertag!<\/strong><\/p>\n<h4>Informationen zur Haarspende: <\/h4>\n<h5>VOR DEM SCHNEIDEN:<\/h5>\n<ol>\n<li>Dein Zopf sollte mindestens 25 cm lang sein, damit wir ihn weiterverarbeiten k\u00f6nnen!<\/li>\n<li>Deine Haare sollten gewaschen und trocken sein.<\/li>\n<li>K\u00e4mm dein Haar, damit alle Haare in einer Richtung liegen.<\/li>\n<\/ol>\n<p><a href=\"https:\/\/www.rwg-bayreuth.de\/home\/wp-content\/uploads\/2021\/11\/21-22-ZopfAb-Anleitung.jpg\"><img loading=\"lazy\" decoding=\"async\" src=\"https:\/\/www.rwg-bayreuth.de\/home\/wp-content\/uploads\/2021\/11\/21-22-ZopfAb-Anleitung.jpg\" alt=\"\" width=\"201\" height=\"303\" class=\"alignright size-full wp-image-29848\" srcset=\"https:\/\/www.rwg-bayreuth.de\/home\/wp-content\/uploads\/2021\/11\/21-22-ZopfAb-Anleitung.jpg 402w, https:\/\/www.rwg-bayreuth.de\/home\/wp-content\/uploads\/2021\/11\/21-22-ZopfAb-Anleitung-299x450.jpg 299w, https:\/\/www.rwg-bayreuth.de\/home\/wp-content\/uploads\/2021\/11\/21-22-ZopfAb-Anleitung-250x377.jpg 250w\" sizes=\"(max-width: 201px) 100vw, 201px\" \/><\/a><\/p>\n<h5>DER SCHNITT:<\/h5>\n<ol>\n<li>Direkt unterhalb der Schnittstelle solltest du die Haare gut mit einem Zopfgummi\/             Haarband fixieren. So fallen die Haare sp\u00e4ter nicht \u201eauseinander\u201c.<\/li>\n<li>Es ist hilfreich, wenn du den Zopf auch unten noch einmal fixierst. Bei besonders langen Z\u00f6pfen kannst du die Haare auch mehrfach fixieren.<\/li>\n<li>Schneide die Haare oberhalb des Zopfgummis ab. Die Haare m\u00fcssen unbedingt im Zopf verbleiben, loses Haar kann sp\u00e4ter nicht verwendet werden.<\/li>\n<\/ol>\n<p><strong>Wer m\u00f6chte, kann gerne Vorher\/Nachher-Bilder aufnehmen, diese werden wir bei vorliegender Erlaubnis der Erziehungsberechtigten auf der Homepage ver\u00f6ffentlichen. Es ist nat\u00fcrlich auch m\u00f6glich, nur den Zopf zu fotografieren. <\/p>\n<p>Bilder bitte per Mail mit Name und Klasse an <a href=\"mailto:koerber@rwg-bayreuth.de\">koerber@rwg-bayreuth.de<\/a><\/strong><\/p>\n<h6>Bereits eingetroffene Bilder:<\/h6>\n<p><a href=\"https:\/\/www.rwg-bayreuth.de\/home\/wp-content\/uploads\/2021\/11\/21-22-ZopfAb-1.jpg\"><img decoding=\"async\" src=\"https:\/\/www.rwg-bayreuth.de\/home\/wp-content\/uploads\/2021\/11\/21-22-ZopfAb-1.jpg\" alt=\"\" width=\"200\" height=\"auto\" class=\"aligncenter size-full wp-image-29854\" srcset=\"https:\/\/www.rwg-bayreuth.de\/home\/wp-content\/uploads\/2021\/11\/21-22-ZopfAb-1.jpg 866w, https:\/\/www.rwg-bayreuth.de\/home\/wp-content\/uploads\/2021\/11\/21-22-ZopfAb-1-246x450.jpg 246w, https:\/\/www.rwg-bayreuth.de\/home\/wp-content\/uploads\/2021\/11\/21-22-ZopfAb-1-561x1024.jpg 561w, https:\/\/www.rwg-bayreuth.de\/home\/wp-content\/uploads\/2021\/11\/21-22-ZopfAb-1-768x1403.jpg 768w, https:\/\/www.rwg-bayreuth.de\/home\/wp-content\/uploads\/2021\/11\/21-22-ZopfAb-1-841x1536.jpg 841w, https:\/\/www.rwg-bayreuth.de\/home\/wp-content\/uploads\/2021\/11\/21-22-ZopfAb-1-250x457.jpg 250w\" sizes=\"(max-width: 866px) 100vw, 866px\" \/><\/a><\/p>\n<h4>Alternative f\u00fcr Jungs und M\u00e4dels mit kurzen Haaren:<\/h4>\n<p>Jeder von euch kann zuhause einen Sorgenfresser f\u00fcr krebskranke Kinder oder Kinder aus betroffenen Familien basteln, eine Anleitung findet ihr unter:<br \/>\n<a href=\"https:\/\/kids.fit-4-future.de\/blog\/basteltipp-kuscheliger-socken-sorgenfresser\" target=\"_blank\" rel=\"noopener noreferrer\">https:\/\/kids.fit-4-future.de\/blog\/basteltipp-kuscheliger-socken-sorgenfresser<\/a><\/p>\n<p><strong>Wir freuen uns auf eure Mithilfe!    Die Aktion l\u00e4uft bis zu den Osterferien!<\/strong><\/p>\n","protected":false},"excerpt":{"rendered":"<p>Liebe Sch\u00fcler*innen! Macht mit bei der gro\u00dfen RWG-Haarspende-Aktion und verhelft so Krebspatienten zu ein bisschen mehr Normalit\u00e4t! Aus den von euch gespendeten Haaren entstehen Per\u00fccken, bei einer Haarspende ab 30cm L\u00e4nge erh\u00e4lt die Deutsche Krebshilfe vom Per\u00fcckenhersteller \u201eRieswick&#038;Partner\u201c zus\u00e4tzlich eine Spende. Eure Z\u00f6pfe k\u00f6nnt ihr bei Frau K\u00f6rber abgeben, bitte legt sie in K\u00fcchenpapier oder&hellip;<\/p>\n","protected":false},"author":11,"featured_media":29860,"comment_status":"closed","ping_status":"closed","sticky":false,"template":"","format":"standard","meta":{"footnotes":""},"categories":[1],"tags":[51,61],"_links":{"self":[{"href":"https:\/\/www.rwg-bayreuth.de\/home\/index.php?rest_route=\/wp\/v2\/posts\/29845"}],"collection":[{"href":"https:\/\/www.rwg-bayreuth.de\/home\/index.php?rest_route=\/wp\/v2\/posts"}],"about":[{"href":"https:\/\/www.rwg-bayreuth.de\/home\/index.php?rest_route=\/wp\/v2\/types\/post"}],"author":[{"embeddable":true,"href":"https:\/\/www.rwg-bayreuth.de\/home\/index.php?rest_route=\/wp\/v2\/users\/11"}],"replies":[{"embeddable":true,"href":"https:\/\/www.rwg-bayreuth.de\/home\/index.php?rest_route=%2Fwp%2Fv2%2Fcomments&post=29845"}],"version-history":[{"count":12,"href":"https:\/\/www.rwg-bayreuth.de\/home\/index.php?rest_route=\/wp\/v2\/posts\/29845\/revisions"}],"predecessor-version":[{"id":32129,"href":"https:\/\/www.rwg-bayreuth.de\/home\/index.php?rest_route=\/wp\/v2\/posts\/29845\/revisions\/32129"}],"wp:featuredmedia":[{"embeddable":true,"href":"https:\/\/www.rwg-bayreuth.de\/home\/index.php?rest_route=\/wp\/v2\/media\/29860"}],"wp:attachment":[{"href":"https:\/\/www.rwg-bayreuth.de\/home\/index.php?rest_route=%2Fwp%2Fv2%2Fmedia&parent=29845"}],"wp:term":[{"taxonomy":"category","embeddable":true,"href":"https:\/\/www.rwg-bayreuth.de\/home\/index.php?rest_route=%2Fwp%2Fv2%2Fcategories&post=29845"},{"taxonomy":"post_tag","embeddable":true,"href":"https:\/\/www.rwg-bayreuth.de\/home\/index.php?rest_route=%2Fwp%2Fv2%2Ftags&post=29845"}],"curies":[{"name":"wp","href":"https:\/\/api.w.org\/{rel}","templated":true}]}}