{"id":29656,"date":"2021-11-12T06:01:15","date_gmt":"2021-11-12T05:01:15","guid":{"rendered":"http:\/\/www.rwg-bayreuth.de\/home\/?p=29656"},"modified":"2023-01-09T15:11:56","modified_gmt":"2023-01-09T14:11:56","slug":"29656","status":"publish","type":"post","link":"https:\/\/www.rwg-bayreuth.de\/home\/?p=29656","title":{"rendered":"Sport- und Aktivfahrt der 6.&nbsp;Klassen nach Kempten im Allg\u00e4u"},"content":{"rendered":"<p><a href=\"https:\/\/www.rwg-bayreuth.de\/home\/wp-content\/uploads\/2021\/11\/21-22-Kempten-B.jpg\"><img loading=\"lazy\" decoding=\"async\" src=\"https:\/\/www.rwg-bayreuth.de\/home\/wp-content\/uploads\/2021\/11\/21-22-Kempten-B-450x300.jpg\" alt=\"\" width=\"450\" height=\"300\" class=\"aligncenter size-medium wp-image-29660\" srcset=\"https:\/\/www.rwg-bayreuth.de\/home\/wp-content\/uploads\/2021\/11\/21-22-Kempten-B-450x300.jpg 450w, https:\/\/www.rwg-bayreuth.de\/home\/wp-content\/uploads\/2021\/11\/21-22-Kempten-B-768x512.jpg 768w, https:\/\/www.rwg-bayreuth.de\/home\/wp-content\/uploads\/2021\/11\/21-22-Kempten-B-250x167.jpg 250w, https:\/\/www.rwg-bayreuth.de\/home\/wp-content\/uploads\/2021\/11\/21-22-Kempten-B-900x600.jpg 900w, https:\/\/www.rwg-bayreuth.de\/home\/wp-content\/uploads\/2021\/11\/21-22-Kempten-B.jpg 1024w\" sizes=\"(max-width: 450px) 100vw, 450px\" \/><\/a><\/p>\n<p>Gleich zum Schuljahresstart durften sich die Sch\u00fcler der 6.&nbsp;Klassen auf drei erlebnisreiche Tage im Allg\u00e4u freuen. Und das hatten sich alle auch redlich verdient, da sie aufgrund der Pandemie sowohl auf das Schullandheim als auch auf die Exkursion ans Wattenmeer nach T\u00f6nning w\u00e4hrend der 5.&nbsp;Klasse verzichten mussten. <\/p>\n<p>Auf dem Programm standen etliche Aktionen in der Natur und den R\u00e4umlichkeiten des exklusiven JUFA-Hotels zur Teambildung und Kommunikation. Bei der digitalen Stadtrallye lernten die Kinder die Stadt Kempten besser kennen und konnten auch etwas bummeln oder Eis essen. Das Highlight aber war sicherlich das Flo\u00dfbauen am gro\u00dfen Alpsee. In Gruppen von circa 8 Personen bauten die Kinder selbstst\u00e4ndig ihr eigenes Flo\u00df, mit dem sie dann anschlie\u00dfend eine lustige und oft feuchtfr\u00f6hliche Runde auf dem See drehen durften. Nat\u00fcrlich wurden dabei auch Wasserschlachten bestritten und Wettfahrten ausgetragen.<\/p>\n<p>Damit man sich den Verlauf der Fahrt noch etwas besser vorstellen kann, werden im Folgenden zwei kleine Berichte von Sch\u00fclern der Klasse 6f vorgestellt, die im Englischunterricht bei Frau Steer-M\u00f6stl den Verlauf der Fahrt noch einmal aus ihrer Sicht zusammengefasst haben:<\/p>\n<div style=\"transform: rotate(-2deg); font-family: cursive;  margin:3px; padding: 20px; box-shadow: 3px 5px 10px gray; border: 1px solid #cccccc;\">\n<img decoding=\"async\" src=\"https:\/\/www.rwg-bayreuth.de\/home\/wp-content\/uploads\/2021\/11\/21-22-UnionJack.png\" alt=\"\" width=\"200\" height=\"auto\" class=\"alignright size-full wp-image-29711\" style=\"max-width: 30%; margon-left: 25px; margin-bottom: 8px;\" srcset=\"https:\/\/www.rwg-bayreuth.de\/home\/wp-content\/uploads\/2021\/11\/21-22-UnionJack.png 2560w, https:\/\/www.rwg-bayreuth.de\/home\/wp-content\/uploads\/2021\/11\/21-22-UnionJack-450x225.png 450w, https:\/\/www.rwg-bayreuth.de\/home\/wp-content\/uploads\/2021\/11\/21-22-UnionJack-1024x512.png 1024w, https:\/\/www.rwg-bayreuth.de\/home\/wp-content\/uploads\/2021\/11\/21-22-UnionJack-768x384.png 768w, https:\/\/www.rwg-bayreuth.de\/home\/wp-content\/uploads\/2021\/11\/21-22-UnionJack-1536x768.png 1536w, https:\/\/www.rwg-bayreuth.de\/home\/wp-content\/uploads\/2021\/11\/21-22-UnionJack-2048x1024.png 2048w, https:\/\/www.rwg-bayreuth.de\/home\/wp-content\/uploads\/2021\/11\/21-22-UnionJack-250x125.png 250w\" sizes=\"(max-width: 2560px) 100vw, 2560px\" \/>Our school trip to Kempten<\/h3>\n<h6>Wednesday, 29<sup>th<\/sup> September<\/h6>\n<p style=\"font-family: inherit; font-size: 1em;\">On Wednesday I got up at half past five. I felt happy, but I was a bit excited too. The journey was long and took about four and a half hours. The hotel was very nice and our room was great. It had two floors and a small stairway of course. There were four beds but we were just three boys. In the afternoon we played games outside. The weather was very sunny, so it was perfect. In the evening we didn&#8217;t want to go to bed yet because we wanted to play longer. At 10:30 I fell asleep.<\/p>\n<h6>Thursday, 30<sup>th<\/sup> September<\/h6>\n<p style=\"font-family: inherit; font-size: 1em;\">The next day I woke up at 7 o&#8217;clock. The breakfast was at 7:45. There was a big buffet with lots of yummy food. In the morning we did the city rally. It took two hours and we ate the packed lunch that we had made after breakfast. When we arrived at the hotel again, we had to pack a rucksack for building rafts. We drove for 30 minutes to a beautiful  lake between the mountains. To make the rafts we used ropes, planks of wood and  plastic barrels. We built the rafts by ourselves. When we had finished, we changed into the wetsuits and started to paddle. It was very funny and a bit bumpy when too many people were on one side. Mr Bauer pushed everyone into the cold water! I liked the view of the lake best. At the end we dismantled our raft and drove back to the hotel. In the evening there was a disco, it was very funny and I had a lot of fun. I fell as sleep late, because it was loud in the hallway.<\/p>\n<h6>Friday, 1<sup>st<\/sup> October <\/h6>\n<p style=\"font-family: inherit; font-size: 1em;\">On Friday we packed our things and tidied our room. Then we had breakfast, and after that, we had to do a corona test. At 11 o&#8217;clock the bus left the hotel. I felt a bit sick on the journey. At last we were back home again. I was happy to be home, but the school trip was great, with lots of funny and happy moments. <\/p>\n<p><em style=\"font-family: cursive; \">Johann G\u00f6tz  6f<\/em>\n<\/div>\n<p>&nbsp;<\/p>\n<div style=\"transform: rotate(1.5deg); font-family: cursive; margin:3px; padding: 20px; box-shadow: 3px 5px 10px gray; border: 1px solid #cccccc;\">\n<h3 style=\"font-family: inherit; \"><img decoding=\"async\" src=\"https:\/\/www.rwg-bayreuth.de\/home\/wp-content\/uploads\/2021\/11\/21-22-UnionJack.png\" alt=\"\" width=\"200\" height=\"auto\" class=\"alignright size-full wp-image-29711\" style=\"max-width: 30%; margon-left: 25px; margin-bottom: 8px;\" srcset=\"https:\/\/www.rwg-bayreuth.de\/home\/wp-content\/uploads\/2021\/11\/21-22-UnionJack.png 2560w, https:\/\/www.rwg-bayreuth.de\/home\/wp-content\/uploads\/2021\/11\/21-22-UnionJack-450x225.png 450w, https:\/\/www.rwg-bayreuth.de\/home\/wp-content\/uploads\/2021\/11\/21-22-UnionJack-1024x512.png 1024w, https:\/\/www.rwg-bayreuth.de\/home\/wp-content\/uploads\/2021\/11\/21-22-UnionJack-768x384.png 768w, https:\/\/www.rwg-bayreuth.de\/home\/wp-content\/uploads\/2021\/11\/21-22-UnionJack-1536x768.png 1536w, https:\/\/www.rwg-bayreuth.de\/home\/wp-content\/uploads\/2021\/11\/21-22-UnionJack-2048x1024.png 2048w, https:\/\/www.rwg-bayreuth.de\/home\/wp-content\/uploads\/2021\/11\/21-22-UnionJack-250x125.png 250w\" sizes=\"(max-width: 2560px) 100vw, 2560px\" \/>Our school trip to Kempten<\/h3>\n<h6>Wednesday, 29<sup>th<\/sup> September<\/h6>\n<p style=\"font-family: inherit; font-size: 1em;\">I got up at 5:50 o&#8217;clock and arrived at the bus at 6:10. I felt nervous, but it was fun. The journey was so good. My best friend and I played UNO and watched a film called Beauty and the Beast. The hotel was really big and our room was so so nice, I fell in love with it. Our room was a two storey room. We had lunch in the hotel and in the afternoon we did sports outside.<\/p>\n<h6>Thursday, 30<sup>th<\/sup> September <\/h6>\n<p style=\"font-family: inherit; font-size: 1em;\">For breakfast on Thursday there was such great food: bacon, bread, cornflakes, eggs, nutella and much more. It was so good! In the morning we walked to the city rally. It was fun. Then, after the city rally, we didn&#8217;t have much time. I had to change my clothes and run to the bus, because we went to a lake where we made rafts. It was so much fun! In the evening we had a disco. I liked the disco best of all. We sang to all songs. But the next day I had a sore throat! <\/p>\n<h6>Friday, 1<sup>st<\/sup> October<\/h6>\n<p style=\"font-family: inherit; font-size: 1em;\">In the morning we packed our bags and took them to the bus. After that we had breakfast and did a corona test. The journey back was quiet. In the bus we did our Hollywood show. It was an amazing trip. I wish we could have stayed there much longer!<\/p>\n<p><em style=\"font-family: cursive; \">Milena Fischer 6f<\/em>\n<\/div>\n<p>&nbsp;<\/p>\n<p>Die folgende Bildergalerie zeigt nochmal s\u00e4mtliche Aktionen und unterstreicht die tolle Zeit, die wir gemeinsam in Kempten hatten. Vielen Dank f\u00fcr die sch\u00f6nen Tage und die tolle Unterst\u00fctzung durch die beteiligten Lehrkr\u00e4fte, die diese Fahrt \u00fcberhaupt erst m\u00f6glich gemacht hat!<\/p>\n<p><em>Markus Bauer<br \/>\n(Unterstufenbetreuer)<\/em><\/p>\n<div class=\"su-image-carousel  su-image-carousel-columns-5 su-image-carousel-has-spacing su-image-carousel-crop su-image-carousel-crop-1-1 su-image-carousel-has-lightbox su-image-carousel-has-outline su-image-carousel-adaptive su-image-carousel-slides-style-minimal su-image-carousel-controls-style-light su-image-carousel-align-none\" style=\"\" data-flickity-options='{\"groupCells\":true,\"cellSelector\":\".su-image-carousel-item\",\"adaptiveHeight\":false,\"cellAlign\":\"left\",\"prevNextButtons\":true,\"pageDots\":false,\"autoPlay\":4000,\"imagesLoaded\":true,\"contain\":true,\"selectedAttraction\":0.025000000000000001,\"friction\":0.28000000000000003}' id=\"su_image_carousel_69f1ca1f42041\"><div class=\"su-image-carousel-item\"><div class=\"su-image-carousel-item-content\"><a href=\"https:\/\/www.rwg-bayreuth.de\/home\/wp-content\/uploads\/2021\/11\/21-22-Kempten-Fahrt-1.jpg\" data-caption=\"\"><img loading=\"lazy\" decoding=\"async\" width=\"1024\" height=\"768\" src=\"https:\/\/www.rwg-bayreuth.de\/home\/wp-content\/uploads\/2021\/11\/21-22-Kempten-Fahrt-1.jpg\" class=\"\" alt=\"\" srcset=\"https:\/\/www.rwg-bayreuth.de\/home\/wp-content\/uploads\/2021\/11\/21-22-Kempten-Fahrt-1.jpg 1024w, https:\/\/www.rwg-bayreuth.de\/home\/wp-content\/uploads\/2021\/11\/21-22-Kempten-Fahrt-1-450x338.jpg 450w, https:\/\/www.rwg-bayreuth.de\/home\/wp-content\/uploads\/2021\/11\/21-22-Kempten-Fahrt-1-768x576.jpg 768w, https:\/\/www.rwg-bayreuth.de\/home\/wp-content\/uploads\/2021\/11\/21-22-Kempten-Fahrt-1-250x188.jpg 250w\" sizes=\"(max-width: 1024px) 100vw, 1024px\" \/><\/a><\/div><\/div><div class=\"su-image-carousel-item\"><div class=\"su-image-carousel-item-content\"><a href=\"https:\/\/www.rwg-bayreuth.de\/home\/wp-content\/uploads\/2021\/11\/21-22-Kempten-Fahrt-2.jpg\" data-caption=\"\"><img loading=\"lazy\" decoding=\"async\" width=\"1024\" height=\"768\" src=\"https:\/\/www.rwg-bayreuth.de\/home\/wp-content\/uploads\/2021\/11\/21-22-Kempten-Fahrt-2.jpg\" class=\"\" alt=\"\" srcset=\"https:\/\/www.rwg-bayreuth.de\/home\/wp-content\/uploads\/2021\/11\/21-22-Kempten-Fahrt-2.jpg 1024w, https:\/\/www.rwg-bayreuth.de\/home\/wp-content\/uploads\/2021\/11\/21-22-Kempten-Fahrt-2-450x338.jpg 450w, https:\/\/www.rwg-bayreuth.de\/home\/wp-content\/uploads\/2021\/11\/21-22-Kempten-Fahrt-2-768x576.jpg 768w, https:\/\/www.rwg-bayreuth.de\/home\/wp-content\/uploads\/2021\/11\/21-22-Kempten-Fahrt-2-250x188.jpg 250w\" sizes=\"(max-width: 1024px) 100vw, 1024px\" \/><\/a><\/div><\/div><div class=\"su-image-carousel-item\"><div class=\"su-image-carousel-item-content\"><a href=\"https:\/\/www.rwg-bayreuth.de\/home\/wp-content\/uploads\/2021\/11\/21-22-Kempten-Fahrt-3.jpg\" data-caption=\"\"><img loading=\"lazy\" decoding=\"async\" width=\"1024\" height=\"768\" src=\"https:\/\/www.rwg-bayreuth.de\/home\/wp-content\/uploads\/2021\/11\/21-22-Kempten-Fahrt-3.jpg\" class=\"\" alt=\"\" srcset=\"https:\/\/www.rwg-bayreuth.de\/home\/wp-content\/uploads\/2021\/11\/21-22-Kempten-Fahrt-3.jpg 1024w, https:\/\/www.rwg-bayreuth.de\/home\/wp-content\/uploads\/2021\/11\/21-22-Kempten-Fahrt-3-450x338.jpg 450w, https:\/\/www.rwg-bayreuth.de\/home\/wp-content\/uploads\/2021\/11\/21-22-Kempten-Fahrt-3-768x576.jpg 768w, https:\/\/www.rwg-bayreuth.de\/home\/wp-content\/uploads\/2021\/11\/21-22-Kempten-Fahrt-3-250x188.jpg 250w\" sizes=\"(max-width: 1024px) 100vw, 1024px\" \/><\/a><\/div><\/div><div class=\"su-image-carousel-item\"><div class=\"su-image-carousel-item-content\"><a href=\"https:\/\/www.rwg-bayreuth.de\/home\/wp-content\/uploads\/2021\/11\/21-22-Kempten-Fahrt-4.jpg\" data-caption=\"\"><img loading=\"lazy\" decoding=\"async\" width=\"1024\" height=\"768\" src=\"https:\/\/www.rwg-bayreuth.de\/home\/wp-content\/uploads\/2021\/11\/21-22-Kempten-Fahrt-4.jpg\" class=\"\" alt=\"\" srcset=\"https:\/\/www.rwg-bayreuth.de\/home\/wp-content\/uploads\/2021\/11\/21-22-Kempten-Fahrt-4.jpg 1024w, https:\/\/www.rwg-bayreuth.de\/home\/wp-content\/uploads\/2021\/11\/21-22-Kempten-Fahrt-4-450x338.jpg 450w, https:\/\/www.rwg-bayreuth.de\/home\/wp-content\/uploads\/2021\/11\/21-22-Kempten-Fahrt-4-768x576.jpg 768w, https:\/\/www.rwg-bayreuth.de\/home\/wp-content\/uploads\/2021\/11\/21-22-Kempten-Fahrt-4-250x188.jpg 250w\" sizes=\"(max-width: 1024px) 100vw, 1024px\" \/><\/a><\/div><\/div><div class=\"su-image-carousel-item\"><div class=\"su-image-carousel-item-content\"><a href=\"https:\/\/www.rwg-bayreuth.de\/home\/wp-content\/uploads\/2021\/11\/21-22-Kempten-Fahrt-5.jpg\" data-caption=\"\"><img loading=\"lazy\" decoding=\"async\" width=\"1024\" height=\"768\" src=\"https:\/\/www.rwg-bayreuth.de\/home\/wp-content\/uploads\/2021\/11\/21-22-Kempten-Fahrt-5.jpg\" class=\"\" alt=\"\" srcset=\"https:\/\/www.rwg-bayreuth.de\/home\/wp-content\/uploads\/2021\/11\/21-22-Kempten-Fahrt-5.jpg 1024w, https:\/\/www.rwg-bayreuth.de\/home\/wp-content\/uploads\/2021\/11\/21-22-Kempten-Fahrt-5-450x338.jpg 450w, https:\/\/www.rwg-bayreuth.de\/home\/wp-content\/uploads\/2021\/11\/21-22-Kempten-Fahrt-5-768x576.jpg 768w, https:\/\/www.rwg-bayreuth.de\/home\/wp-content\/uploads\/2021\/11\/21-22-Kempten-Fahrt-5-250x188.jpg 250w\" sizes=\"(max-width: 1024px) 100vw, 1024px\" \/><\/a><\/div><\/div><div class=\"su-image-carousel-item\"><div class=\"su-image-carousel-item-content\"><a href=\"https:\/\/www.rwg-bayreuth.de\/home\/wp-content\/uploads\/2021\/11\/21-22-Kempten-Fahrt-6.jpg\" data-caption=\"\"><img loading=\"lazy\" decoding=\"async\" width=\"1024\" height=\"768\" src=\"https:\/\/www.rwg-bayreuth.de\/home\/wp-content\/uploads\/2021\/11\/21-22-Kempten-Fahrt-6.jpg\" class=\"\" alt=\"\" srcset=\"https:\/\/www.rwg-bayreuth.de\/home\/wp-content\/uploads\/2021\/11\/21-22-Kempten-Fahrt-6.jpg 1024w, https:\/\/www.rwg-bayreuth.de\/home\/wp-content\/uploads\/2021\/11\/21-22-Kempten-Fahrt-6-450x338.jpg 450w, https:\/\/www.rwg-bayreuth.de\/home\/wp-content\/uploads\/2021\/11\/21-22-Kempten-Fahrt-6-768x576.jpg 768w, https:\/\/www.rwg-bayreuth.de\/home\/wp-content\/uploads\/2021\/11\/21-22-Kempten-Fahrt-6-250x188.jpg 250w\" sizes=\"(max-width: 1024px) 100vw, 1024px\" \/><\/a><\/div><\/div><div class=\"su-image-carousel-item\"><div class=\"su-image-carousel-item-content\"><a href=\"https:\/\/www.rwg-bayreuth.de\/home\/wp-content\/uploads\/2021\/11\/21-22-Kempten-Fahrt-7.jpg\" data-caption=\"\"><img loading=\"lazy\" decoding=\"async\" width=\"1024\" height=\"768\" src=\"https:\/\/www.rwg-bayreuth.de\/home\/wp-content\/uploads\/2021\/11\/21-22-Kempten-Fahrt-7.jpg\" class=\"\" alt=\"\" srcset=\"https:\/\/www.rwg-bayreuth.de\/home\/wp-content\/uploads\/2021\/11\/21-22-Kempten-Fahrt-7.jpg 1024w, https:\/\/www.rwg-bayreuth.de\/home\/wp-content\/uploads\/2021\/11\/21-22-Kempten-Fahrt-7-450x338.jpg 450w, https:\/\/www.rwg-bayreuth.de\/home\/wp-content\/uploads\/2021\/11\/21-22-Kempten-Fahrt-7-768x576.jpg 768w, https:\/\/www.rwg-bayreuth.de\/home\/wp-content\/uploads\/2021\/11\/21-22-Kempten-Fahrt-7-250x188.jpg 250w\" sizes=\"(max-width: 1024px) 100vw, 1024px\" \/><\/a><\/div><\/div><div class=\"su-image-carousel-item\"><div class=\"su-image-carousel-item-content\"><a href=\"https:\/\/www.rwg-bayreuth.de\/home\/wp-content\/uploads\/2021\/11\/21-22-Kempten-Fahrt-8.jpg\" data-caption=\"\"><img loading=\"lazy\" decoding=\"async\" width=\"768\" height=\"1024\" src=\"https:\/\/www.rwg-bayreuth.de\/home\/wp-content\/uploads\/2021\/11\/21-22-Kempten-Fahrt-8.jpg\" class=\"\" alt=\"\" srcset=\"https:\/\/www.rwg-bayreuth.de\/home\/wp-content\/uploads\/2021\/11\/21-22-Kempten-Fahrt-8.jpg 768w, https:\/\/www.rwg-bayreuth.de\/home\/wp-content\/uploads\/2021\/11\/21-22-Kempten-Fahrt-8-338x450.jpg 338w, https:\/\/www.rwg-bayreuth.de\/home\/wp-content\/uploads\/2021\/11\/21-22-Kempten-Fahrt-8-250x333.jpg 250w\" sizes=\"(max-width: 768px) 100vw, 768px\" \/><\/a><\/div><\/div><div class=\"su-image-carousel-item\"><div class=\"su-image-carousel-item-content\"><a href=\"https:\/\/www.rwg-bayreuth.de\/home\/wp-content\/uploads\/2021\/11\/21-22-Kempten-Fahrt-9.jpg\" data-caption=\"\"><img loading=\"lazy\" decoding=\"async\" width=\"768\" height=\"1024\" src=\"https:\/\/www.rwg-bayreuth.de\/home\/wp-content\/uploads\/2021\/11\/21-22-Kempten-Fahrt-9.jpg\" class=\"\" alt=\"\" srcset=\"https:\/\/www.rwg-bayreuth.de\/home\/wp-content\/uploads\/2021\/11\/21-22-Kempten-Fahrt-9.jpg 768w, https:\/\/www.rwg-bayreuth.de\/home\/wp-content\/uploads\/2021\/11\/21-22-Kempten-Fahrt-9-338x450.jpg 338w, https:\/\/www.rwg-bayreuth.de\/home\/wp-content\/uploads\/2021\/11\/21-22-Kempten-Fahrt-9-250x333.jpg 250w\" sizes=\"(max-width: 768px) 100vw, 768px\" \/><\/a><\/div><\/div><div class=\"su-image-carousel-item\"><div class=\"su-image-carousel-item-content\"><a href=\"https:\/\/www.rwg-bayreuth.de\/home\/wp-content\/uploads\/2021\/11\/21-22-Kempten-Fahrt-10.jpg\" data-caption=\"\"><img loading=\"lazy\" decoding=\"async\" width=\"768\" height=\"1024\" src=\"https:\/\/www.rwg-bayreuth.de\/home\/wp-content\/uploads\/2021\/11\/21-22-Kempten-Fahrt-10.jpg\" class=\"\" alt=\"\" srcset=\"https:\/\/www.rwg-bayreuth.de\/home\/wp-content\/uploads\/2021\/11\/21-22-Kempten-Fahrt-10.jpg 768w, https:\/\/www.rwg-bayreuth.de\/home\/wp-content\/uploads\/2021\/11\/21-22-Kempten-Fahrt-10-338x450.jpg 338w, https:\/\/www.rwg-bayreuth.de\/home\/wp-content\/uploads\/2021\/11\/21-22-Kempten-Fahrt-10-250x333.jpg 250w\" sizes=\"(max-width: 768px) 100vw, 768px\" \/><\/a><\/div><\/div><div class=\"su-image-carousel-item\"><div class=\"su-image-carousel-item-content\"><a href=\"https:\/\/www.rwg-bayreuth.de\/home\/wp-content\/uploads\/2021\/11\/21-22-Kempten-Fahrt-11.jpg\" data-caption=\"\"><img loading=\"lazy\" decoding=\"async\" width=\"768\" height=\"1024\" src=\"https:\/\/www.rwg-bayreuth.de\/home\/wp-content\/uploads\/2021\/11\/21-22-Kempten-Fahrt-11.jpg\" class=\"\" alt=\"\" srcset=\"https:\/\/www.rwg-bayreuth.de\/home\/wp-content\/uploads\/2021\/11\/21-22-Kempten-Fahrt-11.jpg 768w, https:\/\/www.rwg-bayreuth.de\/home\/wp-content\/uploads\/2021\/11\/21-22-Kempten-Fahrt-11-338x450.jpg 338w, https:\/\/www.rwg-bayreuth.de\/home\/wp-content\/uploads\/2021\/11\/21-22-Kempten-Fahrt-11-250x333.jpg 250w\" sizes=\"(max-width: 768px) 100vw, 768px\" \/><\/a><\/div><\/div><div class=\"su-image-carousel-item\"><div class=\"su-image-carousel-item-content\"><a href=\"https:\/\/www.rwg-bayreuth.de\/home\/wp-content\/uploads\/2021\/11\/21-22-Kempten-Fahrt-12.jpg\" data-caption=\"\"><img loading=\"lazy\" decoding=\"async\" width=\"768\" height=\"1024\" src=\"https:\/\/www.rwg-bayreuth.de\/home\/wp-content\/uploads\/2021\/11\/21-22-Kempten-Fahrt-12.jpg\" class=\"\" alt=\"\" srcset=\"https:\/\/www.rwg-bayreuth.de\/home\/wp-content\/uploads\/2021\/11\/21-22-Kempten-Fahrt-12.jpg 768w, https:\/\/www.rwg-bayreuth.de\/home\/wp-content\/uploads\/2021\/11\/21-22-Kempten-Fahrt-12-338x450.jpg 338w, https:\/\/www.rwg-bayreuth.de\/home\/wp-content\/uploads\/2021\/11\/21-22-Kempten-Fahrt-12-250x333.jpg 250w\" sizes=\"(max-width: 768px) 100vw, 768px\" \/><\/a><\/div><\/div><div class=\"su-image-carousel-item\"><div class=\"su-image-carousel-item-content\"><a href=\"https:\/\/www.rwg-bayreuth.de\/home\/wp-content\/uploads\/2021\/11\/21-22-Kempten-Fahrt-14.jpg\" data-caption=\"\"><img loading=\"lazy\" decoding=\"async\" width=\"1024\" height=\"768\" src=\"https:\/\/www.rwg-bayreuth.de\/home\/wp-content\/uploads\/2021\/11\/21-22-Kempten-Fahrt-14.jpg\" class=\"\" alt=\"\" srcset=\"https:\/\/www.rwg-bayreuth.de\/home\/wp-content\/uploads\/2021\/11\/21-22-Kempten-Fahrt-14.jpg 1024w, https:\/\/www.rwg-bayreuth.de\/home\/wp-content\/uploads\/2021\/11\/21-22-Kempten-Fahrt-14-450x338.jpg 450w, https:\/\/www.rwg-bayreuth.de\/home\/wp-content\/uploads\/2021\/11\/21-22-Kempten-Fahrt-14-768x576.jpg 768w, https:\/\/www.rwg-bayreuth.de\/home\/wp-content\/uploads\/2021\/11\/21-22-Kempten-Fahrt-14-250x188.jpg 250w\" sizes=\"(max-width: 1024px) 100vw, 1024px\" \/><\/a><\/div><\/div><div class=\"su-image-carousel-item\"><div class=\"su-image-carousel-item-content\"><a href=\"https:\/\/www.rwg-bayreuth.de\/home\/wp-content\/uploads\/2021\/11\/21-22-Kempten-Fahrt-15.jpg\" data-caption=\"\"><img loading=\"lazy\" decoding=\"async\" width=\"768\" height=\"1024\" src=\"https:\/\/www.rwg-bayreuth.de\/home\/wp-content\/uploads\/2021\/11\/21-22-Kempten-Fahrt-15.jpg\" class=\"\" alt=\"\" srcset=\"https:\/\/www.rwg-bayreuth.de\/home\/wp-content\/uploads\/2021\/11\/21-22-Kempten-Fahrt-15.jpg 768w, https:\/\/www.rwg-bayreuth.de\/home\/wp-content\/uploads\/2021\/11\/21-22-Kempten-Fahrt-15-338x450.jpg 338w, https:\/\/www.rwg-bayreuth.de\/home\/wp-content\/uploads\/2021\/11\/21-22-Kempten-Fahrt-15-250x333.jpg 250w\" sizes=\"(max-width: 768px) 100vw, 768px\" \/><\/a><\/div><\/div><div class=\"su-image-carousel-item\"><div class=\"su-image-carousel-item-content\"><a href=\"https:\/\/www.rwg-bayreuth.de\/home\/wp-content\/uploads\/2021\/11\/21-22-Kempten-Fahrt-16.jpg\" data-caption=\"\"><img loading=\"lazy\" decoding=\"async\" width=\"1024\" height=\"768\" src=\"https:\/\/www.rwg-bayreuth.de\/home\/wp-content\/uploads\/2021\/11\/21-22-Kempten-Fahrt-16.jpg\" class=\"\" alt=\"\" srcset=\"https:\/\/www.rwg-bayreuth.de\/home\/wp-content\/uploads\/2021\/11\/21-22-Kempten-Fahrt-16.jpg 1024w, https:\/\/www.rwg-bayreuth.de\/home\/wp-content\/uploads\/2021\/11\/21-22-Kempten-Fahrt-16-450x338.jpg 450w, https:\/\/www.rwg-bayreuth.de\/home\/wp-content\/uploads\/2021\/11\/21-22-Kempten-Fahrt-16-768x576.jpg 768w, https:\/\/www.rwg-bayreuth.de\/home\/wp-content\/uploads\/2021\/11\/21-22-Kempten-Fahrt-16-250x188.jpg 250w\" sizes=\"(max-width: 1024px) 100vw, 1024px\" \/><\/a><\/div><\/div><div class=\"su-image-carousel-item\"><div class=\"su-image-carousel-item-content\"><a href=\"https:\/\/www.rwg-bayreuth.de\/home\/wp-content\/uploads\/2021\/11\/21-22-Kempten-Fahrt-17.jpg\" data-caption=\"\"><img loading=\"lazy\" decoding=\"async\" width=\"1024\" height=\"768\" src=\"https:\/\/www.rwg-bayreuth.de\/home\/wp-content\/uploads\/2021\/11\/21-22-Kempten-Fahrt-17.jpg\" class=\"\" alt=\"\" srcset=\"https:\/\/www.rwg-bayreuth.de\/home\/wp-content\/uploads\/2021\/11\/21-22-Kempten-Fahrt-17.jpg 1024w, https:\/\/www.rwg-bayreuth.de\/home\/wp-content\/uploads\/2021\/11\/21-22-Kempten-Fahrt-17-450x338.jpg 450w, https:\/\/www.rwg-bayreuth.de\/home\/wp-content\/uploads\/2021\/11\/21-22-Kempten-Fahrt-17-768x576.jpg 768w, https:\/\/www.rwg-bayreuth.de\/home\/wp-content\/uploads\/2021\/11\/21-22-Kempten-Fahrt-17-250x188.jpg 250w\" sizes=\"(max-width: 1024px) 100vw, 1024px\" \/><\/a><\/div><\/div><div class=\"su-image-carousel-item\"><div class=\"su-image-carousel-item-content\"><a href=\"https:\/\/www.rwg-bayreuth.de\/home\/wp-content\/uploads\/2021\/11\/21-22-Kempten-Fahrt-18.jpg\" data-caption=\"\"><img loading=\"lazy\" decoding=\"async\" width=\"1024\" height=\"768\" src=\"https:\/\/www.rwg-bayreuth.de\/home\/wp-content\/uploads\/2021\/11\/21-22-Kempten-Fahrt-18.jpg\" class=\"\" alt=\"\" srcset=\"https:\/\/www.rwg-bayreuth.de\/home\/wp-content\/uploads\/2021\/11\/21-22-Kempten-Fahrt-18.jpg 1024w, https:\/\/www.rwg-bayreuth.de\/home\/wp-content\/uploads\/2021\/11\/21-22-Kempten-Fahrt-18-450x338.jpg 450w, https:\/\/www.rwg-bayreuth.de\/home\/wp-content\/uploads\/2021\/11\/21-22-Kempten-Fahrt-18-768x576.jpg 768w, https:\/\/www.rwg-bayreuth.de\/home\/wp-content\/uploads\/2021\/11\/21-22-Kempten-Fahrt-18-250x188.jpg 250w\" sizes=\"(max-width: 1024px) 100vw, 1024px\" \/><\/a><\/div><\/div><div class=\"su-image-carousel-item\"><div class=\"su-image-carousel-item-content\"><a href=\"https:\/\/www.rwg-bayreuth.de\/home\/wp-content\/uploads\/2021\/11\/21-22-Kempten-Fahrt-19.jpg\" data-caption=\"\"><img loading=\"lazy\" decoding=\"async\" width=\"1024\" height=\"768\" src=\"https:\/\/www.rwg-bayreuth.de\/home\/wp-content\/uploads\/2021\/11\/21-22-Kempten-Fahrt-19.jpg\" class=\"\" alt=\"\" srcset=\"https:\/\/www.rwg-bayreuth.de\/home\/wp-content\/uploads\/2021\/11\/21-22-Kempten-Fahrt-19.jpg 1024w, https:\/\/www.rwg-bayreuth.de\/home\/wp-content\/uploads\/2021\/11\/21-22-Kempten-Fahrt-19-450x338.jpg 450w, https:\/\/www.rwg-bayreuth.de\/home\/wp-content\/uploads\/2021\/11\/21-22-Kempten-Fahrt-19-768x576.jpg 768w, https:\/\/www.rwg-bayreuth.de\/home\/wp-content\/uploads\/2021\/11\/21-22-Kempten-Fahrt-19-250x188.jpg 250w\" sizes=\"(max-width: 1024px) 100vw, 1024px\" \/><\/a><\/div><\/div><div class=\"su-image-carousel-item\"><div class=\"su-image-carousel-item-content\"><a href=\"https:\/\/www.rwg-bayreuth.de\/home\/wp-content\/uploads\/2021\/11\/21-22-Kempten-Fahrt-20.jpg\" data-caption=\"\"><img loading=\"lazy\" decoding=\"async\" width=\"1024\" height=\"768\" src=\"https:\/\/www.rwg-bayreuth.de\/home\/wp-content\/uploads\/2021\/11\/21-22-Kempten-Fahrt-20.jpg\" class=\"\" alt=\"\" srcset=\"https:\/\/www.rwg-bayreuth.de\/home\/wp-content\/uploads\/2021\/11\/21-22-Kempten-Fahrt-20.jpg 1024w, https:\/\/www.rwg-bayreuth.de\/home\/wp-content\/uploads\/2021\/11\/21-22-Kempten-Fahrt-20-450x338.jpg 450w, https:\/\/www.rwg-bayreuth.de\/home\/wp-content\/uploads\/2021\/11\/21-22-Kempten-Fahrt-20-768x576.jpg 768w, https:\/\/www.rwg-bayreuth.de\/home\/wp-content\/uploads\/2021\/11\/21-22-Kempten-Fahrt-20-250x188.jpg 250w\" sizes=\"(max-width: 1024px) 100vw, 1024px\" \/><\/a><\/div><\/div><div class=\"su-image-carousel-item\"><div class=\"su-image-carousel-item-content\"><a href=\"https:\/\/www.rwg-bayreuth.de\/home\/wp-content\/uploads\/2021\/11\/21-22-Kempten-Fahrt-21.jpg\" data-caption=\"\"><img loading=\"lazy\" decoding=\"async\" width=\"768\" height=\"1024\" src=\"https:\/\/www.rwg-bayreuth.de\/home\/wp-content\/uploads\/2021\/11\/21-22-Kempten-Fahrt-21.jpg\" class=\"\" alt=\"\" srcset=\"https:\/\/www.rwg-bayreuth.de\/home\/wp-content\/uploads\/2021\/11\/21-22-Kempten-Fahrt-21.jpg 768w, https:\/\/www.rwg-bayreuth.de\/home\/wp-content\/uploads\/2021\/11\/21-22-Kempten-Fahrt-21-338x450.jpg 338w, https:\/\/www.rwg-bayreuth.de\/home\/wp-content\/uploads\/2021\/11\/21-22-Kempten-Fahrt-21-250x333.jpg 250w\" sizes=\"(max-width: 768px) 100vw, 768px\" \/><\/a><\/div><\/div><div class=\"su-image-carousel-item\"><div class=\"su-image-carousel-item-content\"><a href=\"https:\/\/www.rwg-bayreuth.de\/home\/wp-content\/uploads\/2021\/11\/21-22-Kempten-Fahrt-22.jpg\" data-caption=\"\"><img loading=\"lazy\" decoding=\"async\" width=\"1024\" height=\"768\" src=\"https:\/\/www.rwg-bayreuth.de\/home\/wp-content\/uploads\/2021\/11\/21-22-Kempten-Fahrt-22.jpg\" class=\"\" alt=\"\" srcset=\"https:\/\/www.rwg-bayreuth.de\/home\/wp-content\/uploads\/2021\/11\/21-22-Kempten-Fahrt-22.jpg 1024w, https:\/\/www.rwg-bayreuth.de\/home\/wp-content\/uploads\/2021\/11\/21-22-Kempten-Fahrt-22-450x338.jpg 450w, https:\/\/www.rwg-bayreuth.de\/home\/wp-content\/uploads\/2021\/11\/21-22-Kempten-Fahrt-22-768x576.jpg 768w, https:\/\/www.rwg-bayreuth.de\/home\/wp-content\/uploads\/2021\/11\/21-22-Kempten-Fahrt-22-250x188.jpg 250w\" sizes=\"(max-width: 1024px) 100vw, 1024px\" \/><\/a><\/div><\/div><div class=\"su-image-carousel-item\"><div class=\"su-image-carousel-item-content\"><a href=\"https:\/\/www.rwg-bayreuth.de\/home\/wp-content\/uploads\/2021\/11\/21-22-Kempten-Fahrt-23.jpg\" data-caption=\"\"><img loading=\"lazy\" decoding=\"async\" width=\"1024\" height=\"768\" src=\"https:\/\/www.rwg-bayreuth.de\/home\/wp-content\/uploads\/2021\/11\/21-22-Kempten-Fahrt-23.jpg\" class=\"\" alt=\"\" srcset=\"https:\/\/www.rwg-bayreuth.de\/home\/wp-content\/uploads\/2021\/11\/21-22-Kempten-Fahrt-23.jpg 1024w, https:\/\/www.rwg-bayreuth.de\/home\/wp-content\/uploads\/2021\/11\/21-22-Kempten-Fahrt-23-450x338.jpg 450w, https:\/\/www.rwg-bayreuth.de\/home\/wp-content\/uploads\/2021\/11\/21-22-Kempten-Fahrt-23-768x576.jpg 768w, https:\/\/www.rwg-bayreuth.de\/home\/wp-content\/uploads\/2021\/11\/21-22-Kempten-Fahrt-23-250x188.jpg 250w\" sizes=\"(max-width: 1024px) 100vw, 1024px\" \/><\/a><\/div><\/div><div class=\"su-image-carousel-item\"><div class=\"su-image-carousel-item-content\"><a href=\"https:\/\/www.rwg-bayreuth.de\/home\/wp-content\/uploads\/2021\/11\/21-22-Kempten-Fahrt-24.jpg\" data-caption=\"\"><img loading=\"lazy\" decoding=\"async\" width=\"1024\" height=\"768\" src=\"https:\/\/www.rwg-bayreuth.de\/home\/wp-content\/uploads\/2021\/11\/21-22-Kempten-Fahrt-24.jpg\" class=\"\" alt=\"\" srcset=\"https:\/\/www.rwg-bayreuth.de\/home\/wp-content\/uploads\/2021\/11\/21-22-Kempten-Fahrt-24.jpg 1024w, https:\/\/www.rwg-bayreuth.de\/home\/wp-content\/uploads\/2021\/11\/21-22-Kempten-Fahrt-24-450x338.jpg 450w, https:\/\/www.rwg-bayreuth.de\/home\/wp-content\/uploads\/2021\/11\/21-22-Kempten-Fahrt-24-768x576.jpg 768w, https:\/\/www.rwg-bayreuth.de\/home\/wp-content\/uploads\/2021\/11\/21-22-Kempten-Fahrt-24-250x188.jpg 250w\" sizes=\"(max-width: 1024px) 100vw, 1024px\" \/><\/a><\/div><\/div><div class=\"su-image-carousel-item\"><div class=\"su-image-carousel-item-content\"><a href=\"https:\/\/www.rwg-bayreuth.de\/home\/wp-content\/uploads\/2021\/11\/21-22-Kempten-Fahrt-25.jpg\" data-caption=\"\"><img loading=\"lazy\" decoding=\"async\" width=\"1024\" height=\"768\" src=\"https:\/\/www.rwg-bayreuth.de\/home\/wp-content\/uploads\/2021\/11\/21-22-Kempten-Fahrt-25.jpg\" class=\"\" alt=\"\" srcset=\"https:\/\/www.rwg-bayreuth.de\/home\/wp-content\/uploads\/2021\/11\/21-22-Kempten-Fahrt-25.jpg 1024w, https:\/\/www.rwg-bayreuth.de\/home\/wp-content\/uploads\/2021\/11\/21-22-Kempten-Fahrt-25-450x338.jpg 450w, https:\/\/www.rwg-bayreuth.de\/home\/wp-content\/uploads\/2021\/11\/21-22-Kempten-Fahrt-25-768x576.jpg 768w, https:\/\/www.rwg-bayreuth.de\/home\/wp-content\/uploads\/2021\/11\/21-22-Kempten-Fahrt-25-250x188.jpg 250w\" sizes=\"(max-width: 1024px) 100vw, 1024px\" \/><\/a><\/div><\/div><div class=\"su-image-carousel-item\"><div class=\"su-image-carousel-item-content\"><a href=\"https:\/\/www.rwg-bayreuth.de\/home\/wp-content\/uploads\/2021\/11\/21-22-Kempten-Fahrt-26.jpg\" data-caption=\"\"><img loading=\"lazy\" decoding=\"async\" width=\"768\" height=\"1024\" src=\"https:\/\/www.rwg-bayreuth.de\/home\/wp-content\/uploads\/2021\/11\/21-22-Kempten-Fahrt-26.jpg\" class=\"\" alt=\"\" srcset=\"https:\/\/www.rwg-bayreuth.de\/home\/wp-content\/uploads\/2021\/11\/21-22-Kempten-Fahrt-26.jpg 768w, https:\/\/www.rwg-bayreuth.de\/home\/wp-content\/uploads\/2021\/11\/21-22-Kempten-Fahrt-26-338x450.jpg 338w, https:\/\/www.rwg-bayreuth.de\/home\/wp-content\/uploads\/2021\/11\/21-22-Kempten-Fahrt-26-250x333.jpg 250w\" sizes=\"(max-width: 768px) 100vw, 768px\" \/><\/a><\/div><\/div><div class=\"su-image-carousel-item\"><div class=\"su-image-carousel-item-content\"><a href=\"https:\/\/www.rwg-bayreuth.de\/home\/wp-content\/uploads\/2021\/11\/21-22-Kempten-Fahrt-27.jpg\" data-caption=\"\"><img loading=\"lazy\" decoding=\"async\" width=\"769\" height=\"1024\" src=\"https:\/\/www.rwg-bayreuth.de\/home\/wp-content\/uploads\/2021\/11\/21-22-Kempten-Fahrt-27.jpg\" class=\"\" alt=\"\" srcset=\"https:\/\/www.rwg-bayreuth.de\/home\/wp-content\/uploads\/2021\/11\/21-22-Kempten-Fahrt-27.jpg 769w, https:\/\/www.rwg-bayreuth.de\/home\/wp-content\/uploads\/2021\/11\/21-22-Kempten-Fahrt-27-338x450.jpg 338w, https:\/\/www.rwg-bayreuth.de\/home\/wp-content\/uploads\/2021\/11\/21-22-Kempten-Fahrt-27-250x333.jpg 250w\" sizes=\"(max-width: 769px) 100vw, 769px\" \/><\/a><\/div><\/div><div class=\"su-image-carousel-item\"><div class=\"su-image-carousel-item-content\"><a href=\"https:\/\/www.rwg-bayreuth.de\/home\/wp-content\/uploads\/2021\/11\/21-22-Kempten-Fahrt-28.jpg\" data-caption=\"\"><img loading=\"lazy\" decoding=\"async\" width=\"1024\" height=\"768\" src=\"https:\/\/www.rwg-bayreuth.de\/home\/wp-content\/uploads\/2021\/11\/21-22-Kempten-Fahrt-28.jpg\" class=\"\" alt=\"\" srcset=\"https:\/\/www.rwg-bayreuth.de\/home\/wp-content\/uploads\/2021\/11\/21-22-Kempten-Fahrt-28.jpg 1024w, https:\/\/www.rwg-bayreuth.de\/home\/wp-content\/uploads\/2021\/11\/21-22-Kempten-Fahrt-28-450x338.jpg 450w, https:\/\/www.rwg-bayreuth.de\/home\/wp-content\/uploads\/2021\/11\/21-22-Kempten-Fahrt-28-768x576.jpg 768w, https:\/\/www.rwg-bayreuth.de\/home\/wp-content\/uploads\/2021\/11\/21-22-Kempten-Fahrt-28-250x188.jpg 250w\" sizes=\"(max-width: 1024px) 100vw, 1024px\" \/><\/a><\/div><\/div><div class=\"su-image-carousel-item\"><div class=\"su-image-carousel-item-content\"><a href=\"https:\/\/www.rwg-bayreuth.de\/home\/wp-content\/uploads\/2021\/11\/21-22-Kempten-Fahrt-29.jpg\" data-caption=\"\"><img loading=\"lazy\" decoding=\"async\" width=\"768\" height=\"1024\" src=\"https:\/\/www.rwg-bayreuth.de\/home\/wp-content\/uploads\/2021\/11\/21-22-Kempten-Fahrt-29.jpg\" class=\"\" alt=\"\" srcset=\"https:\/\/www.rwg-bayreuth.de\/home\/wp-content\/uploads\/2021\/11\/21-22-Kempten-Fahrt-29.jpg 768w, https:\/\/www.rwg-bayreuth.de\/home\/wp-content\/uploads\/2021\/11\/21-22-Kempten-Fahrt-29-338x450.jpg 338w, https:\/\/www.rwg-bayreuth.de\/home\/wp-content\/uploads\/2021\/11\/21-22-Kempten-Fahrt-29-250x333.jpg 250w\" sizes=\"(max-width: 768px) 100vw, 768px\" \/><\/a><\/div><\/div><\/div><script id=\"su_image_carousel_69f1ca1f42041_script\">if(window.SUImageCarousel){setTimeout(function() {window.SUImageCarousel.initGallery(document.getElementById(\"su_image_carousel_69f1ca1f42041\"))}, 0);}var su_image_carousel_69f1ca1f42041_script=document.getElementById(\"su_image_carousel_69f1ca1f42041_script\");if(su_image_carousel_69f1ca1f42041_script){su_image_carousel_69f1ca1f42041_script.parentNode.removeChild(su_image_carousel_69f1ca1f42041_script);}<\/script>\n","protected":false},"excerpt":{"rendered":"<p>Gleich zum Schuljahresstart durften sich die Sch\u00fcler der 6.&nbsp;Klassen auf drei erlebnisreiche Tage im Allg\u00e4u freuen. Und das hatten sich alle auch redlich verdient, da sie aufgrund der Pandemie sowohl auf das Schullandheim als auch auf die Exkursion ans Wattenmeer nach T\u00f6nning w\u00e4hrend der 5.&nbsp;Klasse verzichten mussten. Auf dem Programm standen etliche Aktionen in der&hellip;<\/p>\n","protected":false},"author":11,"featured_media":29660,"comment_status":"closed","ping_status":"closed","sticky":false,"template":"","format":"standard","meta":{"footnotes":""},"categories":[1],"tags":[126,51],"_links":{"self":[{"href":"https:\/\/www.rwg-bayreuth.de\/home\/index.php?rest_route=\/wp\/v2\/posts\/29656"}],"collection":[{"href":"https:\/\/www.rwg-bayreuth.de\/home\/index.php?rest_route=\/wp\/v2\/posts"}],"about":[{"href":"https:\/\/www.rwg-bayreuth.de\/home\/index.php?rest_route=\/wp\/v2\/types\/post"}],"author":[{"embeddable":true,"href":"https:\/\/www.rwg-bayreuth.de\/home\/index.php?rest_route=\/wp\/v2\/users\/11"}],"replies":[{"embeddable":true,"href":"https:\/\/www.rwg-bayreuth.de\/home\/index.php?rest_route=%2Fwp%2Fv2%2Fcomments&post=29656"}],"version-history":[{"count":52,"href":"https:\/\/www.rwg-bayreuth.de\/home\/index.php?rest_route=\/wp\/v2\/posts\/29656\/revisions"}],"predecessor-version":[{"id":33081,"href":"https:\/\/www.rwg-bayreuth.de\/home\/index.php?rest_route=\/wp\/v2\/posts\/29656\/revisions\/33081"}],"wp:featuredmedia":[{"embeddable":true,"href":"https:\/\/www.rwg-bayreuth.de\/home\/index.php?rest_route=\/wp\/v2\/media\/29660"}],"wp:attachment":[{"href":"https:\/\/www.rwg-bayreuth.de\/home\/index.php?rest_route=%2Fwp%2Fv2%2Fmedia&parent=29656"}],"wp:term":[{"taxonomy":"category","embeddable":true,"href":"https:\/\/www.rwg-bayreuth.de\/home\/index.php?rest_route=%2Fwp%2Fv2%2Fcategories&post=29656"},{"taxonomy":"post_tag","embeddable":true,"href":"https:\/\/www.rwg-bayreuth.de\/home\/index.php?rest_route=%2Fwp%2Fv2%2Ftags&post=29656"}],"curies":[{"name":"wp","href":"https:\/\/api.w.org\/{rel}","templated":true}]}}