{"id":29586,"date":"2021-11-05T21:22:39","date_gmt":"2021-11-05T20:22:39","guid":{"rendered":"http:\/\/www.rwg-bayreuth.de\/home\/?p=29586"},"modified":"2022-11-06T13:20:59","modified_gmt":"2022-11-06T12:20:59","slug":"auf-den-spuren-von-goethe-und-schiller","status":"publish","type":"post","link":"https:\/\/www.rwg-bayreuth.de\/home\/?p=29586","title":{"rendered":"Auf den Spuren von Goethe und Schiller"},"content":{"rendered":"<p><a href=\"https:\/\/www.rwg-bayreuth.de\/home\/wp-content\/uploads\/2021\/11\/Goethes-und-Schillers-Zusammenarbeit.jpg\"><img loading=\"lazy\" decoding=\"async\" src=\"https:\/\/www.rwg-bayreuth.de\/home\/wp-content\/uploads\/2021\/11\/Goethes-und-Schillers-Zusammenarbeit-450x338.jpg\" alt=\"\" width=\"450\" height=\"338\" class=\"aligncenter size-medium wp-image-29589\" srcset=\"https:\/\/www.rwg-bayreuth.de\/home\/wp-content\/uploads\/2021\/11\/Goethes-und-Schillers-Zusammenarbeit-450x338.jpg 450w, https:\/\/www.rwg-bayreuth.de\/home\/wp-content\/uploads\/2021\/11\/Goethes-und-Schillers-Zusammenarbeit-768x576.jpg 768w, https:\/\/www.rwg-bayreuth.de\/home\/wp-content\/uploads\/2021\/11\/Goethes-und-Schillers-Zusammenarbeit-250x188.jpg 250w, https:\/\/www.rwg-bayreuth.de\/home\/wp-content\/uploads\/2021\/11\/Goethes-und-Schillers-Zusammenarbeit.jpg 1024w\" sizes=\"(max-width: 450px) 100vw, 450px\" \/><\/a><\/p>\n<p>Die Gelegenheit f\u00fcr k\u00fcrzere Schulfahrten seit Corona (endlich durften wir wieder fahren!) nutzte auch die Oberstufe der Q11, die sich im Oktober aufmachte zur mittlerweile traditionellen Exkursion im Rahmen des Literaturunterrichts zur deutschen Klassik \u2013 Ziel der Studienfahrt war nat\u00fcrlich Weimar, die Kleinstadt in Th\u00fcringen, die wie wohl kein anderer Ort untrennbar mit den beiden \u201aDichterf\u00fcrsten\u2018 Goethe und Schiller verbunden ist.<\/p>\n<p>Hier erhielten die Sch\u00fcler\/innen nicht nur ein Einblick in das Thema \u201aWeimar als Stadt der Literatur um 1800\u2018, das nat\u00fcrlich vorab flankierend im Unterricht behandelt war;  sie konnten auch direkt \u2013 gewisserma\u00dfen anhand der Originalschaupl\u00e4tze vor Ort \u2013 nachvollziehen, wie die beiden Dichter ihre Jahre innerhalb der Weimarer Hofgesellschaft nutzten, um ihr Verst\u00e4ndnis von Natur und Kunst, Gesellschaft und Kultur bzw. Literatur auszuloten:<br \/>\n\u201eEdel sei der Mensch, hilfreich und gut\u201c \u2013 die erste Verszeile von Goethes Gedicht \u201eDas G\u00f6ttliche\u201c kann dabei nicht nur als Motto der damaligen Zeit gelten; der Humanit\u00e4tsgedanke der Klassik, das Streben nach Harmonie und wohl sortierter Ordnung, durch das der Mensch zu seiner Selbstvollendung gelangen kann,  liefert uns heute noch ein erstrebenswertes Vorbild, nach dem es sich zu leben auch in aktuellen Zeiten lohnte: Integration des Einzelnen innerhalb der Gesellschaft statt Ausgrenzung, Weiterentwicklung durch umfassende Bildung anstelle von Stagnation in stereotypen Vorurteilen\u2026<\/p>\n<p>Dass das Kunstideal der Klassik dabei eng mit antiken Mustern verbunden ist, wurde sp\u00e4testens beim Gang durch das imposante Wohnhaus Goethes am Frauenplan deutlich: Allein der Aufgang in den ersten Stock lie\u00df den Besucher hier keinerlei Zweifel aufkommen. <\/p>\n<div class=\"su-image-carousel  su-image-carousel-has-spacing su-image-carousel-crop su-image-carousel-crop-4-3 su-image-carousel-has-lightbox su-image-carousel-has-outline su-image-carousel-adaptive su-image-carousel-slides-style-minimal su-image-carousel-controls-style-light su-image-carousel-align-center\" style=\"max-width:450px\" data-flickity-options='{\"groupCells\":true,\"cellSelector\":\".su-image-carousel-item\",\"adaptiveHeight\":false,\"cellAlign\":\"left\",\"prevNextButtons\":true,\"pageDots\":false,\"autoPlay\":4000,\"imagesLoaded\":true,\"contain\":true,\"selectedAttraction\":0.025000000000000001,\"friction\":0.28000000000000003}' id=\"su_image_carousel_69f1ca705044a\"><div class=\"su-image-carousel-item\"><div class=\"su-image-carousel-item-content\"><a href=\"https:\/\/www.rwg-bayreuth.de\/home\/wp-content\/uploads\/2021\/11\/Goethehaus1.jpg\" data-caption=\"\"><img loading=\"lazy\" decoding=\"async\" width=\"1024\" height=\"768\" src=\"https:\/\/www.rwg-bayreuth.de\/home\/wp-content\/uploads\/2021\/11\/Goethehaus1.jpg\" class=\"\" alt=\"\" srcset=\"https:\/\/www.rwg-bayreuth.de\/home\/wp-content\/uploads\/2021\/11\/Goethehaus1.jpg 1024w, https:\/\/www.rwg-bayreuth.de\/home\/wp-content\/uploads\/2021\/11\/Goethehaus1-450x338.jpg 450w, https:\/\/www.rwg-bayreuth.de\/home\/wp-content\/uploads\/2021\/11\/Goethehaus1-768x576.jpg 768w, https:\/\/www.rwg-bayreuth.de\/home\/wp-content\/uploads\/2021\/11\/Goethehaus1-250x188.jpg 250w\" sizes=\"(max-width: 1024px) 100vw, 1024px\" \/><\/a><\/div><\/div><div class=\"su-image-carousel-item\"><div class=\"su-image-carousel-item-content\"><a href=\"https:\/\/www.rwg-bayreuth.de\/home\/wp-content\/uploads\/2021\/11\/Goethehaus2.jpg\" data-caption=\"\"><img loading=\"lazy\" decoding=\"async\" width=\"1024\" height=\"769\" src=\"https:\/\/www.rwg-bayreuth.de\/home\/wp-content\/uploads\/2021\/11\/Goethehaus2.jpg\" class=\"\" alt=\"\" srcset=\"https:\/\/www.rwg-bayreuth.de\/home\/wp-content\/uploads\/2021\/11\/Goethehaus2.jpg 1024w, https:\/\/www.rwg-bayreuth.de\/home\/wp-content\/uploads\/2021\/11\/Goethehaus2-450x338.jpg 450w, https:\/\/www.rwg-bayreuth.de\/home\/wp-content\/uploads\/2021\/11\/Goethehaus2-768x577.jpg 768w, https:\/\/www.rwg-bayreuth.de\/home\/wp-content\/uploads\/2021\/11\/Goethehaus2-250x188.jpg 250w\" sizes=\"(max-width: 1024px) 100vw, 1024px\" \/><\/a><\/div><\/div><div class=\"su-image-carousel-item\"><div class=\"su-image-carousel-item-content\"><a href=\"https:\/\/www.rwg-bayreuth.de\/home\/wp-content\/uploads\/2021\/11\/Goethehaus.3.jpg\" data-caption=\"\"><img loading=\"lazy\" decoding=\"async\" width=\"1024\" height=\"768\" src=\"https:\/\/www.rwg-bayreuth.de\/home\/wp-content\/uploads\/2021\/11\/Goethehaus.3.jpg\" class=\"\" alt=\"\" srcset=\"https:\/\/www.rwg-bayreuth.de\/home\/wp-content\/uploads\/2021\/11\/Goethehaus.3.jpg 1024w, https:\/\/www.rwg-bayreuth.de\/home\/wp-content\/uploads\/2021\/11\/Goethehaus.3-450x338.jpg 450w, https:\/\/www.rwg-bayreuth.de\/home\/wp-content\/uploads\/2021\/11\/Goethehaus.3-768x576.jpg 768w, https:\/\/www.rwg-bayreuth.de\/home\/wp-content\/uploads\/2021\/11\/Goethehaus.3-250x188.jpg 250w\" sizes=\"(max-width: 1024px) 100vw, 1024px\" \/><\/a><\/div><\/div><\/div><script id=\"su_image_carousel_69f1ca705044a_script\">if(window.SUImageCarousel){setTimeout(function() {window.SUImageCarousel.initGallery(document.getElementById(\"su_image_carousel_69f1ca705044a\"))}, 0);}var su_image_carousel_69f1ca705044a_script=document.getElementById(\"su_image_carousel_69f1ca705044a_script\");if(su_image_carousel_69f1ca705044a_script){su_image_carousel_69f1ca705044a_script.parentNode.removeChild(su_image_carousel_69f1ca705044a_script);}<\/script>\n<p>Hier also hatte der durchaus beg\u00fcterte Staatsmann Jahrzehnte lang seine G\u00e4ste im gro\u00dfen Stil empfangen \u2013 unweit seines Dichterkollegen, der erst in den letzten Lebensjahren seinen Lebensmittelpunkt in das kleinere und daher unscheinbarere Schillerhaus verlagert hatte; ber\u00fchmt geworden ist auf alle F\u00e4lle der Schreibtisch in Schillers Arbeitszimmer im 2. Stock seines Wohnhauses!<\/p>\n<div class=\"su-image-carousel  su-image-carousel-has-spacing su-image-carousel-crop su-image-carousel-crop-4-3 su-image-carousel-has-lightbox su-image-carousel-has-outline su-image-carousel-adaptive su-image-carousel-slides-style-minimal su-image-carousel-controls-style-light su-image-carousel-align-center\" style=\"max-width:450px\" data-flickity-options='{\"groupCells\":true,\"cellSelector\":\".su-image-carousel-item\",\"adaptiveHeight\":false,\"cellAlign\":\"left\",\"prevNextButtons\":true,\"pageDots\":false,\"autoPlay\":4000,\"imagesLoaded\":true,\"contain\":true,\"selectedAttraction\":0.025000000000000001,\"friction\":0.28000000000000003}' id=\"su_image_carousel_69f1ca7050802\"><div class=\"su-image-carousel-item\"><div class=\"su-image-carousel-item-content\"><a href=\"https:\/\/www.rwg-bayreuth.de\/home\/wp-content\/uploads\/2021\/11\/Schillerhaus-aussen1.jpg\" data-caption=\"\"><img loading=\"lazy\" decoding=\"async\" width=\"1024\" height=\"768\" src=\"https:\/\/www.rwg-bayreuth.de\/home\/wp-content\/uploads\/2021\/11\/Schillerhaus-aussen1.jpg\" class=\"\" alt=\"\" srcset=\"https:\/\/www.rwg-bayreuth.de\/home\/wp-content\/uploads\/2021\/11\/Schillerhaus-aussen1.jpg 1024w, https:\/\/www.rwg-bayreuth.de\/home\/wp-content\/uploads\/2021\/11\/Schillerhaus-aussen1-450x338.jpg 450w, https:\/\/www.rwg-bayreuth.de\/home\/wp-content\/uploads\/2021\/11\/Schillerhaus-aussen1-768x576.jpg 768w, https:\/\/www.rwg-bayreuth.de\/home\/wp-content\/uploads\/2021\/11\/Schillerhaus-aussen1-250x188.jpg 250w\" sizes=\"(max-width: 1024px) 100vw, 1024px\" \/><\/a><\/div><\/div><div class=\"su-image-carousel-item\"><div class=\"su-image-carousel-item-content\"><a href=\"https:\/\/www.rwg-bayreuth.de\/home\/wp-content\/uploads\/2021\/11\/Schillerhaus-aussen2.jpg\" data-caption=\"\"><img loading=\"lazy\" decoding=\"async\" width=\"1024\" height=\"900\" src=\"https:\/\/www.rwg-bayreuth.de\/home\/wp-content\/uploads\/2021\/11\/Schillerhaus-aussen2.jpg\" class=\"\" alt=\"\" srcset=\"https:\/\/www.rwg-bayreuth.de\/home\/wp-content\/uploads\/2021\/11\/Schillerhaus-aussen2.jpg 1024w, https:\/\/www.rwg-bayreuth.de\/home\/wp-content\/uploads\/2021\/11\/Schillerhaus-aussen2-450x396.jpg 450w, https:\/\/www.rwg-bayreuth.de\/home\/wp-content\/uploads\/2021\/11\/Schillerhaus-aussen2-768x675.jpg 768w, https:\/\/www.rwg-bayreuth.de\/home\/wp-content\/uploads\/2021\/11\/Schillerhaus-aussen2-250x220.jpg 250w\" sizes=\"(max-width: 1024px) 100vw, 1024px\" \/><\/a><\/div><\/div><div class=\"su-image-carousel-item\"><div class=\"su-image-carousel-item-content\"><a href=\"https:\/\/www.rwg-bayreuth.de\/home\/wp-content\/uploads\/2021\/11\/Schillerhaus-Schreibtisch1.jpg\" data-caption=\"\"><img loading=\"lazy\" decoding=\"async\" width=\"1024\" height=\"1365\" src=\"https:\/\/www.rwg-bayreuth.de\/home\/wp-content\/uploads\/2021\/11\/Schillerhaus-Schreibtisch1.jpg\" class=\"\" alt=\"\" srcset=\"https:\/\/www.rwg-bayreuth.de\/home\/wp-content\/uploads\/2021\/11\/Schillerhaus-Schreibtisch1.jpg 1024w, https:\/\/www.rwg-bayreuth.de\/home\/wp-content\/uploads\/2021\/11\/Schillerhaus-Schreibtisch1-338x450.jpg 338w, https:\/\/www.rwg-bayreuth.de\/home\/wp-content\/uploads\/2021\/11\/Schillerhaus-Schreibtisch1-768x1024.jpg 768w, https:\/\/www.rwg-bayreuth.de\/home\/wp-content\/uploads\/2021\/11\/Schillerhaus-Schreibtisch1-250x333.jpg 250w\" sizes=\"(max-width: 1024px) 100vw, 1024px\" \/><\/a><\/div><\/div><div class=\"su-image-carousel-item\"><div class=\"su-image-carousel-item-content\"><a href=\"https:\/\/www.rwg-bayreuth.de\/home\/wp-content\/uploads\/2021\/11\/Schillerhaus-Schreibtisch2.jpg\" data-caption=\"\"><img loading=\"lazy\" decoding=\"async\" width=\"1024\" height=\"1365\" src=\"https:\/\/www.rwg-bayreuth.de\/home\/wp-content\/uploads\/2021\/11\/Schillerhaus-Schreibtisch2.jpg\" class=\"\" alt=\"\" srcset=\"https:\/\/www.rwg-bayreuth.de\/home\/wp-content\/uploads\/2021\/11\/Schillerhaus-Schreibtisch2.jpg 1024w, https:\/\/www.rwg-bayreuth.de\/home\/wp-content\/uploads\/2021\/11\/Schillerhaus-Schreibtisch2-338x450.jpg 338w, https:\/\/www.rwg-bayreuth.de\/home\/wp-content\/uploads\/2021\/11\/Schillerhaus-Schreibtisch2-768x1024.jpg 768w, https:\/\/www.rwg-bayreuth.de\/home\/wp-content\/uploads\/2021\/11\/Schillerhaus-Schreibtisch2-250x333.jpg 250w\" sizes=\"(max-width: 1024px) 100vw, 1024px\" \/><\/a><\/div><\/div><\/div><script id=\"su_image_carousel_69f1ca7050802_script\">if(window.SUImageCarousel){setTimeout(function() {window.SUImageCarousel.initGallery(document.getElementById(\"su_image_carousel_69f1ca7050802\"))}, 0);}var su_image_carousel_69f1ca7050802_script=document.getElementById(\"su_image_carousel_69f1ca7050802_script\");if(su_image_carousel_69f1ca7050802_script){su_image_carousel_69f1ca7050802_script.parentNode.removeChild(su_image_carousel_69f1ca7050802_script);}<\/script>\n<p>Der Rundgang durch beide H\u00e4user erfolgte mittels Audio-Guides, sodass man innerhalb von Kleingruppen jeden Raum nach individuellem Interesse und Tempo erkunden konnte; in der Dauerausstellung im Goethe-Nationalmuseum erl\u00e4uterten fachkundige Expert(inn)en sehr kurzweilig die einzelnen, aussagekr\u00e4ftigen Exponate, welche die verschiedenen Etappen bzw. Zeitumst\u00e4nde von Goethes Leben unter markanten Schlagworten unter die Lupe nehmen.<\/p>\n<div class=\"su-image-carousel  su-image-carousel-has-spacing su-image-carousel-crop su-image-carousel-crop-4-3 su-image-carousel-has-lightbox su-image-carousel-has-outline su-image-carousel-adaptive su-image-carousel-slides-style-minimal su-image-carousel-controls-style-light su-image-carousel-align-center\" style=\"max-width:450px\" data-flickity-options='{\"groupCells\":true,\"cellSelector\":\".su-image-carousel-item\",\"adaptiveHeight\":false,\"cellAlign\":\"left\",\"prevNextButtons\":true,\"pageDots\":false,\"autoPlay\":4000,\"imagesLoaded\":true,\"contain\":true,\"selectedAttraction\":0.025000000000000001,\"friction\":0.28000000000000003}' id=\"su_image_carousel_69f1ca7050aee\"><div class=\"su-image-carousel-item\"><div class=\"su-image-carousel-item-content\"><a href=\"https:\/\/www.rwg-bayreuth.de\/home\/wp-content\/uploads\/2021\/11\/Goethe-Buesten.jpeg\" data-caption=\"\"><img loading=\"lazy\" decoding=\"async\" width=\"1079\" height=\"809\" src=\"https:\/\/www.rwg-bayreuth.de\/home\/wp-content\/uploads\/2021\/11\/Goethe-Buesten.jpeg\" class=\"\" alt=\"\" srcset=\"https:\/\/www.rwg-bayreuth.de\/home\/wp-content\/uploads\/2021\/11\/Goethe-Buesten.jpeg 1079w, https:\/\/www.rwg-bayreuth.de\/home\/wp-content\/uploads\/2021\/11\/Goethe-Buesten-450x337.jpeg 450w, https:\/\/www.rwg-bayreuth.de\/home\/wp-content\/uploads\/2021\/11\/Goethe-Buesten-1024x768.jpeg 1024w, https:\/\/www.rwg-bayreuth.de\/home\/wp-content\/uploads\/2021\/11\/Goethe-Buesten-768x576.jpeg 768w, https:\/\/www.rwg-bayreuth.de\/home\/wp-content\/uploads\/2021\/11\/Goethe-Buesten-250x187.jpeg 250w\" sizes=\"(max-width: 1079px) 100vw, 1079px\" \/><\/a><\/div><\/div><div class=\"su-image-carousel-item\"><div class=\"su-image-carousel-item-content\"><a href=\"https:\/\/www.rwg-bayreuth.de\/home\/wp-content\/uploads\/2021\/11\/Goethe-Gemaelde.jpg\" data-caption=\"\"><img loading=\"lazy\" decoding=\"async\" width=\"1024\" height=\"769\" src=\"https:\/\/www.rwg-bayreuth.de\/home\/wp-content\/uploads\/2021\/11\/Goethe-Gemaelde.jpg\" class=\"\" alt=\"\" srcset=\"https:\/\/www.rwg-bayreuth.de\/home\/wp-content\/uploads\/2021\/11\/Goethe-Gemaelde.jpg 1024w, https:\/\/www.rwg-bayreuth.de\/home\/wp-content\/uploads\/2021\/11\/Goethe-Gemaelde-450x338.jpg 450w, https:\/\/www.rwg-bayreuth.de\/home\/wp-content\/uploads\/2021\/11\/Goethe-Gemaelde-768x577.jpg 768w, https:\/\/www.rwg-bayreuth.de\/home\/wp-content\/uploads\/2021\/11\/Goethe-Gemaelde-250x188.jpg 250w\" sizes=\"(max-width: 1024px) 100vw, 1024px\" \/><\/a><\/div><\/div><\/div><script id=\"su_image_carousel_69f1ca7050aee_script\">if(window.SUImageCarousel){setTimeout(function() {window.SUImageCarousel.initGallery(document.getElementById(\"su_image_carousel_69f1ca7050aee\"))}, 0);}var su_image_carousel_69f1ca7050aee_script=document.getElementById(\"su_image_carousel_69f1ca7050aee_script\");if(su_image_carousel_69f1ca7050aee_script){su_image_carousel_69f1ca7050aee_script.parentNode.removeChild(su_image_carousel_69f1ca7050aee_script);}<\/script>\n<p>Wer neben den bereits genannten Programmpunkten noch immer nicht genug \u201aklassische Eindr\u00fccke\u2018 aufgesogen hatte, war in der einer wohlverdienten Zwischen- bzw. Mittagspause sicherlich unterwegs in Richtung des Goethe- und Schiller-Denkmals vor dem Nationaltheater. <\/p>\n<p><a href=\"https:\/\/www.rwg-bayreuth.de\/home\/wp-content\/uploads\/2021\/11\/Goethe-Schiller-Denkmal.jpg\"><img loading=\"lazy\" decoding=\"async\" src=\"https:\/\/www.rwg-bayreuth.de\/home\/wp-content\/uploads\/2021\/11\/Goethe-Schiller-Denkmal-294x450.jpg\" alt=\"\" width=\"294\" height=\"450\" class=\"aligncenter size-medium wp-image-29591\" srcset=\"https:\/\/www.rwg-bayreuth.de\/home\/wp-content\/uploads\/2021\/11\/Goethe-Schiller-Denkmal-294x450.jpg 294w, https:\/\/www.rwg-bayreuth.de\/home\/wp-content\/uploads\/2021\/11\/Goethe-Schiller-Denkmal-668x1024.jpg 668w, https:\/\/www.rwg-bayreuth.de\/home\/wp-content\/uploads\/2021\/11\/Goethe-Schiller-Denkmal-768x1177.jpg 768w, https:\/\/www.rwg-bayreuth.de\/home\/wp-content\/uploads\/2021\/11\/Goethe-Schiller-Denkmal-1002x1536.jpg 1002w, https:\/\/www.rwg-bayreuth.de\/home\/wp-content\/uploads\/2021\/11\/Goethe-Schiller-Denkmal-250x383.jpg 250w, https:\/\/www.rwg-bayreuth.de\/home\/wp-content\/uploads\/2021\/11\/Goethe-Schiller-Denkmal.jpg 1024w\" sizes=\"(max-width: 294px) 100vw, 294px\" \/><\/a><\/p>\n<p>Einige besonders Interessierte hatten sich \u2013 trotz Sturmwarnung und teils eisigem Wind \u2013  sogar durch den Ilmpark zu Goethes Gartenhaus aufgemacht, das dem Dichter neben seinem Wohnhaus in der Stadt als Refugium diente.<\/p>\n<p>Mit sicherlich vielen lehrreichen Hintergrundinformationen im Gep\u00e4ck (und auch so manch einem neu erstandenen Souvenir, u.a. auch f\u00fcr den Einsatz im Unterricht \ud83d\ude42 ) trat die Gruppe gut gelaunt die Heimreise nach Bayreuth an.<\/p>\n<p>Es bleibt nun nur noch eine Frage abschlie\u00dfend zu kl\u00e4ren: Was macht eigentlich Frau Fr\u00f6ber als fachfremde Begleitperson auf einer Deutsch-Exkursion?! Auch hierf\u00fcr gab es \u2013 wenn nicht schon im Vorfeld innerhalb des Deutschunterrichts \u2013 in Weimars Museumsst\u00e4tten und\/oder in der Stadt selbst mehrere Hinweise: Zum einen gilt Goethe ja als Universalgelehrter mit einem breiten Wissensspektrum, das sich eben auch auf die Naturwissenschaften erstreckte; nachzuvollziehen war dies nicht nur anhand der (Verwaltungs-)\u00c4mter, die der Beamte Goethe w\u00e4hrend seiner Zeit in Weimar bekleidete, sondern wortw\u00f6rtlich greifbar zu sehen insbesondere anhand des Mobiliars in seinen Zimmern, die reichlich Platz f\u00fcr \u201aJ\u00e4ger und Sammler\u2018 jeglicher Art boten! <\/p>\n<p><a href=\"https:\/\/www.rwg-bayreuth.de\/home\/wp-content\/uploads\/2021\/11\/Garten-Goethehaus.jpg\"><img loading=\"lazy\" decoding=\"async\" src=\"https:\/\/www.rwg-bayreuth.de\/home\/wp-content\/uploads\/2021\/11\/Garten-Goethehaus-450x338.jpg\" alt=\"\" width=\"450\" height=\"338\" class=\"aligncenter size-medium wp-image-29596\" srcset=\"https:\/\/www.rwg-bayreuth.de\/home\/wp-content\/uploads\/2021\/11\/Garten-Goethehaus-450x338.jpg 450w, https:\/\/www.rwg-bayreuth.de\/home\/wp-content\/uploads\/2021\/11\/Garten-Goethehaus-768x577.jpg 768w, https:\/\/www.rwg-bayreuth.de\/home\/wp-content\/uploads\/2021\/11\/Garten-Goethehaus-250x188.jpg 250w, https:\/\/www.rwg-bayreuth.de\/home\/wp-content\/uploads\/2021\/11\/Garten-Goethehaus.jpg 1024w\" sizes=\"(max-width: 450px) 100vw, 450px\" \/><\/a><\/p>\n<p>Zum anderen hatte es dem Dichter die Botanik angetan, was man auch anhand des h\u00fcbsch angelegten Gartens zu seinem Wohnhaus erkennen konnte. Und zu guter Letzt ist Goethes Ginkgo biloba wohl einer der wenigen B\u00e4ume, die von sich behaupten k\u00f6nnen, einen eigenen Museumskult hervorgerufen zu haben!  Hiermit finden sich also mehr als genug naturwissenschaftliche Ankn\u00fcpfungspunkte, oder?!<\/p>\n<p><em>S. Track (im Namen der Q11-Kursleiterinnen Deutsch)<\/em><\/p>\n<p>&nbsp;<\/p>\n<p>P.S. Wer im Nachgang der Fahrt einmal seine Kenntnisse zu Goethe und erproben will, ist bei diesem Stadtrundgang \u2013 konzipiert als Rallye \u2013 genau richtig aufgehoben!<\/p>\n<p>Link:<br \/>\n<a href=\"https:\/\/www.klassik-stiftung.de\/assets\/Dokumente\/Bildung\/Materialien\/Rallye\/KSW-Rallye-Klassik_2021_SchuelerInnen.pdf\" rel=\"noopener noreferrer\" target=\"_blank\">KSW-Rallye-Klassik_2021_SchuelerInnen.pdf (klassik-stiftung.de)<\/a><\/p>\n","protected":false},"excerpt":{"rendered":"<p>Die Gelegenheit f\u00fcr k\u00fcrzere Schulfahrten seit Corona (endlich durften wir wieder fahren!) nutzte auch die Oberstufe der Q11, die sich im Oktober aufmachte zur mittlerweile traditionellen Exkursion im Rahmen des Literaturunterrichts zur deutschen Klassik \u2013 Ziel der Studienfahrt war nat\u00fcrlich Weimar, die Kleinstadt in Th\u00fcringen, die wie wohl kein anderer Ort untrennbar mit den beiden&hellip;<\/p>\n","protected":false},"author":11,"featured_media":29590,"comment_status":"closed","ping_status":"closed","sticky":false,"template":"","format":"standard","meta":{"footnotes":""},"categories":[1],"tags":[59,126,51],"_links":{"self":[{"href":"https:\/\/www.rwg-bayreuth.de\/home\/index.php?rest_route=\/wp\/v2\/posts\/29586"}],"collection":[{"href":"https:\/\/www.rwg-bayreuth.de\/home\/index.php?rest_route=\/wp\/v2\/posts"}],"about":[{"href":"https:\/\/www.rwg-bayreuth.de\/home\/index.php?rest_route=\/wp\/v2\/types\/post"}],"author":[{"embeddable":true,"href":"https:\/\/www.rwg-bayreuth.de\/home\/index.php?rest_route=\/wp\/v2\/users\/11"}],"replies":[{"embeddable":true,"href":"https:\/\/www.rwg-bayreuth.de\/home\/index.php?rest_route=%2Fwp%2Fv2%2Fcomments&post=29586"}],"version-history":[{"count":10,"href":"https:\/\/www.rwg-bayreuth.de\/home\/index.php?rest_route=\/wp\/v2\/posts\/29586\/revisions"}],"predecessor-version":[{"id":32322,"href":"https:\/\/www.rwg-bayreuth.de\/home\/index.php?rest_route=\/wp\/v2\/posts\/29586\/revisions\/32322"}],"wp:featuredmedia":[{"embeddable":true,"href":"https:\/\/www.rwg-bayreuth.de\/home\/index.php?rest_route=\/wp\/v2\/media\/29590"}],"wp:attachment":[{"href":"https:\/\/www.rwg-bayreuth.de\/home\/index.php?rest_route=%2Fwp%2Fv2%2Fmedia&parent=29586"}],"wp:term":[{"taxonomy":"category","embeddable":true,"href":"https:\/\/www.rwg-bayreuth.de\/home\/index.php?rest_route=%2Fwp%2Fv2%2Fcategories&post=29586"},{"taxonomy":"post_tag","embeddable":true,"href":"https:\/\/www.rwg-bayreuth.de\/home\/index.php?rest_route=%2Fwp%2Fv2%2Ftags&post=29586"}],"curies":[{"name":"wp","href":"https:\/\/api.w.org\/{rel}","templated":true}]}}