{"id":29282,"date":"2021-07-25T08:48:22","date_gmt":"2021-07-25T06:48:22","guid":{"rendered":"http:\/\/www.rwg-bayreuth.de\/home\/?p=29282"},"modified":"2021-07-25T12:35:50","modified_gmt":"2021-07-25T10:35:50","slug":"ldl-teil-9-mit-gedichten-durch-ein-ganz-besonderes-corona-schuljahr","status":"publish","type":"post","link":"https:\/\/www.rwg-bayreuth.de\/home\/?p=29282","title":{"rendered":"&#8218;LdL&#8216; &#8211; Teil 9: Mit Gedichten durch ein ganz besonderes (Corona)-Schuljahr"},"content":{"rendered":"<p><a href=\"https:\/\/www.rwg-bayreuth.de\/home\/wp-content\/uploads\/2021\/07\/20-21-Deutsch-LdL-Bsp.-Seite.jpg\"><img loading=\"lazy\" decoding=\"async\" src=\"https:\/\/www.rwg-bayreuth.de\/home\/wp-content\/uploads\/2021\/07\/20-21-Deutsch-LdL-Bsp.-Seite-450x300.jpg\" alt=\"\" width=\"450\" height=\"300\" class=\"aligncenter size-medium wp-image-29283\" srcset=\"https:\/\/www.rwg-bayreuth.de\/home\/wp-content\/uploads\/2021\/07\/20-21-Deutsch-LdL-Bsp.-Seite-450x300.jpg 450w, https:\/\/www.rwg-bayreuth.de\/home\/wp-content\/uploads\/2021\/07\/20-21-Deutsch-LdL-Bsp.-Seite-768x512.jpg 768w, https:\/\/www.rwg-bayreuth.de\/home\/wp-content\/uploads\/2021\/07\/20-21-Deutsch-LdL-Bsp.-Seite-250x167.jpg 250w, https:\/\/www.rwg-bayreuth.de\/home\/wp-content\/uploads\/2021\/07\/20-21-Deutsch-LdL-Bsp.-Seite-900x600.jpg 900w, https:\/\/www.rwg-bayreuth.de\/home\/wp-content\/uploads\/2021\/07\/20-21-Deutsch-LdL-Bsp.-Seite.jpg 1024w\" sizes=\"(max-width: 450px) 100vw, 450px\" \/><\/a><\/p>\n<p>Mit dem mittlerweile bereits neunten Teil unserer Reihe \u201aLernen <del>[d]<\/del>trotz Lockdown\u2018 blicken wir zur\u00fcck auf ein sehr turbulentes Schuljahr 2020\/2021, das mit den Monat Juli und den von vielen Sch\u00fcler(inne)n wie Lehrer(inne)n bereits herbeigesehnten, wohlverdienten Sommerferien einen vers\u00f6hnlichen Abschluss findet \u2013 immerhin macht sich langsam, aber sicher vielleicht auch die Vorfreude auf einen gleicherma\u00dfen erholsamen wie auch spannenden Urlaub mit Familie und\/oder Freunden breit\u2026<\/p>\n<p><a href=\"https:\/\/www.rwg-bayreuth.de\/home\/wp-content\/uploads\/2021\/07\/20-21-Deutsch-LdL-Juli.jpg\"><img loading=\"lazy\" decoding=\"async\" src=\"https:\/\/www.rwg-bayreuth.de\/home\/wp-content\/uploads\/2021\/07\/20-21-Deutsch-LdL-Juli-326x450.jpg\" alt=\"\" width=\"326\" height=\"450\" style=\"max-width:300px\" class=\"alignright size-medium wp-image-29284\" srcset=\"https:\/\/www.rwg-bayreuth.de\/home\/wp-content\/uploads\/2021\/07\/20-21-Deutsch-LdL-Juli-326x450.jpg 326w, https:\/\/www.rwg-bayreuth.de\/home\/wp-content\/uploads\/2021\/07\/20-21-Deutsch-LdL-Juli-742x1024.jpg 742w, https:\/\/www.rwg-bayreuth.de\/home\/wp-content\/uploads\/2021\/07\/20-21-Deutsch-LdL-Juli-768x1061.jpg 768w, https:\/\/www.rwg-bayreuth.de\/home\/wp-content\/uploads\/2021\/07\/20-21-Deutsch-LdL-Juli-250x345.jpg 250w, https:\/\/www.rwg-bayreuth.de\/home\/wp-content\/uploads\/2021\/07\/20-21-Deutsch-LdL-Juli.jpg 1024w\" sizes=\"(max-width: 326px) 100vw, 326px\" \/><\/a><\/p>\n<p>So l\u00e4sst sich ein bestimmter Monat immer auch mit speziellen Ereignissen und Momenten \u2013 abseits der Corona-Pandemie \u2013 in Verbindung bringen, die seit jeher auch in lyrischen Texten thematisch verarbeitet werden.<\/p>\n<div class=\"clear\"><div class=\"su-image-carousel  su-image-carousel-has-spacing su-image-carousel-crop su-image-carousel-crop-3-4 su-image-carousel-has-lightbox su-image-carousel-has-outline su-image-carousel-adaptive su-image-carousel-slides-style-minimal su-image-carousel-controls-style-light su-image-carousel-align-right\" style=\"max-width:300px\" data-flickity-options='{\"groupCells\":true,\"cellSelector\":\".su-image-carousel-item\",\"adaptiveHeight\":false,\"cellAlign\":\"left\",\"prevNextButtons\":true,\"pageDots\":false,\"autoPlay\":4000,\"imagesLoaded\":true,\"contain\":true,\"selectedAttraction\":0.025000000000000001,\"friction\":0.28000000000000003}' id=\"su_image_carousel_69f327b3b96c7\"><div class=\"su-image-carousel-item\"><div class=\"su-image-carousel-item-content\"><a href=\"https:\/\/www.rwg-bayreuth.de\/home\/wp-content\/uploads\/2021\/07\/20-21-Deutsch-LdL-Fruehling.jpg\" data-caption=\"\"><img loading=\"lazy\" decoding=\"async\" width=\"768\" height=\"1024\" src=\"https:\/\/www.rwg-bayreuth.de\/home\/wp-content\/uploads\/2021\/07\/20-21-Deutsch-LdL-Fruehling-768x1024.jpg\" class=\"\" alt=\"\" srcset=\"https:\/\/www.rwg-bayreuth.de\/home\/wp-content\/uploads\/2021\/07\/20-21-Deutsch-LdL-Fruehling-768x1024.jpg 768w, https:\/\/www.rwg-bayreuth.de\/home\/wp-content\/uploads\/2021\/07\/20-21-Deutsch-LdL-Fruehling-338x450.jpg 338w, https:\/\/www.rwg-bayreuth.de\/home\/wp-content\/uploads\/2021\/07\/20-21-Deutsch-LdL-Fruehling-250x333.jpg 250w, https:\/\/www.rwg-bayreuth.de\/home\/wp-content\/uploads\/2021\/07\/20-21-Deutsch-LdL-Fruehling.jpg 1024w\" sizes=\"(max-width: 768px) 100vw, 768px\" \/><\/a><\/div><\/div><div class=\"su-image-carousel-item\"><div class=\"su-image-carousel-item-content\"><a href=\"https:\/\/www.rwg-bayreuth.de\/home\/wp-content\/uploads\/2021\/07\/20-21-Deutsch-LdL-Herbst.jpg\" data-caption=\"\"><img loading=\"lazy\" decoding=\"async\" width=\"768\" height=\"1024\" src=\"https:\/\/www.rwg-bayreuth.de\/home\/wp-content\/uploads\/2021\/07\/20-21-Deutsch-LdL-Herbst-768x1024.jpg\" class=\"\" alt=\"\" srcset=\"https:\/\/www.rwg-bayreuth.de\/home\/wp-content\/uploads\/2021\/07\/20-21-Deutsch-LdL-Herbst-768x1024.jpg 768w, https:\/\/www.rwg-bayreuth.de\/home\/wp-content\/uploads\/2021\/07\/20-21-Deutsch-LdL-Herbst-338x450.jpg 338w, https:\/\/www.rwg-bayreuth.de\/home\/wp-content\/uploads\/2021\/07\/20-21-Deutsch-LdL-Herbst-250x333.jpg 250w, https:\/\/www.rwg-bayreuth.de\/home\/wp-content\/uploads\/2021\/07\/20-21-Deutsch-LdL-Herbst.jpg 1024w\" sizes=\"(max-width: 768px) 100vw, 768px\" \/><\/a><\/div><\/div><div class=\"su-image-carousel-item\"><div class=\"su-image-carousel-item-content\"><a href=\"https:\/\/www.rwg-bayreuth.de\/home\/wp-content\/uploads\/2021\/07\/20-21-Deutsch-LdL-Winter.jpg\" data-caption=\"\"><img loading=\"lazy\" decoding=\"async\" width=\"768\" height=\"1042\" src=\"https:\/\/www.rwg-bayreuth.de\/home\/wp-content\/uploads\/2021\/07\/20-21-Deutsch-LdL-Winter-768x1042.jpg\" class=\"\" alt=\"\" srcset=\"https:\/\/www.rwg-bayreuth.de\/home\/wp-content\/uploads\/2021\/07\/20-21-Deutsch-LdL-Winter-768x1042.jpg 768w, https:\/\/www.rwg-bayreuth.de\/home\/wp-content\/uploads\/2021\/07\/20-21-Deutsch-LdL-Winter-332x450.jpg 332w, https:\/\/www.rwg-bayreuth.de\/home\/wp-content\/uploads\/2021\/07\/20-21-Deutsch-LdL-Winter-755x1024.jpg 755w, https:\/\/www.rwg-bayreuth.de\/home\/wp-content\/uploads\/2021\/07\/20-21-Deutsch-LdL-Winter-250x339.jpg 250w, https:\/\/www.rwg-bayreuth.de\/home\/wp-content\/uploads\/2021\/07\/20-21-Deutsch-LdL-Winter.jpg 888w\" sizes=\"(max-width: 768px) 100vw, 768px\" \/><\/a><\/div><\/div><div class=\"su-image-carousel-item\"><div class=\"su-image-carousel-item-content\"><a href=\"https:\/\/www.rwg-bayreuth.de\/home\/wp-content\/uploads\/2021\/07\/20-21-Deutsch-LdL-Nikolaus.jpg\" data-caption=\"\"><img loading=\"lazy\" decoding=\"async\" width=\"768\" height=\"1024\" src=\"https:\/\/www.rwg-bayreuth.de\/home\/wp-content\/uploads\/2021\/07\/20-21-Deutsch-LdL-Nikolaus-768x1024.jpg\" class=\"\" alt=\"\" srcset=\"https:\/\/www.rwg-bayreuth.de\/home\/wp-content\/uploads\/2021\/07\/20-21-Deutsch-LdL-Nikolaus-768x1024.jpg 768w, https:\/\/www.rwg-bayreuth.de\/home\/wp-content\/uploads\/2021\/07\/20-21-Deutsch-LdL-Nikolaus-338x450.jpg 338w, https:\/\/www.rwg-bayreuth.de\/home\/wp-content\/uploads\/2021\/07\/20-21-Deutsch-LdL-Nikolaus-250x333.jpg 250w, https:\/\/www.rwg-bayreuth.de\/home\/wp-content\/uploads\/2021\/07\/20-21-Deutsch-LdL-Nikolaus.jpg 1024w\" sizes=\"(max-width: 768px) 100vw, 768px\" \/><\/a><\/div><\/div><\/div><script id=\"su_image_carousel_69f327b3b96c7_script\">if(window.SUImageCarousel){setTimeout(function() {window.SUImageCarousel.initGallery(document.getElementById(\"su_image_carousel_69f327b3b96c7\"))}, 0);}var su_image_carousel_69f327b3b96c7_script=document.getElementById(\"su_image_carousel_69f327b3b96c7_script\");if(su_image_carousel_69f327b3b96c7_script){su_image_carousel_69f327b3b96c7_script.parentNode.removeChild(su_image_carousel_69f327b3b96c7_script);}<\/script><\/div>\n<p>Dies nahm sich die Klasse 6c bei der Aufbereitung von Jahreszeiten-Gedichten im Deutschunterricht von Frau Wilk-B\u00f6hm zum Anlass und gestaltete w\u00e4hrend der Zeit des Lernens zuhause h\u00fcbsche und liebevoll aufbereitete Plakate mit je einem typischen Monatsthema oder aber besonderem Moment:<\/p>\n<p>Es standen dabei neben \u201aKlassikern\u2018 auch ausgefallenere Gedichte zur Auswahl, sodass am Ende eine bunte Mischung, ein poetischer Reigen von Texten der Klasse pr\u00e4sentiert werden konnte \u2013 von einigen Mutigen sogar anhand eines extra einge\u00fcbten Gedichtvortrags, dargeboten vor der Kamera in der Videokonferenz! <\/p>\n<div class=\"clear\"><div class=\"su-image-carousel  su-image-carousel-has-spacing su-image-carousel-crop su-image-carousel-crop-4-3 su-image-carousel-has-lightbox su-image-carousel-has-outline su-image-carousel-adaptive su-image-carousel-slides-style-minimal su-image-carousel-controls-style-light su-image-carousel-align-right\" style=\"max-width:450px\" data-flickity-options='{\"groupCells\":true,\"cellSelector\":\".su-image-carousel-item\",\"adaptiveHeight\":false,\"cellAlign\":\"left\",\"prevNextButtons\":true,\"pageDots\":false,\"autoPlay\":4000,\"imagesLoaded\":true,\"contain\":true,\"selectedAttraction\":0.025000000000000001,\"friction\":0.28000000000000003}' id=\"su_image_carousel_69f327b3b9a1e\"><div class=\"su-image-carousel-item\"><div class=\"su-image-carousel-item-content\"><a href=\"https:\/\/www.rwg-bayreuth.de\/home\/wp-content\/uploads\/2021\/07\/20-21-Deutsch-LdL-Kalender-2020.jpg\" data-caption=\"\"><img loading=\"lazy\" decoding=\"async\" width=\"768\" height=\"553\" src=\"https:\/\/www.rwg-bayreuth.de\/home\/wp-content\/uploads\/2021\/07\/20-21-Deutsch-LdL-Kalender-2020-768x553.jpg\" class=\"\" alt=\"\" srcset=\"https:\/\/www.rwg-bayreuth.de\/home\/wp-content\/uploads\/2021\/07\/20-21-Deutsch-LdL-Kalender-2020-768x553.jpg 768w, https:\/\/www.rwg-bayreuth.de\/home\/wp-content\/uploads\/2021\/07\/20-21-Deutsch-LdL-Kalender-2020-450x324.jpg 450w, https:\/\/www.rwg-bayreuth.de\/home\/wp-content\/uploads\/2021\/07\/20-21-Deutsch-LdL-Kalender-2020-250x180.jpg 250w, https:\/\/www.rwg-bayreuth.de\/home\/wp-content\/uploads\/2021\/07\/20-21-Deutsch-LdL-Kalender-2020.jpg 1024w\" sizes=\"(max-width: 768px) 100vw, 768px\" \/><\/a><\/div><\/div><div class=\"su-image-carousel-item\"><div class=\"su-image-carousel-item-content\"><a href=\"https:\/\/www.rwg-bayreuth.de\/home\/wp-content\/uploads\/2021\/07\/20-21-Deutsch-LdL-Kalender_Klasse.jpg\" data-caption=\"\"><img loading=\"lazy\" decoding=\"async\" width=\"768\" height=\"576\" src=\"https:\/\/www.rwg-bayreuth.de\/home\/wp-content\/uploads\/2021\/07\/20-21-Deutsch-LdL-Kalender_Klasse-768x576.jpg\" class=\"\" alt=\"\" srcset=\"https:\/\/www.rwg-bayreuth.de\/home\/wp-content\/uploads\/2021\/07\/20-21-Deutsch-LdL-Kalender_Klasse-768x576.jpg 768w, https:\/\/www.rwg-bayreuth.de\/home\/wp-content\/uploads\/2021\/07\/20-21-Deutsch-LdL-Kalender_Klasse-450x338.jpg 450w, https:\/\/www.rwg-bayreuth.de\/home\/wp-content\/uploads\/2021\/07\/20-21-Deutsch-LdL-Kalender_Klasse-250x188.jpg 250w, https:\/\/www.rwg-bayreuth.de\/home\/wp-content\/uploads\/2021\/07\/20-21-Deutsch-LdL-Kalender_Klasse.jpg 1024w\" sizes=\"(max-width: 768px) 100vw, 768px\" \/><\/a><\/div><\/div><\/div><script id=\"su_image_carousel_69f327b3b9a1e_script\">if(window.SUImageCarousel){setTimeout(function() {window.SUImageCarousel.initGallery(document.getElementById(\"su_image_carousel_69f327b3b9a1e\"))}, 0);}var su_image_carousel_69f327b3b9a1e_script=document.getElementById(\"su_image_carousel_69f327b3b9a1e_script\");if(su_image_carousel_69f327b3b9a1e_script){su_image_carousel_69f327b3b9a1e_script.parentNode.removeChild(su_image_carousel_69f327b3b9a1e_script);}<\/script><\/div>\n<p>Liebe 7c, erinnert ihr euch in diesem Zusammenhang noch an das Projekt des Vorjahres, das auch wir in unserem Deutschunterricht gestaltet haben? <\/p>\n<p>Dabei hatten wir das Gl\u00fcck, dass die Erarbeitungsphase noch vor der ersten Corona-Welle (inkl. 1. Lockdown im M\u00e4rz 2020) fertiggestellt werden konnte! Zu diesem Zeitpunkt ahnte noch niemand, was alles noch auf uns zukommen sollte w\u00e4hrend der n\u00e4chsten Zeit\u2026 <\/p>\n<p>Hier war \u2013 ganz \u00e4hnlich wie oben beschrieben \u2013 ebenfalls das Kalenderjahr das \u201aGer\u00fcst\u2018 f\u00fcr kreative Gedicht-Aufbereitungen; diese fanden am Ende in einem individuell gestalteten Monatskalender ihrem Platz und begleiteten euch durch das l\u00e4ngst vergangene Jahr 2020\u2026 &#8211; wie schnell doch die Zeit tats\u00e4chlich vergeht! <\/p>\n<p><em>S. Track \/ P. Wilk-B\u00f6hm (mit flei\u00dfiger Unterst\u00fctzung der Unterstufensch\u00fcler\/innen der Klassen 6c sowie aktuellen 7c (ehemals 6c))<\/em><\/p>\n","protected":false},"excerpt":{"rendered":"<p>Mit dem mittlerweile bereits neunten Teil unserer Reihe \u201aLernen [d]trotz Lockdown\u2018 blicken wir zur\u00fcck auf ein sehr turbulentes Schuljahr 2020\/2021, das mit den Monat Juli und den von vielen Sch\u00fcler(inne)n wie Lehrer(inne)n bereits herbeigesehnten, wohlverdienten Sommerferien einen vers\u00f6hnlichen Abschluss findet \u2013 immerhin macht sich langsam, aber sicher vielleicht auch die Vorfreude auf einen gleicherma\u00dfen erholsamen&hellip;<\/p>\n","protected":false},"author":11,"featured_media":29283,"comment_status":"closed","ping_status":"closed","sticky":false,"template":"","format":"standard","meta":{"footnotes":""},"categories":[1],"tags":[59,51,131],"_links":{"self":[{"href":"https:\/\/www.rwg-bayreuth.de\/home\/index.php?rest_route=\/wp\/v2\/posts\/29282"}],"collection":[{"href":"https:\/\/www.rwg-bayreuth.de\/home\/index.php?rest_route=\/wp\/v2\/posts"}],"about":[{"href":"https:\/\/www.rwg-bayreuth.de\/home\/index.php?rest_route=\/wp\/v2\/types\/post"}],"author":[{"embeddable":true,"href":"https:\/\/www.rwg-bayreuth.de\/home\/index.php?rest_route=\/wp\/v2\/users\/11"}],"replies":[{"embeddable":true,"href":"https:\/\/www.rwg-bayreuth.de\/home\/index.php?rest_route=%2Fwp%2Fv2%2Fcomments&post=29282"}],"version-history":[{"count":12,"href":"https:\/\/www.rwg-bayreuth.de\/home\/index.php?rest_route=\/wp\/v2\/posts\/29282\/revisions"}],"predecessor-version":[{"id":29311,"href":"https:\/\/www.rwg-bayreuth.de\/home\/index.php?rest_route=\/wp\/v2\/posts\/29282\/revisions\/29311"}],"wp:featuredmedia":[{"embeddable":true,"href":"https:\/\/www.rwg-bayreuth.de\/home\/index.php?rest_route=\/wp\/v2\/media\/29283"}],"wp:attachment":[{"href":"https:\/\/www.rwg-bayreuth.de\/home\/index.php?rest_route=%2Fwp%2Fv2%2Fmedia&parent=29282"}],"wp:term":[{"taxonomy":"category","embeddable":true,"href":"https:\/\/www.rwg-bayreuth.de\/home\/index.php?rest_route=%2Fwp%2Fv2%2Fcategories&post=29282"},{"taxonomy":"post_tag","embeddable":true,"href":"https:\/\/www.rwg-bayreuth.de\/home\/index.php?rest_route=%2Fwp%2Fv2%2Ftags&post=29282"}],"curies":[{"name":"wp","href":"https:\/\/api.w.org\/{rel}","templated":true}]}}