{"id":29123,"date":"2021-07-07T21:04:07","date_gmt":"2021-07-07T19:04:07","guid":{"rendered":"http:\/\/www.rwg-bayreuth.de\/home\/?p=29123"},"modified":"2021-07-25T12:38:54","modified_gmt":"2021-07-25T10:38:54","slug":"ldl-teil-8-faust-i-interpretiert-anhand-von-lektuereportfolios-in-der-q11","status":"publish","type":"post","link":"https:\/\/www.rwg-bayreuth.de\/home\/?p=29123","title":{"rendered":",LdL\u00b4 &#8211; Teil 8: \u201eFaust I\u201c, interpretiert anhand von Lekt\u00fcreportfolios in der Q11"},"content":{"rendered":"<p><a href=\"https:\/\/www.rwg-bayreuth.de\/home\/wp-content\/uploads\/2021\/07\/20-21-Deutsch-LDL8-Deckblatt-Portfolio.jpg\"><img loading=\"lazy\" decoding=\"async\" src=\"https:\/\/www.rwg-bayreuth.de\/home\/wp-content\/uploads\/2021\/07\/20-21-Deutsch-LDL8-Deckblatt-Portfolio-450x329.jpg\" alt=\"\" width=\"450\" height=\"329\" class=\"aligncenter size-medium wp-image-29133\" srcset=\"https:\/\/www.rwg-bayreuth.de\/home\/wp-content\/uploads\/2021\/07\/20-21-Deutsch-LDL8-Deckblatt-Portfolio-450x329.jpg 450w, https:\/\/www.rwg-bayreuth.de\/home\/wp-content\/uploads\/2021\/07\/20-21-Deutsch-LDL8-Deckblatt-Portfolio-1024x749.jpg 1024w, https:\/\/www.rwg-bayreuth.de\/home\/wp-content\/uploads\/2021\/07\/20-21-Deutsch-LDL8-Deckblatt-Portfolio-768x562.jpg 768w, https:\/\/www.rwg-bayreuth.de\/home\/wp-content\/uploads\/2021\/07\/20-21-Deutsch-LDL8-Deckblatt-Portfolio-250x183.jpg 250w, https:\/\/www.rwg-bayreuth.de\/home\/wp-content\/uploads\/2021\/07\/20-21-Deutsch-LDL8-Deckblatt-Portfolio.jpg 1068w\" sizes=\"(max-width: 450px) 100vw, 450px\" \/><\/a><\/p>\n<p>oder: Nach dem (aktuellen) Abitur 2021 ist vor dem n\u00e4chsten Abitur\u2026<\/p>\n<p>Im achten Teil unserer Reihe \u201aLernen <del>[d]<\/del>trotz Lockdown\u2018 stellen wir ein Projekt vor, das im Unterricht der 11. Jahrgangsstufe w\u00e4hrend des Distanzunterrichts durchgef\u00fchrt wurde: Johann Wolfgang von Goethes \u201eFaust\u201c \u2013 der Klassiker schlechthin, mit dem sich schon Generationen von Sch\u00fcler(inne)n am Gymnasium befasst haben! Nicht ohne Grund ist das Werk als einzig verpflichtend zu lesende Lekt\u00fcre im Lehrplan der 11. Jahrgangsstufe fest verankert\u2026<\/p>\n<p>Und dennoch erscheint gerade der Zugang zu diesem Meisterst\u00fcck der deutschen Literatur auf den ersten Blick nicht leicht \u2013 besonders in der Zeit des Lernens zuhause ein zun\u00e4chst erschwertes Unterfangen (von Sch\u00fcler- wie Lehrerseite!): Neue Methoden waren also auch hier wieder sehr gefragt \ud83d\ude42<\/p>\n<p>Nach einem ersten Kontakt \u00fcber ein kurzes Video, welches die Handlung des Dramas plakativ-ironisch zusammengefasst darstellt, ergaben sich f\u00fcr die Sch\u00fcler sehr viele Fragen. Diese wurden gesammelt und am Ende der Sequenz von jedem Sch\u00fcler individuell beantwortet. <\/p>\n<p><!--Einbetten: Faust in 90 Sekunden--><\/p>\n<p><iframe loading=\"lazy\" width=\"560\" height=\"315\" src=\"https:\/\/www.youtube.com\/embed\/d02oJpQhx3Q\" title=\"YouTube video player\" frameborder=\"0\" allow=\"accelerometer; autoplay; clipboard-write; encrypted-media; gyroscope; picture-in-picture\" allowfullscreen><\/iframe><\/p>\n<p>Parallel zum Unterricht per Videokonferenz hatten die Sch\u00fcler\/innen im Anschluss abwechslungsreiche Auftr\u00e4ge zu bew\u00e4ltigen: Neben Informationen zu Autor und Werk sowie der inhaltlichen Zusammenfassung einzelner Textstellen, der Abarbeitung von traditionellen, eher technischen Analyseelementen (Versbau, literaturgeschichtlicher Hintergrund etc.) durften nat\u00fcrlich die kreativen Gestaltungsm\u00f6glichkeiten nicht zu kurz kommen \u2013 gerade hierf\u00fcr bot sich insbesondere das Format eines Portfolios geradezu an!<\/p>\n<p>In der Homeoffice-Zeit wurden nun eifrig Szenenbl\u00e4tter gestaltet, Karikaturen und historische Zeichnungen gedeutet und interpretiert sowie Figurenkonstellationen graphisch und\/oder optisch ansprechend aufbereitet:<\/p>\n<div class=\"su-image-carousel  su-image-carousel-has-spacing su-image-carousel-crop su-image-carousel-crop-3-2 su-image-carousel-has-lightbox su-image-carousel-has-outline su-image-carousel-adaptive su-image-carousel-slides-style-minimal su-image-carousel-controls-style-light su-image-carousel-align-center\" style=\"max-width:450px\" data-flickity-options='{\"groupCells\":true,\"cellSelector\":\".su-image-carousel-item\",\"adaptiveHeight\":false,\"cellAlign\":\"left\",\"prevNextButtons\":true,\"pageDots\":false,\"autoPlay\":4000,\"imagesLoaded\":true,\"contain\":true,\"selectedAttraction\":0.025000000000000001,\"friction\":0.28000000000000003}' id=\"su_image_carousel_69f1a1c197051\"><div class=\"su-image-carousel-item\"><div class=\"su-image-carousel-item-content\"><a href=\"https:\/\/www.rwg-bayreuth.de\/home\/wp-content\/uploads\/2021\/07\/20-21-Deutsch-LDL8-Personenkonstellation1.jpg\" data-caption=\"\"><img loading=\"lazy\" decoding=\"async\" width=\"900\" height=\"637\" src=\"https:\/\/www.rwg-bayreuth.de\/home\/wp-content\/uploads\/2021\/07\/20-21-Deutsch-LDL8-Personenkonstellation1.jpg\" class=\"\" alt=\"\" srcset=\"https:\/\/www.rwg-bayreuth.de\/home\/wp-content\/uploads\/2021\/07\/20-21-Deutsch-LDL8-Personenkonstellation1.jpg 1024w, https:\/\/www.rwg-bayreuth.de\/home\/wp-content\/uploads\/2021\/07\/20-21-Deutsch-LDL8-Personenkonstellation1-450x319.jpg 450w, https:\/\/www.rwg-bayreuth.de\/home\/wp-content\/uploads\/2021\/07\/20-21-Deutsch-LDL8-Personenkonstellation1-768x544.jpg 768w, https:\/\/www.rwg-bayreuth.de\/home\/wp-content\/uploads\/2021\/07\/20-21-Deutsch-LDL8-Personenkonstellation1-250x177.jpg 250w\" sizes=\"(max-width: 900px) 100vw, 900px\" \/><span><\/span><\/a><\/div><\/div><div class=\"su-image-carousel-item\"><div class=\"su-image-carousel-item-content\"><a href=\"https:\/\/www.rwg-bayreuth.de\/home\/wp-content\/uploads\/2021\/07\/20-21-Deutsch-LDL8-Personenkonstellation2.jpg\" data-caption=\"\"><img loading=\"lazy\" decoding=\"async\" width=\"900\" height=\"637\" src=\"https:\/\/www.rwg-bayreuth.de\/home\/wp-content\/uploads\/2021\/07\/20-21-Deutsch-LDL8-Personenkonstellation2.jpg\" class=\"\" alt=\"\" srcset=\"https:\/\/www.rwg-bayreuth.de\/home\/wp-content\/uploads\/2021\/07\/20-21-Deutsch-LDL8-Personenkonstellation2.jpg 1024w, https:\/\/www.rwg-bayreuth.de\/home\/wp-content\/uploads\/2021\/07\/20-21-Deutsch-LDL8-Personenkonstellation2-450x319.jpg 450w, https:\/\/www.rwg-bayreuth.de\/home\/wp-content\/uploads\/2021\/07\/20-21-Deutsch-LDL8-Personenkonstellation2-768x544.jpg 768w, https:\/\/www.rwg-bayreuth.de\/home\/wp-content\/uploads\/2021\/07\/20-21-Deutsch-LDL8-Personenkonstellation2-250x177.jpg 250w\" sizes=\"(max-width: 900px) 100vw, 900px\" \/><span><\/span><\/a><\/div><\/div><\/div><script id=\"su_image_carousel_69f1a1c197051_script\">if(window.SUImageCarousel){setTimeout(function() {window.SUImageCarousel.initGallery(document.getElementById(\"su_image_carousel_69f1a1c197051\"))}, 0);}var su_image_carousel_69f1a1c197051_script=document.getElementById(\"su_image_carousel_69f1a1c197051_script\");if(su_image_carousel_69f1a1c197051_script){su_image_carousel_69f1a1c197051_script.parentNode.removeChild(su_image_carousel_69f1a1c197051_script);}<\/script>\n<p>Innovative Aufgaben, wie das Erstellen eines Facebook-Profils von Faust und Margarete oder aber die \u00dcbertragung von Dialogpassagen in moderne Jungendsprache, fanden innerhalb der kreativen Gestaltung der individuellen Portfolios ebenso ihren Platz\u2026<\/p>\n<div class=\"su-image-carousel  su-image-carousel-has-spacing su-image-carousel-crop su-image-carousel-crop-2-3 su-image-carousel-has-lightbox su-image-carousel-has-outline su-image-carousel-adaptive su-image-carousel-slides-style-minimal su-image-carousel-controls-style-light su-image-carousel-align-center\" style=\"max-width:450px\" data-flickity-options='{\"groupCells\":true,\"cellSelector\":\".su-image-carousel-item\",\"adaptiveHeight\":false,\"cellAlign\":\"left\",\"prevNextButtons\":true,\"pageDots\":false,\"autoPlay\":4000,\"imagesLoaded\":true,\"contain\":true,\"selectedAttraction\":0.025000000000000001,\"friction\":0.28000000000000003}' id=\"su_image_carousel_69f1a1c1974a2\"><div class=\"su-image-carousel-item\"><div class=\"su-image-carousel-item-content\"><a href=\"https:\/\/www.rwg-bayreuth.de\/home\/wp-content\/uploads\/2021\/07\/20-21-Deutsch-LDL8-FB-Faust.jpg\" data-caption=\"\"><img loading=\"lazy\" decoding=\"async\" width=\"725\" height=\"1024\" src=\"https:\/\/www.rwg-bayreuth.de\/home\/wp-content\/uploads\/2021\/07\/20-21-Deutsch-LDL8-FB-Faust.jpg\" class=\"\" alt=\"\" srcset=\"https:\/\/www.rwg-bayreuth.de\/home\/wp-content\/uploads\/2021\/07\/20-21-Deutsch-LDL8-FB-Faust.jpg 725w, https:\/\/www.rwg-bayreuth.de\/home\/wp-content\/uploads\/2021\/07\/20-21-Deutsch-LDL8-FB-Faust-319x450.jpg 319w, https:\/\/www.rwg-bayreuth.de\/home\/wp-content\/uploads\/2021\/07\/20-21-Deutsch-LDL8-FB-Faust-250x353.jpg 250w\" sizes=\"(max-width: 725px) 100vw, 725px\" \/><span><\/span><\/a><\/div><\/div><div class=\"su-image-carousel-item\"><div class=\"su-image-carousel-item-content\"><a href=\"https:\/\/www.rwg-bayreuth.de\/home\/wp-content\/uploads\/2021\/07\/20-21-Deutsch-LDL8-FB-Faust-2.jpg\" data-caption=\"\"><img loading=\"lazy\" decoding=\"async\" width=\"725\" height=\"1024\" src=\"https:\/\/www.rwg-bayreuth.de\/home\/wp-content\/uploads\/2021\/07\/20-21-Deutsch-LDL8-FB-Faust-2.jpg\" class=\"\" alt=\"\" srcset=\"https:\/\/www.rwg-bayreuth.de\/home\/wp-content\/uploads\/2021\/07\/20-21-Deutsch-LDL8-FB-Faust-2.jpg 725w, https:\/\/www.rwg-bayreuth.de\/home\/wp-content\/uploads\/2021\/07\/20-21-Deutsch-LDL8-FB-Faust-2-319x450.jpg 319w, https:\/\/www.rwg-bayreuth.de\/home\/wp-content\/uploads\/2021\/07\/20-21-Deutsch-LDL8-FB-Faust-2-250x353.jpg 250w\" sizes=\"(max-width: 725px) 100vw, 725px\" \/><span><\/span><\/a><\/div><\/div><div class=\"su-image-carousel-item\"><div class=\"su-image-carousel-item-content\"><a href=\"https:\/\/www.rwg-bayreuth.de\/home\/wp-content\/uploads\/2021\/07\/20-21-Deutsch-LDL8-FB_Margarete.jpg\" data-caption=\"\"><img loading=\"lazy\" decoding=\"async\" width=\"725\" height=\"1024\" src=\"https:\/\/www.rwg-bayreuth.de\/home\/wp-content\/uploads\/2021\/07\/20-21-Deutsch-LDL8-FB_Margarete.jpg\" class=\"\" alt=\"\" srcset=\"https:\/\/www.rwg-bayreuth.de\/home\/wp-content\/uploads\/2021\/07\/20-21-Deutsch-LDL8-FB_Margarete.jpg 725w, https:\/\/www.rwg-bayreuth.de\/home\/wp-content\/uploads\/2021\/07\/20-21-Deutsch-LDL8-FB_Margarete-319x450.jpg 319w, https:\/\/www.rwg-bayreuth.de\/home\/wp-content\/uploads\/2021\/07\/20-21-Deutsch-LDL8-FB_Margarete-250x353.jpg 250w\" sizes=\"(max-width: 725px) 100vw, 725px\" \/><span><\/span><\/a><\/div><\/div><div class=\"su-image-carousel-item\"><div class=\"su-image-carousel-item-content\"><a href=\"https:\/\/www.rwg-bayreuth.de\/home\/wp-content\/uploads\/2021\/07\/20-21-Deutsch-LDL8-FB-Margarete-2.jpg\" data-caption=\"\"><img loading=\"lazy\" decoding=\"async\" width=\"725\" height=\"1024\" src=\"https:\/\/www.rwg-bayreuth.de\/home\/wp-content\/uploads\/2021\/07\/20-21-Deutsch-LDL8-FB-Margarete-2.jpg\" class=\"\" alt=\"\" srcset=\"https:\/\/www.rwg-bayreuth.de\/home\/wp-content\/uploads\/2021\/07\/20-21-Deutsch-LDL8-FB-Margarete-2.jpg 725w, https:\/\/www.rwg-bayreuth.de\/home\/wp-content\/uploads\/2021\/07\/20-21-Deutsch-LDL8-FB-Margarete-2-319x450.jpg 319w, https:\/\/www.rwg-bayreuth.de\/home\/wp-content\/uploads\/2021\/07\/20-21-Deutsch-LDL8-FB-Margarete-2-250x353.jpg 250w\" sizes=\"(max-width: 725px) 100vw, 725px\" \/><span><\/span><\/a><\/div><\/div><div class=\"su-image-carousel-item\"><div class=\"su-image-carousel-item-content\"><a href=\"https:\/\/www.rwg-bayreuth.de\/home\/wp-content\/uploads\/2021\/07\/20-21-Deutsch-LDL8-social-media-Gretchen3.jpg\" data-caption=\"\"><img loading=\"lazy\" decoding=\"async\" width=\"725\" height=\"1024\" src=\"https:\/\/www.rwg-bayreuth.de\/home\/wp-content\/uploads\/2021\/07\/20-21-Deutsch-LDL8-social-media-Gretchen3.jpg\" class=\"\" alt=\"\" srcset=\"https:\/\/www.rwg-bayreuth.de\/home\/wp-content\/uploads\/2021\/07\/20-21-Deutsch-LDL8-social-media-Gretchen3.jpg 725w, https:\/\/www.rwg-bayreuth.de\/home\/wp-content\/uploads\/2021\/07\/20-21-Deutsch-LDL8-social-media-Gretchen3-319x450.jpg 319w, https:\/\/www.rwg-bayreuth.de\/home\/wp-content\/uploads\/2021\/07\/20-21-Deutsch-LDL8-social-media-Gretchen3-250x353.jpg 250w\" sizes=\"(max-width: 725px) 100vw, 725px\" \/><span><\/span><\/a><\/div><\/div><\/div><script id=\"su_image_carousel_69f1a1c1974a2_script\">if(window.SUImageCarousel){setTimeout(function() {window.SUImageCarousel.initGallery(document.getElementById(\"su_image_carousel_69f1a1c1974a2\"))}, 0);}var su_image_carousel_69f1a1c1974a2_script=document.getElementById(\"su_image_carousel_69f1a1c1974a2_script\");if(su_image_carousel_69f1a1c1974a2_script){su_image_carousel_69f1a1c1974a2_script.parentNode.removeChild(su_image_carousel_69f1a1c1974a2_script);}<\/script>\n<p><a href=\"https:\/\/www.rwg-bayreuth.de\/home\/wp-content\/uploads\/2021\/07\/20-21-Deutsch-LDL8-Szene-Jugendsprache.jpg\"><img loading=\"lazy\" decoding=\"async\" src=\"https:\/\/www.rwg-bayreuth.de\/home\/wp-content\/uploads\/2021\/07\/20-21-Deutsch-LDL8-Szene-Jugendsprache-319x450.jpg\" alt=\"\" width=\"319\" height=\"450\" class=\"aligncenter size-medium wp-image-29127\" srcset=\"https:\/\/www.rwg-bayreuth.de\/home\/wp-content\/uploads\/2021\/07\/20-21-Deutsch-LDL8-Szene-Jugendsprache-319x450.jpg 319w, https:\/\/www.rwg-bayreuth.de\/home\/wp-content\/uploads\/2021\/07\/20-21-Deutsch-LDL8-Szene-Jugendsprache-250x353.jpg 250w, https:\/\/www.rwg-bayreuth.de\/home\/wp-content\/uploads\/2021\/07\/20-21-Deutsch-LDL8-Szene-Jugendsprache.jpg 725w\" sizes=\"(max-width: 319px) 100vw, 319px\" \/><\/a><\/p>\n<p>Schlie\u00dflich definiert sich ein Portfolio als eine Sammlung von selbst verfassten und gestalteten Materialien zu einem bestimmten Thema. Ziel ist es, die eigenen Arbeitsphasen und die Ergebnisse der Besch\u00e4ftigung mit dem Thema zu dokumentieren, zu reflektieren und zu bewerten.<\/p>\n<p>Alle selbst verfassten Texte wurden (teils mehrfach) von Mitsch\u00fcler(inne)n und der Lehrerin korrigiert und \u00fcberarbeitet, sodass auch ein individueller Entwicklungsprozess in jedem einzelnen Arbeitsprozess gut ablesbar wurde.<\/p>\n<p>Als Ergebnis entstand ein prall gef\u00fcllter, h\u00fcbsch und detailliert sowie in jedem einzelnen Fall besonders speziell gestalteter Ordner, in dem am Ende alle erarbeiteten Materialien zur Lekt\u00fcre enthalten sind &#8211; ein ideales \u201eWerkst\u00fcck\u201c, das sich nat\u00fcrlich nicht zuletzt auch gut f\u00fcr die Vorbereitung auf die Abiturpr\u00fcfung im kommenden Jahr eignet!<\/p>\n<p><em>S. Track \/ C. Heberle (und der Deutschkurs 1d2)<\/em><\/p>\n","protected":false},"excerpt":{"rendered":"<p>oder: Nach dem (aktuellen) Abitur 2021 ist vor dem n\u00e4chsten Abitur\u2026 Im achten Teil unserer Reihe \u201aLernen [d]trotz Lockdown\u2018 stellen wir ein Projekt vor, das im Unterricht der 11. Jahrgangsstufe w\u00e4hrend des Distanzunterrichts durchgef\u00fchrt wurde: Johann Wolfgang von Goethes \u201eFaust\u201c \u2013 der Klassiker schlechthin, mit dem sich schon Generationen von Sch\u00fcler(inne)n am Gymnasium befasst haben!&hellip;<\/p>\n","protected":false},"author":11,"featured_media":29136,"comment_status":"closed","ping_status":"closed","sticky":false,"template":"","format":"standard","meta":{"footnotes":""},"categories":[1],"tags":[59,51,131],"_links":{"self":[{"href":"https:\/\/www.rwg-bayreuth.de\/home\/index.php?rest_route=\/wp\/v2\/posts\/29123"}],"collection":[{"href":"https:\/\/www.rwg-bayreuth.de\/home\/index.php?rest_route=\/wp\/v2\/posts"}],"about":[{"href":"https:\/\/www.rwg-bayreuth.de\/home\/index.php?rest_route=\/wp\/v2\/types\/post"}],"author":[{"embeddable":true,"href":"https:\/\/www.rwg-bayreuth.de\/home\/index.php?rest_route=\/wp\/v2\/users\/11"}],"replies":[{"embeddable":true,"href":"https:\/\/www.rwg-bayreuth.de\/home\/index.php?rest_route=%2Fwp%2Fv2%2Fcomments&post=29123"}],"version-history":[{"count":5,"href":"https:\/\/www.rwg-bayreuth.de\/home\/index.php?rest_route=\/wp\/v2\/posts\/29123\/revisions"}],"predecessor-version":[{"id":29314,"href":"https:\/\/www.rwg-bayreuth.de\/home\/index.php?rest_route=\/wp\/v2\/posts\/29123\/revisions\/29314"}],"wp:featuredmedia":[{"embeddable":true,"href":"https:\/\/www.rwg-bayreuth.de\/home\/index.php?rest_route=\/wp\/v2\/media\/29136"}],"wp:attachment":[{"href":"https:\/\/www.rwg-bayreuth.de\/home\/index.php?rest_route=%2Fwp%2Fv2%2Fmedia&parent=29123"}],"wp:term":[{"taxonomy":"category","embeddable":true,"href":"https:\/\/www.rwg-bayreuth.de\/home\/index.php?rest_route=%2Fwp%2Fv2%2Fcategories&post=29123"},{"taxonomy":"post_tag","embeddable":true,"href":"https:\/\/www.rwg-bayreuth.de\/home\/index.php?rest_route=%2Fwp%2Fv2%2Ftags&post=29123"}],"curies":[{"name":"wp","href":"https:\/\/api.w.org\/{rel}","templated":true}]}}