{"id":29099,"date":"2021-06-23T18:40:22","date_gmt":"2021-06-23T16:40:22","guid":{"rendered":"http:\/\/www.rwg-bayreuth.de\/home\/?p=29099"},"modified":"2021-06-24T18:42:18","modified_gmt":"2021-06-24T16:42:18","slug":"mit-viel-fantasie-und-farbe-gewonnen","status":"publish","type":"post","link":"https:\/\/www.rwg-bayreuth.de\/home\/?p=29099","title":{"rendered":"Mit viel Fantasie und Farbe gewonnen"},"content":{"rendered":"<p><a href=\"https:\/\/www.rwg-bayreuth.de\/home\/wp-content\/uploads\/2021\/06\/20-21-Siegerehrung-Felicia-Heyer-21.6.21.jpg\"><img loading=\"lazy\" decoding=\"async\" src=\"https:\/\/www.rwg-bayreuth.de\/home\/wp-content\/uploads\/2021\/06\/20-21-Siegerehrung-Felicia-Heyer-21.6.21-450x300.jpg\" alt=\"\" width=\"450\" height=\"300\" class=\"aligncenter size-medium wp-image-29101\" srcset=\"https:\/\/www.rwg-bayreuth.de\/home\/wp-content\/uploads\/2021\/06\/20-21-Siegerehrung-Felicia-Heyer-21.6.21-450x300.jpg 450w, https:\/\/www.rwg-bayreuth.de\/home\/wp-content\/uploads\/2021\/06\/20-21-Siegerehrung-Felicia-Heyer-21.6.21-768x512.jpg 768w, https:\/\/www.rwg-bayreuth.de\/home\/wp-content\/uploads\/2021\/06\/20-21-Siegerehrung-Felicia-Heyer-21.6.21-250x167.jpg 250w, https:\/\/www.rwg-bayreuth.de\/home\/wp-content\/uploads\/2021\/06\/20-21-Siegerehrung-Felicia-Heyer-21.6.21-900x600.jpg 900w, https:\/\/www.rwg-bayreuth.de\/home\/wp-content\/uploads\/2021\/06\/20-21-Siegerehrung-Felicia-Heyer-21.6.21.jpg 1024w\" sizes=\"(max-width: 450px) 100vw, 450px\" \/><\/a><\/p>\n<p>Am vergangenen Montag durfte Frau Graf der Sch\u00fclerin Felicia Heyer aus der Klasse 6c eine Urkunde f\u00fcr ihren Sieg beim 68. Europ\u00e4ischen Wettbewerb 2021 \u00fcberreichen.<\/p>\n<p><a href=\"https:\/\/www.rwg-bayreuth.de\/home\/wp-content\/uploads\/2021\/06\/20-21-Felicia-Heyer-6c-Wettbewerb-Europa-2021-Gewinnerbild-einzige-Gewinnerin-dieses-Jahr.jpg\"><img loading=\"lazy\" decoding=\"async\" src=\"https:\/\/www.rwg-bayreuth.de\/home\/wp-content\/uploads\/2021\/06\/20-21-Felicia-Heyer-6c-Wettbewerb-Europa-2021-Gewinnerbild-einzige-Gewinnerin-dieses-Jahr-450x337.jpg\" alt=\"\" width=\"450\" height=\"337\" class=\"alignright size-medium wp-image-29100\" srcset=\"https:\/\/www.rwg-bayreuth.de\/home\/wp-content\/uploads\/2021\/06\/20-21-Felicia-Heyer-6c-Wettbewerb-Europa-2021-Gewinnerbild-einzige-Gewinnerin-dieses-Jahr-450x337.jpg 450w, https:\/\/www.rwg-bayreuth.de\/home\/wp-content\/uploads\/2021\/06\/20-21-Felicia-Heyer-6c-Wettbewerb-Europa-2021-Gewinnerbild-einzige-Gewinnerin-dieses-Jahr-250x187.jpg 250w, https:\/\/www.rwg-bayreuth.de\/home\/wp-content\/uploads\/2021\/06\/20-21-Felicia-Heyer-6c-Wettbewerb-Europa-2021-Gewinnerbild-einzige-Gewinnerin-dieses-Jahr.jpg 748w\" sizes=\"(max-width: 450px) 100vw, 450px\" \/><\/a>Felicia hat sich, wie viele andere ihrer Mit&shy;sch\u00fcle&shy;rInnen aus den Jahr&shy;gangs&shy;stufen 5 und 6, auf die Spuren der Fantasie&shy;welt des Herrn Baron von M\u00fcnch&shy;hausen begeben und ihn auf einem bunten Pferd durch die Wolken schweben lassen. Diese Idee muss die Jury \u00fcberzeugt haben, so dass sie nicht nur den Bayerischen Landespreis erhalten hat, sondern sogar mit einer Weiterleitung auf Bundesebene und einem kleinen Geldpreis belohnt wurde. Von ihrer Kunstlehrerin Frau Gerdes, die sich \u00fcber Felicias intensive Arbeit im vom Homeshooling gepr\u00e4gten Coronajahr ebenso sehr gefreut hat, erhielt sie ein P\u00e4ckchen mit kreativen Materialien. Wir hoffen, dass sich in der Zukunft wieder viele kreative Sch\u00fclerInnen finden, um an den inspirierenden Themenstellungen der Europ\u00e4ischen Bewegung des Bundes teilzunehmen. Ein kleiner Hinweis: im kommenden Jahr geht es dann um das Thema \u201eNachhaltigkeit\u201c im 69. Jahr des Europ\u00e4ischen Wettbewerbs, dessen Themenstellungen im August bereits im Internet zu sehen sein werden. <\/p>\n<p>A. Gerdes<\/p>\n","protected":false},"excerpt":{"rendered":"<p>Am vergangenen Montag durfte Frau Graf der Sch\u00fclerin Felicia Heyer aus der Klasse 6c eine Urkunde f\u00fcr ihren Sieg beim 68. Europ\u00e4ischen Wettbewerb 2021 \u00fcberreichen. Felicia hat sich, wie viele andere ihrer Mit&shy;sch\u00fcle&shy;rInnen aus den Jahr&shy;gangs&shy;stufen 5 und 6, auf die Spuren der Fantasie&shy;welt des Herrn Baron von M\u00fcnch&shy;hausen begeben und ihn auf einem bunten&hellip;<\/p>\n","protected":false},"author":11,"featured_media":29101,"comment_status":"closed","ping_status":"closed","sticky":false,"template":"","format":"standard","meta":{"footnotes":""},"categories":[1],"tags":[51,41,71],"_links":{"self":[{"href":"https:\/\/www.rwg-bayreuth.de\/home\/index.php?rest_route=\/wp\/v2\/posts\/29099"}],"collection":[{"href":"https:\/\/www.rwg-bayreuth.de\/home\/index.php?rest_route=\/wp\/v2\/posts"}],"about":[{"href":"https:\/\/www.rwg-bayreuth.de\/home\/index.php?rest_route=\/wp\/v2\/types\/post"}],"author":[{"embeddable":true,"href":"https:\/\/www.rwg-bayreuth.de\/home\/index.php?rest_route=\/wp\/v2\/users\/11"}],"replies":[{"embeddable":true,"href":"https:\/\/www.rwg-bayreuth.de\/home\/index.php?rest_route=%2Fwp%2Fv2%2Fcomments&post=29099"}],"version-history":[{"count":2,"href":"https:\/\/www.rwg-bayreuth.de\/home\/index.php?rest_route=\/wp\/v2\/posts\/29099\/revisions"}],"predecessor-version":[{"id":29103,"href":"https:\/\/www.rwg-bayreuth.de\/home\/index.php?rest_route=\/wp\/v2\/posts\/29099\/revisions\/29103"}],"wp:featuredmedia":[{"embeddable":true,"href":"https:\/\/www.rwg-bayreuth.de\/home\/index.php?rest_route=\/wp\/v2\/media\/29101"}],"wp:attachment":[{"href":"https:\/\/www.rwg-bayreuth.de\/home\/index.php?rest_route=%2Fwp%2Fv2%2Fmedia&parent=29099"}],"wp:term":[{"taxonomy":"category","embeddable":true,"href":"https:\/\/www.rwg-bayreuth.de\/home\/index.php?rest_route=%2Fwp%2Fv2%2Fcategories&post=29099"},{"taxonomy":"post_tag","embeddable":true,"href":"https:\/\/www.rwg-bayreuth.de\/home\/index.php?rest_route=%2Fwp%2Fv2%2Ftags&post=29099"}],"curies":[{"name":"wp","href":"https:\/\/api.w.org\/{rel}","templated":true}]}}