{"id":29086,"date":"2021-06-09T10:01:43","date_gmt":"2021-06-09T08:01:43","guid":{"rendered":"http:\/\/www.rwg-bayreuth.de\/home\/?p=29086"},"modified":"2022-12-31T17:59:20","modified_gmt":"2022-12-31T16:59:20","slug":"das-cafe-pi-ist-zurueck","status":"publish","type":"post","link":"https:\/\/www.rwg-bayreuth.de\/home\/?p=29086","title":{"rendered":"Das Caf\u00e9 \u03c0 startet mit neuem Team"},"content":{"rendered":"<p><a href=\"https:\/\/www.rwg-bayreuth.de\/home\/wp-content\/uploads\/2021\/06\/Cafe-Pi-Team2021.jpg\"><img loading=\"lazy\" decoding=\"async\" src=\"https:\/\/www.rwg-bayreuth.de\/home\/wp-content\/uploads\/2021\/06\/Cafe-Pi-Team2021-450x300.jpg\" alt=\"\" width=\"450\" height=\"300\" class=\"aligncenter size-medium wp-image-29087\" srcset=\"https:\/\/www.rwg-bayreuth.de\/home\/wp-content\/uploads\/2021\/06\/Cafe-Pi-Team2021-450x300.jpg 450w, https:\/\/www.rwg-bayreuth.de\/home\/wp-content\/uploads\/2021\/06\/Cafe-Pi-Team2021-768x512.jpg 768w, https:\/\/www.rwg-bayreuth.de\/home\/wp-content\/uploads\/2021\/06\/Cafe-Pi-Team2021-250x167.jpg 250w, https:\/\/www.rwg-bayreuth.de\/home\/wp-content\/uploads\/2021\/06\/Cafe-Pi-Team2021-900x600.jpg 900w, https:\/\/www.rwg-bayreuth.de\/home\/wp-content\/uploads\/2021\/06\/Cafe-Pi-Team2021.jpg 1024w\" sizes=\"(max-width: 450px) 100vw, 450px\" \/><\/a><\/p>\n<p>Am 21.06.21 ist die Wiederer\u00f6ffnung des Caf\u00e9 \u03c0. Bevor wir zu den genaueren Informationen kommen, noch einige grundlegende Sachen zum Caf\u00e9 und zu uns. Wir sind ein acht-k\u00f6pfiges Team von Sch\u00fclerinnen aus der Q11, die zusammen mit Frau Wei\u00df, Hilfe im Fach Mathematik anbieten. Wir empfangen zu bestimmten Zeiten (siehe unten) Sch\u00fclerinnen und Sch\u00fcler der 5ten und 6ten Klassen, die Unterst\u00fctzung bei Hausaufgaben brauchen oder L\u00fccken aus dem Distanzunterricht schlie\u00dfen wollen. Wegen der aktuellen gesundheitlichen Situation, wird es vorerst keinen Verkauf von Essen und Getr\u00e4nken geben und auch das vorherrschende Hygienekonzept bleibt weiterhin bestehen.<\/p>\n<p>Die \u00d6ffnungszeiten sind zudem, wie folgt festgelegt:<br \/>\n<strong>Montag: 12.45 &#8211; 13:30, Mittwoch: 13:00 &#8211; 13:45 und Donnerstag: 12:45 &#8211; 13:30. <\/strong><br \/>\nZu diesen Zeiten befinden sich immer zwei bis drei Sch\u00fclerinnen unseres Teams im Caf\u00e9 \u03c0 (Raum 217) und betreuen die Sch\u00fcler.<\/p>\n<p>Nun gibt es einige Neuheiten zur Kontaktaufnahme mit uns. Zum einen wird ein NextCloudTalk-Chat erstellt in den die Sch\u00fcler, wenn sie m\u00f6chten, hinzugef\u00fcgt werden k\u00f6nnen. Zum anderen wird von uns ein Briefkasten an die Eingangst\u00fcr des Caf\u00e9s angebracht. Die beiden Kontaktm\u00f6glichkeiten dienen dazu, dass uns Themengebiete, in denen Schwierigkeiten vorliegen mitgeteilt werden und wir uns optimal darauf vorbereiten k\u00f6nnen. Zudem halten wir stets Kontakt zu den Mathelehrern\/-innen der Sch\u00fcler, sodass wir immerzu einen \u00dcberblick bewahren k\u00f6nnen. <\/p>\n<p>Wir freuen uns auf einen erfolgreichen Caf\u00e9betrieb nach den Pfingstferien!<\/p>\n<p>Liebe Gr\u00fc\u00dfe,<br \/>\nDas Caf\u00e9 \u03c0 mit Melissa, Jennifer, Pia, Isabella, Ann-Kathrin, Celine, Louisa, Anastasia und Frau Wei\u00df <\/p>\n","protected":false},"excerpt":{"rendered":"<p>Am 21.06.21 ist die Wiederer\u00f6ffnung des Caf\u00e9 \u03c0. Bevor wir zu den genaueren Informationen kommen, noch einige grundlegende Sachen zum Caf\u00e9 und zu uns. Wir sind ein acht-k\u00f6pfiges Team von Sch\u00fclerinnen aus der Q11, die zusammen mit Frau Wei\u00df, Hilfe im Fach Mathematik anbieten. Wir empfangen zu bestimmten Zeiten (siehe unten) Sch\u00fclerinnen und Sch\u00fcler der&hellip;<\/p>\n","protected":false},"author":11,"featured_media":29087,"comment_status":"closed","ping_status":"closed","sticky":false,"template":"","format":"standard","meta":{"footnotes":""},"categories":[1],"tags":[99,51,70,96,64],"_links":{"self":[{"href":"https:\/\/www.rwg-bayreuth.de\/home\/index.php?rest_route=\/wp\/v2\/posts\/29086"}],"collection":[{"href":"https:\/\/www.rwg-bayreuth.de\/home\/index.php?rest_route=\/wp\/v2\/posts"}],"about":[{"href":"https:\/\/www.rwg-bayreuth.de\/home\/index.php?rest_route=\/wp\/v2\/types\/post"}],"author":[{"embeddable":true,"href":"https:\/\/www.rwg-bayreuth.de\/home\/index.php?rest_route=\/wp\/v2\/users\/11"}],"replies":[{"embeddable":true,"href":"https:\/\/www.rwg-bayreuth.de\/home\/index.php?rest_route=%2Fwp%2Fv2%2Fcomments&post=29086"}],"version-history":[{"count":3,"href":"https:\/\/www.rwg-bayreuth.de\/home\/index.php?rest_route=\/wp\/v2\/posts\/29086\/revisions"}],"predecessor-version":[{"id":33050,"href":"https:\/\/www.rwg-bayreuth.de\/home\/index.php?rest_route=\/wp\/v2\/posts\/29086\/revisions\/33050"}],"wp:featuredmedia":[{"embeddable":true,"href":"https:\/\/www.rwg-bayreuth.de\/home\/index.php?rest_route=\/wp\/v2\/media\/29087"}],"wp:attachment":[{"href":"https:\/\/www.rwg-bayreuth.de\/home\/index.php?rest_route=%2Fwp%2Fv2%2Fmedia&parent=29086"}],"wp:term":[{"taxonomy":"category","embeddable":true,"href":"https:\/\/www.rwg-bayreuth.de\/home\/index.php?rest_route=%2Fwp%2Fv2%2Fcategories&post=29086"},{"taxonomy":"post_tag","embeddable":true,"href":"https:\/\/www.rwg-bayreuth.de\/home\/index.php?rest_route=%2Fwp%2Fv2%2Ftags&post=29086"}],"curies":[{"name":"wp","href":"https:\/\/api.w.org\/{rel}","templated":true}]}}