{"id":2892,"date":"2013-12-08T22:54:46","date_gmt":"2013-12-08T21:54:46","guid":{"rendered":"http:\/\/www.rwg-bayreuth.de\/home\/?p=2892"},"modified":"2013-12-08T23:11:10","modified_gmt":"2013-12-08T22:11:10","slug":"viele-preistraeger-bei-der-jugendehrung-der-stadt-bayreuth","status":"publish","type":"post","link":"https:\/\/www.rwg-bayreuth.de\/home\/?p=2892","title":{"rendered":"Viele Preistr\u00e4ger bei der Jugendehrung der Stadt Bayreuth"},"content":{"rendered":"<p><!--[caption id=\"attachment_2894\" align=\"alignleft\" width=\"400\"]<a href=\"https:\/\/www.rwg-bayreuth.de\/home\/wp-content\/uploads\/2013\/12\/jugendehrung_web.jpg\"><img loading=\"lazy\" decoding=\"async\" src=\"https:\/\/www.rwg-bayreuth.de\/home\/wp-content\/uploads\/2013\/12\/jugendehrung_web.jpg\" alt=\"171 Preistr\u00e4ger gab es bei der Jugendehrung, viele davon vom RWG. Foto: Nordbayerischer Kurier\" width=\"400\" height=\"225\" class=\"size-full wp-image-2894\" srcset=\"https:\/\/www.rwg-bayreuth.de\/home\/wp-content\/uploads\/2013\/12\/jugendehrung_web.jpg 400w, https:\/\/www.rwg-bayreuth.de\/home\/wp-content\/uploads\/2013\/12\/jugendehrung_web-150x84.jpg 150w, https:\/\/www.rwg-bayreuth.de\/home\/wp-content\/uploads\/2013\/12\/jugendehrung_web-300x168.jpg 300w, https:\/\/www.rwg-bayreuth.de\/home\/wp-content\/uploads\/2013\/12\/jugendehrung_web-250x141.jpg 250w\" sizes=\"(max-width: 400px) 100vw, 400px\" \/><\/a> 171 Preistr\u00e4ger gab es bei der Jugendehrung, viele davon vom RWG. \n<em>Foto: Nordbayerischer Kurier<\/em>[\/caption]-->Eine ganz au\u00dfergew\u00f6hnliche Anzahl von Sch\u00fclerinnen und Sch\u00fclern des RWG wurden bei der Jugendehrung der Stadt Bayreuth ausgezeichnet.<\/p>\n<p>Geehrt wurden die hiesigen ersten und zweiten Preistr\u00e4ger von Bundes-, Landes- und Regionalwettbewerben aus dem laufenden Jahr 2012\/2013. 65 Sch\u00fclerinnen und Sch\u00fcler unserer Schule wurden f\u00fcr Ihre Erfolge im Bereich der Mathematik, dem Sport, dem Sch\u00fclerverkehr und f\u00fcr den Sch\u00fclerwettbewerb \u201eDa steckt Wagner drin\u201c von der Oberb\u00fcrgermeisterin mit einer Urkunde und zwei Kinogutscheinen f\u00fcr ihren Einsatz belohnt. Auch die Eltern und Lehrer der jungen Menschen erhielten ein gro\u00dfes Lob, weil sie die Kinder auch bei kleineren Misserfolgen positiv motivieren konnten, und sie ebenso mittels Fahrdiensten unterst\u00fctzten, so dass diese ihre gesteckten Ziele erreichen konnten.<\/p>\n<p>Wir freuen uns \u00fcber die Erfolge unserer Sch\u00fcler aus dem Bereich Mathematik, bei dem unsere Sch\u00fcler im internationalen \u201eK\u00e4nguruwettbewerb\u201c mit weltweit \u00fcber 6 Mio Teilnehmern auf Bundesebene hervorragende Pl\u00e4tze belegten. Erste Preise bekamen Jordan G\u00f6tz (6d) und Johannes Leutzsch (6c). zweite Sieger wurden Leonie F\u00e4rber (6a), Anna Meier (6a) und Clara Weidekamm (6b). Den dritten Platz belegten Jonas Adler (7c), Sergej Kondratiev (6c), LaurinWey (7b) und Niklas Zimmer (7e). <\/p>\n<p>Auf dem Gebiet des Sports k\u00f6nnen wir zwei ganz herausragende Leistungen melden. Annika Keil (8b) belegte den ersten Platz im Bayerischen Sch\u00fclercup 2012\/13 in der Nordischen Kombination und den zweiten Platz im Bayerischen Sch\u00fclercup 2012\/13 im Skispringen. Alicia Rei\u00dfenberger (10b) wurde Deutsche Jugendmeisterin im Sommerbiathlon 2013.<\/p>\n<p>Eine besondere Ehrung im \u201eSch\u00fclerverkehrswettbewerb 2012\u201c der Jugendverkehrsschule der Polizei Bayreuth erhielt einer unserer jungen Sch\u00fcler: David Skubb erlangte den 1. Platz.<\/p>\n<p>Der ganz besondere Erfolg f\u00fcr unsere Schule lie\u00df die Anzahl der Sch\u00fcler auf der Podiumsb\u00fchne dann zum Schluss der Veranstaltung gewaltig ansteigen. Der erste Platz f\u00fcr das Team des RWGs, die ein Puppentheaterst\u00fcck vorbereitet und mehrfach aufgef\u00fchrt hatten, beruhte auf der Zusammenarbeit von Sch\u00fclern und Lehrern, mit deren Hilfe ein Drehbuch verfasst wurde, Proben und Dialogregie einstudiert wurden und die den Bau und die k\u00fcnstlerische Gestaltung des B\u00fchnenbildes vollbrachten. Die Kost\u00fcme wurden geschneidert, Theaterpuppen gefertigt und die Organisation mit dem Transport, Aufbau, Beleuchtung, Ton und Projektion f\u00fchrte dann im Endeffekt zu vier Auff\u00fchrungen, die im Richard-Wagner Gymnasium und in der Musikschule Bayreuth stattfanden. Die CDs der Auff\u00fchrung werden mittlerweile im Musikunterricht einer Bayreuther Grundschule vorgef\u00fchrt, und ein Ausschnitt des Theaterst\u00fcckes war auch am vergangenen Freitag beim Adventsfest zu sehen. Wir gratulieren Kaitlyn Schumann, Meike Kratzer, Annika S\u00f6llmann, , Anna Schmidt, Julia Sandner, Beate Guthmann (alle Q11), Tamara Eisenbl\u00e4tter (Q12), Eva Leonhardt, Samantha Reinhold, Julia Timpel, Nicole Reimer, Ramona Wendel, Marlene Sch\u00f6rner, Kim Fischer, Michael Huster (alle 10 c), Hannah Ziegler, Franziska Nelle, Maxi Krei\u00dfig, Fabienne Wei\u00df, Alina Herold, Antonia Debevc, Annika Ney, Annika Keller, Rebecca Gimmel, (alle 8d), Lisa Schmidtchen, Hanna Feger, Skurte Mustafa, RakjaNasrati, Amelie Salzborn, Manuela Polewka, Celine Schirmer, Harun Horasan, Simon Wolf, Jannis Wachs, Felix Adler ( alle 8b), Sena Isik, Karina Kimel, Naomi K\u00f6hler, Alina Kuhnt, Maja Lowak, Nathalie Ritter, Mira Semertzidis, Angelika Huber; Angela Huber( 8a), Konstanze Gleich, Vivien Kadar, Christian Merkel, Lisa Pranschke (8c), Daniel Reimann (6d), Maike Wiesel (7b), Sebastian Schuler (7b), Anna Kraus (9a) und Torben Gerdes (10d).<\/p>\n<p>Die Leiterin der Schreib AG, deren Drehbuch letztlich den Ausschlag f\u00fcr den Gewinn des Wettbewerbes gab, wurde nicht mehr geehrt. Die Abiturientin Isabelle Sp\u00e4th (damals Q12) studiert mittlerweile. Dennoch m\u00f6chten wir Isabelle f\u00fcr ihr gro\u00dfes Engagement und die entscheidenden inhaltlichen Impulse zum B\u00fchnenst\u00fcck an dieser Stelle noch einmal herzlich danken. <\/p>\n<p>Herzliche Gl\u00fcckw\u00fcnsche an alle Preistr\u00e4ger. Ihr Engangement soll Vorbild und Aufforderung an alle sein, es ihnen gleichzutun. (Anne Gerdes)<\/p>\n","protected":false},"excerpt":{"rendered":"<p>Eine ganz au\u00dfergew\u00f6hnliche Anzahl von Sch\u00fclerinnen und Sch\u00fclern des RWG wurden bei der Jugendehrung der Stadt Bayreuth ausgezeichnet. Geehrt wurden die hiesigen ersten und zweiten Preistr\u00e4ger von Bundes-, Landes- und Regionalwettbewerben aus dem laufenden Jahr 2012\/2013. 65 Sch\u00fclerinnen und Sch\u00fcler unserer Schule wurden f\u00fcr Ihre Erfolge im Bereich der Mathematik, dem Sport, dem Sch\u00fclerverkehr und&hellip;<\/p>\n","protected":false},"author":2,"featured_media":0,"comment_status":"closed","ping_status":"closed","sticky":false,"template":"","format":"standard","meta":{"footnotes":""},"categories":[1],"tags":[],"_links":{"self":[{"href":"https:\/\/www.rwg-bayreuth.de\/home\/index.php?rest_route=\/wp\/v2\/posts\/2892"}],"collection":[{"href":"https:\/\/www.rwg-bayreuth.de\/home\/index.php?rest_route=\/wp\/v2\/posts"}],"about":[{"href":"https:\/\/www.rwg-bayreuth.de\/home\/index.php?rest_route=\/wp\/v2\/types\/post"}],"author":[{"embeddable":true,"href":"https:\/\/www.rwg-bayreuth.de\/home\/index.php?rest_route=\/wp\/v2\/users\/2"}],"replies":[{"embeddable":true,"href":"https:\/\/www.rwg-bayreuth.de\/home\/index.php?rest_route=%2Fwp%2Fv2%2Fcomments&post=2892"}],"version-history":[{"count":6,"href":"https:\/\/www.rwg-bayreuth.de\/home\/index.php?rest_route=\/wp\/v2\/posts\/2892\/revisions"}],"predecessor-version":[{"id":2899,"href":"https:\/\/www.rwg-bayreuth.de\/home\/index.php?rest_route=\/wp\/v2\/posts\/2892\/revisions\/2899"}],"wp:attachment":[{"href":"https:\/\/www.rwg-bayreuth.de\/home\/index.php?rest_route=%2Fwp%2Fv2%2Fmedia&parent=2892"}],"wp:term":[{"taxonomy":"category","embeddable":true,"href":"https:\/\/www.rwg-bayreuth.de\/home\/index.php?rest_route=%2Fwp%2Fv2%2Fcategories&post=2892"},{"taxonomy":"post_tag","embeddable":true,"href":"https:\/\/www.rwg-bayreuth.de\/home\/index.php?rest_route=%2Fwp%2Fv2%2Ftags&post=2892"}],"curies":[{"name":"wp","href":"https:\/\/api.w.org\/{rel}","templated":true}]}}