{"id":28830,"date":"2021-04-20T14:08:53","date_gmt":"2021-04-20T12:08:53","guid":{"rendered":"http:\/\/www.rwg-bayreuth.de\/home\/?p=28830"},"modified":"2021-04-20T19:06:44","modified_gmt":"2021-04-20T17:06:44","slug":"in-memoriam-horst-anclam","status":"publish","type":"post","link":"https:\/\/www.rwg-bayreuth.de\/home\/?p=28830","title":{"rendered":"In memoriam Horst Anclam"},"content":{"rendered":"<style>\nh2, h4, h6 { hyphens: none;}\n<\/style>\n<div style=\"background-color: black; margin-bottom: 4px\">&nbsp;<\/div>\n<div style=\"text-align: center; background-color: #ddd;padding: 30px 10px;\">\n<h4>Wir verabschieden uns in dankbarer Erinnerung von unserem langj\u00e4hrigen Schulleiter<\/h4>\n<p><h2>Horst Anclam<\/h2>\n<\/p>\n<p><img loading=\"lazy\" decoding=\"async\" src=\"https:\/\/www.rwg-bayreuth.de\/home\/wp-content\/uploads\/2017\/01\/2011_Anclam.jpg\" alt=\"\" width=\"450\" height=\"299\" class=\"size-full wp-image-13177\" srcset=\"https:\/\/www.rwg-bayreuth.de\/home\/wp-content\/uploads\/2017\/01\/2011_Anclam.jpg 450w, https:\/\/www.rwg-bayreuth.de\/home\/wp-content\/uploads\/2017\/01\/2011_Anclam-150x100.jpg 150w, https:\/\/www.rwg-bayreuth.de\/home\/wp-content\/uploads\/2017\/01\/2011_Anclam-300x199.jpg 300w, https:\/\/www.rwg-bayreuth.de\/home\/wp-content\/uploads\/2017\/01\/2011_Anclam-250x166.jpg 250w\" sizes=\"(max-width: 450px) 100vw, 450px\" \/><\/p>\n<h4>*&nbsp;01.04.1947&nbsp;&nbsp;&nbsp;&nbsp;&nbsp;&dagger;&nbsp;07.04.2021<\/h4>\n<p><!--01.04.1947 \u2013 07.04.2021--><br \/>\nVon 2001 an f\u00fchrte er das Richard-Wagner-Gymnasium elf Jahre lang menschlich, offen, souver\u00e4n und humorvoll. Wir behalten ihn in Erinnerung als einen Chef, der allen Mitgliedern der Schulfamilie mit Respekt und Vertrauen gegen\u00fcbertrat. Als \u201eKapit\u00e4n\u201c entwickelte er seine Schule erfolgreich weiter. Sein Kurs hat zu nachhaltigen Ver\u00e4nderungen gef\u00fchrt, die das RWG bis heute pr\u00e4gen.<\/p>\n<h6>Schulleitung, Kollegium und Verwaltung des<br \/>\nRichard-Wagner-Gymnasiums<\/h6>\n<h6>Elternbeirat und Verein der Freunde des Richard-Wagner-Gymnasiums<\/h6>\n<p>&nbsp;<\/p>\n<\/div>\n<div style=\"background-color: black; margin-top: 4px\"> &nbsp; <\/div>\n<p>&nbsp;<\/p>\n<p>&nbsp;<\/p>\n<p>&nbsp;<\/p>\n","protected":false},"excerpt":{"rendered":"<h6>Wir verabschieden uns in dankbarer Erinnerung von unserem langj\u00e4hrigen Schulleiter<\/h6>\n<h4>Horst Anclam<\/h4>\n<h6>*&nbsp;01.04.1947&nbsp;&nbsp;&nbsp;&nbsp;&nbsp;&dagger;&nbsp;07.04.2021<\/h6>\n","protected":false},"author":11,"featured_media":13177,"comment_status":"closed","ping_status":"closed","sticky":false,"template":"","format":"standard","meta":{"footnotes":""},"categories":[1],"tags":[51],"_links":{"self":[{"href":"https:\/\/www.rwg-bayreuth.de\/home\/index.php?rest_route=\/wp\/v2\/posts\/28830"}],"collection":[{"href":"https:\/\/www.rwg-bayreuth.de\/home\/index.php?rest_route=\/wp\/v2\/posts"}],"about":[{"href":"https:\/\/www.rwg-bayreuth.de\/home\/index.php?rest_route=\/wp\/v2\/types\/post"}],"author":[{"embeddable":true,"href":"https:\/\/www.rwg-bayreuth.de\/home\/index.php?rest_route=\/wp\/v2\/users\/11"}],"replies":[{"embeddable":true,"href":"https:\/\/www.rwg-bayreuth.de\/home\/index.php?rest_route=%2Fwp%2Fv2%2Fcomments&post=28830"}],"version-history":[{"count":27,"href":"https:\/\/www.rwg-bayreuth.de\/home\/index.php?rest_route=\/wp\/v2\/posts\/28830\/revisions"}],"predecessor-version":[{"id":28857,"href":"https:\/\/www.rwg-bayreuth.de\/home\/index.php?rest_route=\/wp\/v2\/posts\/28830\/revisions\/28857"}],"wp:featuredmedia":[{"embeddable":true,"href":"https:\/\/www.rwg-bayreuth.de\/home\/index.php?rest_route=\/wp\/v2\/media\/13177"}],"wp:attachment":[{"href":"https:\/\/www.rwg-bayreuth.de\/home\/index.php?rest_route=%2Fwp%2Fv2%2Fmedia&parent=28830"}],"wp:term":[{"taxonomy":"category","embeddable":true,"href":"https:\/\/www.rwg-bayreuth.de\/home\/index.php?rest_route=%2Fwp%2Fv2%2Fcategories&post=28830"},{"taxonomy":"post_tag","embeddable":true,"href":"https:\/\/www.rwg-bayreuth.de\/home\/index.php?rest_route=%2Fwp%2Fv2%2Ftags&post=28830"}],"curies":[{"name":"wp","href":"https:\/\/api.w.org\/{rel}","templated":true}]}}