{"id":28776,"date":"2021-04-15T08:51:52","date_gmt":"2021-04-15T06:51:52","guid":{"rendered":"http:\/\/www.rwg-bayreuth.de\/home\/?p=28776"},"modified":"2022-10-29T16:46:45","modified_gmt":"2022-10-29T14:46:45","slug":"ldl-teil-6-abiturvorbereitung-in-corona-zeiten","status":"publish","type":"post","link":"https:\/\/www.rwg-bayreuth.de\/home\/?p=28776","title":{"rendered":"&#8218;LdL&#8216; &#8211; Teil 6: Abiturvorbereitung in Corona-Zeiten&hellip;"},"content":{"rendered":"<p><a href=\"https:\/\/www.rwg-bayreuth.de\/home\/wp-content\/uploads\/2021\/04\/20-21-Deutsch-LdL-Abitur.jpg\"><img loading=\"lazy\" decoding=\"async\" src=\"https:\/\/www.rwg-bayreuth.de\/home\/wp-content\/uploads\/2021\/04\/20-21-Deutsch-LdL-Abitur-450x300.jpg\" alt=\"\" width=\"450\" height=\"300\" class=\"aligncenter size-medium wp-image-28783\" srcset=\"https:\/\/www.rwg-bayreuth.de\/home\/wp-content\/uploads\/2021\/04\/20-21-Deutsch-LdL-Abitur-450x300.jpg 450w, https:\/\/www.rwg-bayreuth.de\/home\/wp-content\/uploads\/2021\/04\/20-21-Deutsch-LdL-Abitur-768x512.jpg 768w, https:\/\/www.rwg-bayreuth.de\/home\/wp-content\/uploads\/2021\/04\/20-21-Deutsch-LdL-Abitur-250x167.jpg 250w, https:\/\/www.rwg-bayreuth.de\/home\/wp-content\/uploads\/2021\/04\/20-21-Deutsch-LdL-Abitur-900x600.jpg 900w, https:\/\/www.rwg-bayreuth.de\/home\/wp-content\/uploads\/2021\/04\/20-21-Deutsch-LdL-Abitur.jpg 1024w\" sizes=\"(max-width: 450px) 100vw, 450px\" \/><\/a><\/p>\n<p>Der sechste Teil unserer Reihe \u201aLernen <del>[d]<\/del>trotz Lockdown\u2018 ist unseren Oberstufensch\u00fcler(inne)n der Q12 gewidmet, die sich \u00fcber die Osterferien sicherlich auch im Fach Deutsch mit der einen oder anderen Aufgabenstellung der vergangenen Abiture besch\u00e4ftigt haben \u2013 doch was ist anders in Zeiten der Corona-Pandemie, die jeder ganz individuell verschieden erlebt zuhause und in seinem privaten Umfeld? Und: K\u00f6nnen diese Erfahrungen einen Stellenwert haben im Umgang mit der Beurteilung von (literarischen) Texten, wie sie im Deutsch-Abitur gefordert sind?<br \/>\nIch denke: ja, durchaus! <\/p>\n<p>Blickt man n\u00e4mlich auf die bunte Palette an Pr\u00fcfungsaufgaben der vergangenen Jahre, so f\u00e4llt doch zumindest eines auf: Seit jeher befassen sich nicht nur literarische, sondern auch pragmatische Texte mit Grundfragen und \u2013\u00e4ngsten des Menschen: Es ist \u2013 damals wie auch besonders gerade in der derzeitigen wirtschaftlichen (Schief)lage \u2013 von <strong>existentieller Verunsicherung die Rede\u2026<\/strong> (Abi 2016, Aufgabe I, b)-Frage)<\/p>\n<p>Das <strong>Gef\u00fchl der Einsamkeit und Isolation des Einzelnen<\/strong> wird zum Thema gemacht in (literarischen) Texten \u2013 wenn auch aus je unterschiedlichen Gr\u00fcnden \u2013, ist jedoch ebenso greifbar im allt\u00e4glichen Erleben des Einzelnen w\u00e4hrend der Phase des Lockdowns:<br \/>\nHier kann also keinesfalls von einer \u201eWonne der Einsamkeit\u201c die Rede sein wie im Gedicht von Ludwig Tieck (Abi 2019, Aufgabe I)!<\/p>\n<p>Konfrontiert sieht man sich in Zeiten w\u00e4hrend der Corona-Pandemie leider oft auch mit dem <strong>Thema \u201eAbschied\u201c<\/strong>, wie es etwa im Gedicht \u201eStapfen\u201c von C.F. Meyer zum Ausdruck gebracht wird:<\/p>\n<div style=\"text-align: center; \">\n<div style=\"margin-left: auto; margin-right: auto;text-align: left; display: inline-block;\">\n<p>(\u2026) Du schrittest auf dem Bord,<br \/>\nVon deiner Reise sprechend. Eine noch,<br \/>\nDie l\u00e4ngre, folge drauf, so sagtest du.<br \/>\nDann scherzten wir, der nahen Trennung klug<br \/>\nDas Angesicht verh\u00fcllend, und du schiedst,<br \/>\nDort wo der First sich \u00fcber den Ulmen hebt.<br \/>\nIch ging denselben Pfad gemach zur\u00fcck,<br \/>\nLeis schwelgend noch in deiner Lieblichkeit,<br \/>\nIn deiner wilden Scheu, und wohlgemut<br \/>\nVertrauend auf ein baldig Wiedersehen.<br \/>\n(\u2026)<br \/>\nDa \u00fcberschlich mich eine Traurigkeit:<br \/>\nFast unter meinem Blick verwischten sich<br \/>\nDie Spuren deines letzten Gangs mit mir. <\/br>&nbsp;<\/p>\n<\/div>\n<\/div>\n<p>Was sich in den obigen Verszeilen nur angedeutet findet, l\u00e4sst auf den schmerzlichen Verlust einer dem lyrischen Ich nahestehenden Person schlie\u00dfen (von welcher der Sprecher in dem Gedicht sich verabschieden musste \u2013 etwa um f\u00fcr immer von diesem geliebten Menschen getrennt zu sein?)<br \/>\nDer Eindruck des Abschieds wird dabei intensiviert sowohl durch die Natursymbolik (die Ulme verk\u00f6rpert dabei seit der Antike Tod und Trauer) als auch durch wiederkehrende Motivik (Reise, Gang, Stapfen als Fu\u00dfabdr\u00fccke, die ein Mensch in seinem Leben hinterlassen hat \u2013 auch in der Erinnerung seiner Mitmenschen und Freunde).<\/p>\n<p>Stets sehr pr\u00e4sent in Texten wie aktuell im \u201arealen Leben\u2018 ist zudem die <strong>Bedeutung der Freundschaft<\/strong>; wie und wo kann bzw. darf man sich noch mit wie vielen Personen gleichzeitig treffen?<br \/>\nMehr denn je stellt sich diese Frage w\u00e4hrend der derzeitigen Ausgangsbeschr\u00e4nkungen vielerorts mit geschlossenen Kneipen, eingeschr\u00e4nkter Gastronomie, Verzicht auf den Besuch kultureller St\u00e4tten, die ein geselliges Leben erlauben w\u00fcrden\u2026hier l\u00e4sst sich sicherlich vieles er\u00f6rtern, wenn man bedenkt, dass die Gespr\u00e4chskultur sich derzeit \u2013 notgedrungen! \u2013 ver\u00e4ndert hat in Zeiten des Lockdowns: Freunde treffen via FaceTime, Videokonferenz und Co. hat auf einmal einen ganz anderen Stellenwert bekommen\u2026<\/p>\n<p>Andererseits \u2013 k\u00f6nnen wir nicht auch die Zeit, in der das \u00f6ffentliche Leben \u201aheruntergefahren\u2018 scheint, f\u00fcr uns selbst uns unsere Familie nutzen? So finden sich schlie\u00dflich Eltern und Kinder in der im Trubel des Alltags fast schon vergessenen Spielerunde zusammen, es wird am Wohnzimmertisch gew\u00fcrfelt, ger\u00e4tselt, gequizzt und taktiert, was das Zeug h\u00e4lt\u2026<\/p>\n<p>Endlich entdeckt der Lesefreund auch wieder einmal ein spannendes Buch zur gen\u00fcsslichen Lekt\u00fcre f\u00fcr sich, es wird ganz bewusst innegehalten, man konzentriert sich ganz in Ruhe auf (s)ein neues liebgewonnenes Hobby \u2013 und pl\u00f6tzlich wird uns allen dabei bewusst, dass wir dem <strong>Nichtstun<\/strong> auch so seinen Reiz abgewinnen k\u00f6nnen (vgl. Abi 2012: Thema V in der Variante der Er\u00f6rterung bzw. des Essays zum Thema <strong>\u201aMu\u00dfe\u2018<\/strong>)!<\/p>\n<p>Eine beliebte Freizeitbesch\u00e4ftigung der Menschen, die w\u00e4hrend der Zeit des Lockdowns zu beobachten ist, stellt das Spazierengehen dar: Selbst wenn die Umgebung dabei nicht immer gleich \u201aromantisch\u2018 wie bei Eichendorff sein muss, die Natur hilft uns dennoch ein ums andere Mal \u00fcber den teils trostlos wirkenden Jetzt-Zustand der eigenen Situation hinweg und gibt (zumindest leise) Hoffnung auf baldige Besserung der Lage \u2013 noch dazu im bevorstehenden Fr\u00fchling! <\/p>\n<p>Und so mag manch einer gedankenversunken seinen <strong>Zukunftspl\u00e4nen<\/strong>, nachh\u00e4ngen \u2013 etwa f\u00fcr die n\u00e4chsten Ferien\u2026nicht selten wird dabei \u2013 durchaus mit einer gewissen Sehnsucht! \u2013 wohl v.a. in letzter Zeit neben der allgemeinen Erholung an das derzeit beschr\u00e4nkt umsetzbare <strong>Reisen<\/strong> gedacht (vgl. \u201eDas Motiv des Reisens in der Literatur der Romantik\u201c \u2013 Abi 2017: materialgest\u00fctztes Verfassen eines informierenden Textes).<\/p>\n<p>Liebe Q12ler, f\u00fcr eure nahe Zukunft w\u00fcnschen wir euch an dieser Stelle bereits viel Erfolg! Ihr seid gut vorbereitet und werdet daher dementsprechend ger\u00fcstet in die Abiturpr\u00fcfungen gehen k\u00f6nnen \u2013<br \/>\nund wer sich noch einmal einen \u00dcberblick verschaffen m\u00f6chte, findet hier eine Aufstellung der Textauswahl  aus den Abiturpr\u00fcfungen Deutsch der letzten Jahre:<br \/>\n<a href=\"https:\/\/www.isb.bayern.de\/download\/22969\/texte_in_den_bayerischen_abiturpruefungen_seit_2011_stand_juni_2020.pdf\" rel=\"noopener noreferrer\" target=\"_blank\">https:\/\/www.isb.bayern.de\/download\/22969\/texte_in_den_bayerischen_abiturpruefungen_seit_2011_stand_juni_2020.pdf<\/a><\/p>\n<p><em>S. Track <\/em><\/p>\n","protected":false},"excerpt":{"rendered":"<p>Der sechste Teil unserer Reihe \u201aLernen [d]trotz Lockdown\u2018 ist unseren Oberstufensch\u00fcler(inne)n der Q12 gewidmet, die sich \u00fcber die Osterferien sicherlich auch im Fach Deutsch mit der einen oder anderen Aufgabenstellung der vergangenen Abiture besch\u00e4ftigt haben \u2013 doch was ist anders in Zeiten der Corona-Pandemie, die jeder ganz individuell verschieden erlebt zuhause und in seinem privaten&hellip;<\/p>\n","protected":false},"author":11,"featured_media":28783,"comment_status":"closed","ping_status":"closed","sticky":false,"template":"","format":"standard","meta":{"footnotes":""},"categories":[1],"tags":[59,51,131],"_links":{"self":[{"href":"https:\/\/www.rwg-bayreuth.de\/home\/index.php?rest_route=\/wp\/v2\/posts\/28776"}],"collection":[{"href":"https:\/\/www.rwg-bayreuth.de\/home\/index.php?rest_route=\/wp\/v2\/posts"}],"about":[{"href":"https:\/\/www.rwg-bayreuth.de\/home\/index.php?rest_route=\/wp\/v2\/types\/post"}],"author":[{"embeddable":true,"href":"https:\/\/www.rwg-bayreuth.de\/home\/index.php?rest_route=\/wp\/v2\/users\/11"}],"replies":[{"embeddable":true,"href":"https:\/\/www.rwg-bayreuth.de\/home\/index.php?rest_route=%2Fwp%2Fv2%2Fcomments&post=28776"}],"version-history":[{"count":11,"href":"https:\/\/www.rwg-bayreuth.de\/home\/index.php?rest_route=\/wp\/v2\/posts\/28776\/revisions"}],"predecessor-version":[{"id":32130,"href":"https:\/\/www.rwg-bayreuth.de\/home\/index.php?rest_route=\/wp\/v2\/posts\/28776\/revisions\/32130"}],"wp:featuredmedia":[{"embeddable":true,"href":"https:\/\/www.rwg-bayreuth.de\/home\/index.php?rest_route=\/wp\/v2\/media\/28783"}],"wp:attachment":[{"href":"https:\/\/www.rwg-bayreuth.de\/home\/index.php?rest_route=%2Fwp%2Fv2%2Fmedia&parent=28776"}],"wp:term":[{"taxonomy":"category","embeddable":true,"href":"https:\/\/www.rwg-bayreuth.de\/home\/index.php?rest_route=%2Fwp%2Fv2%2Fcategories&post=28776"},{"taxonomy":"post_tag","embeddable":true,"href":"https:\/\/www.rwg-bayreuth.de\/home\/index.php?rest_route=%2Fwp%2Fv2%2Ftags&post=28776"}],"curies":[{"name":"wp","href":"https:\/\/api.w.org\/{rel}","templated":true}]}}