{"id":28654,"date":"2021-03-29T16:00:47","date_gmt":"2021-03-29T14:00:47","guid":{"rendered":"http:\/\/www.rwg-bayreuth.de\/home\/?p=28654"},"modified":"2022-10-29T16:47:48","modified_gmt":"2022-10-29T14:47:48","slug":"osteraktion-2021","status":"publish","type":"post","link":"https:\/\/www.rwg-bayreuth.de\/home\/?p=28654","title":{"rendered":"Osteraktion 2021"},"content":{"rendered":"<h1>Gewinner<\/h1>\n<div class=\"su-row\"><div class=\"su-column su-column-size-1-3\"><div class=\"su-column-inner su-u-clearfix su-u-trim\">\n<h3>1. Platz<\/h3>\n<p><a href=\"https:\/\/www.rwg-bayreuth.de\/home\/wp-content\/uploads\/2021\/03\/20-21-SMV-Osteraktion-Osterfruehstueck-1-Celina-Krapp.jpg\"><img loading=\"lazy\" decoding=\"async\" src=\"https:\/\/www.rwg-bayreuth.de\/home\/wp-content\/uploads\/2021\/03\/20-21-SMV-Osteraktion-Osterfruehstueck-1-Celina-Krapp-450x338.jpg\" alt=\"\" width=\"450\" height=\"338\" class=\"aligncenter size-medium wp-image-28744\" srcset=\"https:\/\/www.rwg-bayreuth.de\/home\/wp-content\/uploads\/2021\/03\/20-21-SMV-Osteraktion-Osterfruehstueck-1-Celina-Krapp-450x338.jpg 450w, https:\/\/www.rwg-bayreuth.de\/home\/wp-content\/uploads\/2021\/03\/20-21-SMV-Osteraktion-Osterfruehstueck-1-Celina-Krapp-768x576.jpg 768w, https:\/\/www.rwg-bayreuth.de\/home\/wp-content\/uploads\/2021\/03\/20-21-SMV-Osteraktion-Osterfruehstueck-1-Celina-Krapp-250x188.jpg 250w, https:\/\/www.rwg-bayreuth.de\/home\/wp-content\/uploads\/2021\/03\/20-21-SMV-Osteraktion-Osterfruehstueck-1-Celina-Krapp.jpg 1024w\" sizes=\"(max-width: 450px) 100vw, 450px\" \/><\/a><\/p>\n<p class=\"clear\">Celina Krapp<\/p>\n<\/div><\/div>\n<div class=\"su-column su-column-size-1-3\"><div class=\"su-column-inner su-u-clearfix su-u-trim\">\n<h3>2. Platz<\/h3>\n<p><a href=\"https:\/\/www.rwg-bayreuth.de\/home\/wp-content\/uploads\/2021\/03\/20-21-SMV-Osteraktion-Osterfruehstueck-2-Maja-Kolb.jpg\"><img loading=\"lazy\" decoding=\"async\" src=\"https:\/\/www.rwg-bayreuth.de\/home\/wp-content\/uploads\/2021\/03\/20-21-SMV-Osteraktion-Osterfruehstueck-2-Maja-Kolb-450x329.jpg\" alt=\"\" width=\"450\" height=\"329\" class=\"aligncenter size-medium wp-image-28742\" srcset=\"https:\/\/www.rwg-bayreuth.de\/home\/wp-content\/uploads\/2021\/03\/20-21-SMV-Osteraktion-Osterfruehstueck-2-Maja-Kolb-450x329.jpg 450w, https:\/\/www.rwg-bayreuth.de\/home\/wp-content\/uploads\/2021\/03\/20-21-SMV-Osteraktion-Osterfruehstueck-2-Maja-Kolb-768x561.jpg 768w, https:\/\/www.rwg-bayreuth.de\/home\/wp-content\/uploads\/2021\/03\/20-21-SMV-Osteraktion-Osterfruehstueck-2-Maja-Kolb-250x183.jpg 250w, https:\/\/www.rwg-bayreuth.de\/home\/wp-content\/uploads\/2021\/03\/20-21-SMV-Osteraktion-Osterfruehstueck-2-Maja-Kolb.jpg 1024w\" sizes=\"(max-width: 450px) 100vw, 450px\" \/><\/a><\/p>\n<p class=\"clear\">Maja Kolb<\/p>\n<\/div><\/div>\n<div class=\"su-column su-column-size-1-3\"><div class=\"su-column-inner su-u-clearfix su-u-trim\">\n<h3>3. Platz<\/h3>\n<p><a href=\"https:\/\/www.rwg-bayreuth.de\/home\/wp-content\/uploads\/2021\/03\/20-21-SMV-Osteraktion-Osterfruehstueck-3-Swantje-Rueschen.jpg\"><img loading=\"lazy\" decoding=\"async\" src=\"https:\/\/www.rwg-bayreuth.de\/home\/wp-content\/uploads\/2021\/03\/20-21-SMV-Osteraktion-Osterfruehstueck-3-Swantje-Rueschen-338x450.jpg\" alt=\"\" width=\"338\" height=\"450\" class=\"aligncenter size-medium wp-image-28743\" srcset=\"https:\/\/www.rwg-bayreuth.de\/home\/wp-content\/uploads\/2021\/03\/20-21-SMV-Osteraktion-Osterfruehstueck-3-Swantje-Rueschen-338x450.jpg 338w, https:\/\/www.rwg-bayreuth.de\/home\/wp-content\/uploads\/2021\/03\/20-21-SMV-Osteraktion-Osterfruehstueck-3-Swantje-Rueschen-250x333.jpg 250w, https:\/\/www.rwg-bayreuth.de\/home\/wp-content\/uploads\/2021\/03\/20-21-SMV-Osteraktion-Osterfruehstueck-3-Swantje-Rueschen.jpg 768w\" sizes=\"(max-width: 338px) 100vw, 338px\" \/><\/a><\/p>\n<p class=\"clear\">Swantje R\u00fcschen<\/p>\n<\/div><\/div><\/div>\n<h2>Weitere Osterbilder<\/h2>\n<div class=\"su-image-carousel  su-image-carousel-columns-3 su-image-carousel-has-spacing su-image-carousel-crop su-image-carousel-crop-1-1 su-image-carousel-has-lightbox su-image-carousel-has-outline su-image-carousel-adaptive su-image-carousel-slides-style-minimal su-image-carousel-controls-style-light su-image-carousel-align-center\" style=\"max-width:950px\" data-flickity-options='{\"groupCells\":true,\"cellSelector\":\".su-image-carousel-item\",\"adaptiveHeight\":false,\"cellAlign\":\"left\",\"prevNextButtons\":true,\"pageDots\":false,\"autoPlay\":4000,\"imagesLoaded\":true,\"contain\":true,\"selectedAttraction\":0.025000000000000001,\"friction\":0.28000000000000003}' id=\"su_image_carousel_69f19fd5b84c8\"><div class=\"su-image-carousel-item\"><div class=\"su-image-carousel-item-content\"><a href=\"https:\/\/www.rwg-bayreuth.de\/home\/wp-content\/uploads\/2021\/03\/20-21-SMV-Osteraktion-Oster-Dekoration-1.jpg\" data-caption=\"\"><img loading=\"lazy\" decoding=\"async\" width=\"900\" height=\"675\" src=\"https:\/\/www.rwg-bayreuth.de\/home\/wp-content\/uploads\/2021\/03\/20-21-SMV-Osteraktion-Oster-Dekoration-1.jpg\" class=\"\" alt=\"\" srcset=\"https:\/\/www.rwg-bayreuth.de\/home\/wp-content\/uploads\/2021\/03\/20-21-SMV-Osteraktion-Oster-Dekoration-1.jpg 1024w, https:\/\/www.rwg-bayreuth.de\/home\/wp-content\/uploads\/2021\/03\/20-21-SMV-Osteraktion-Oster-Dekoration-1-450x338.jpg 450w, https:\/\/www.rwg-bayreuth.de\/home\/wp-content\/uploads\/2021\/03\/20-21-SMV-Osteraktion-Oster-Dekoration-1-768x576.jpg 768w, https:\/\/www.rwg-bayreuth.de\/home\/wp-content\/uploads\/2021\/03\/20-21-SMV-Osteraktion-Oster-Dekoration-1-250x188.jpg 250w\" sizes=\"(max-width: 900px) 100vw, 900px\" \/><\/a><\/div><\/div><div class=\"su-image-carousel-item\"><div class=\"su-image-carousel-item-content\"><a href=\"https:\/\/www.rwg-bayreuth.de\/home\/wp-content\/uploads\/2021\/03\/20-21-SMV-Osteraktion-Oster-Dekoration-2.jpg\" data-caption=\"\"><img loading=\"lazy\" decoding=\"async\" width=\"730\" height=\"1024\" src=\"https:\/\/www.rwg-bayreuth.de\/home\/wp-content\/uploads\/2021\/03\/20-21-SMV-Osteraktion-Oster-Dekoration-2.jpg\" class=\"\" alt=\"\" srcset=\"https:\/\/www.rwg-bayreuth.de\/home\/wp-content\/uploads\/2021\/03\/20-21-SMV-Osteraktion-Oster-Dekoration-2.jpg 730w, https:\/\/www.rwg-bayreuth.de\/home\/wp-content\/uploads\/2021\/03\/20-21-SMV-Osteraktion-Oster-Dekoration-2-321x450.jpg 321w, https:\/\/www.rwg-bayreuth.de\/home\/wp-content\/uploads\/2021\/03\/20-21-SMV-Osteraktion-Oster-Dekoration-2-250x351.jpg 250w\" sizes=\"(max-width: 730px) 100vw, 730px\" \/><\/a><\/div><\/div><div class=\"su-image-carousel-item\"><div class=\"su-image-carousel-item-content\"><a href=\"https:\/\/www.rwg-bayreuth.de\/home\/wp-content\/uploads\/2021\/03\/20-21-SMV-Osteraktion-Oster-Dekoration-3.jpg\" data-caption=\"\"><img loading=\"lazy\" decoding=\"async\" width=\"768\" height=\"1024\" src=\"https:\/\/www.rwg-bayreuth.de\/home\/wp-content\/uploads\/2021\/03\/20-21-SMV-Osteraktion-Oster-Dekoration-3.jpg\" class=\"\" alt=\"\" srcset=\"https:\/\/www.rwg-bayreuth.de\/home\/wp-content\/uploads\/2021\/03\/20-21-SMV-Osteraktion-Oster-Dekoration-3.jpg 768w, https:\/\/www.rwg-bayreuth.de\/home\/wp-content\/uploads\/2021\/03\/20-21-SMV-Osteraktion-Oster-Dekoration-3-338x450.jpg 338w, https:\/\/www.rwg-bayreuth.de\/home\/wp-content\/uploads\/2021\/03\/20-21-SMV-Osteraktion-Oster-Dekoration-3-250x333.jpg 250w\" sizes=\"(max-width: 768px) 100vw, 768px\" \/><\/a><\/div><\/div><div class=\"su-image-carousel-item\"><div class=\"su-image-carousel-item-content\"><a href=\"https:\/\/www.rwg-bayreuth.de\/home\/wp-content\/uploads\/2021\/03\/20-21-SMV-Osteraktion-Oster-Dekoration-4.jpg\" data-caption=\"\"><img loading=\"lazy\" decoding=\"async\" width=\"768\" height=\"1024\" src=\"https:\/\/www.rwg-bayreuth.de\/home\/wp-content\/uploads\/2021\/03\/20-21-SMV-Osteraktion-Oster-Dekoration-4.jpg\" class=\"\" alt=\"\" srcset=\"https:\/\/www.rwg-bayreuth.de\/home\/wp-content\/uploads\/2021\/03\/20-21-SMV-Osteraktion-Oster-Dekoration-4.jpg 768w, https:\/\/www.rwg-bayreuth.de\/home\/wp-content\/uploads\/2021\/03\/20-21-SMV-Osteraktion-Oster-Dekoration-4-338x450.jpg 338w, https:\/\/www.rwg-bayreuth.de\/home\/wp-content\/uploads\/2021\/03\/20-21-SMV-Osteraktion-Oster-Dekoration-4-250x333.jpg 250w\" sizes=\"(max-width: 768px) 100vw, 768px\" \/><\/a><\/div><\/div><div class=\"su-image-carousel-item\"><div class=\"su-image-carousel-item-content\"><a href=\"https:\/\/www.rwg-bayreuth.de\/home\/wp-content\/uploads\/2021\/03\/20-21-SMV-Osteraktion-Osterlamm.jpg\" data-caption=\"\"><img loading=\"lazy\" decoding=\"async\" width=\"900\" height=\"675\" src=\"https:\/\/www.rwg-bayreuth.de\/home\/wp-content\/uploads\/2021\/03\/20-21-SMV-Osteraktion-Osterlamm.jpg\" class=\"\" alt=\"\" srcset=\"https:\/\/www.rwg-bayreuth.de\/home\/wp-content\/uploads\/2021\/03\/20-21-SMV-Osteraktion-Osterlamm.jpg 1024w, https:\/\/www.rwg-bayreuth.de\/home\/wp-content\/uploads\/2021\/03\/20-21-SMV-Osteraktion-Osterlamm-450x338.jpg 450w, https:\/\/www.rwg-bayreuth.de\/home\/wp-content\/uploads\/2021\/03\/20-21-SMV-Osteraktion-Osterlamm-768x576.jpg 768w, https:\/\/www.rwg-bayreuth.de\/home\/wp-content\/uploads\/2021\/03\/20-21-SMV-Osteraktion-Osterlamm-250x188.jpg 250w\" sizes=\"(max-width: 900px) 100vw, 900px\" \/><\/a><\/div><\/div><\/div><script id=\"su_image_carousel_69f19fd5b84c8_script\">if(window.SUImageCarousel){setTimeout(function() {window.SUImageCarousel.initGallery(document.getElementById(\"su_image_carousel_69f19fd5b84c8\"))}, 0);}var su_image_carousel_69f19fd5b84c8_script=document.getElementById(\"su_image_carousel_69f19fd5b84c8_script\");if(su_image_carousel_69f19fd5b84c8_script){su_image_carousel_69f19fd5b84c8_script.parentNode.removeChild(su_image_carousel_69f19fd5b84c8_script);}<\/script>\n<p>&nbsp;<\/p>\n<h1>Aktion<\/h1>\n<div class=\"sue-section sue-section-parallax\" data-url=\"\" data-target=\"self\" style=\"margin:0px 0px 0px 0px;border-top:0px solid #cccccc;border-bottom:0px solid #cccccc\"><div class=\"sue-section-background\" style=\"background-color:#ffffff;background-position:center center;background-size:cover;background-image:url(&#039;https:\/\/www.rwg-bayreuth.de\/home\/wp-content\/uploads\/2021\/03\/20-21-Ostereier.jpg&#039;);\"><\/div><div class=\"sue-section-content su-u-trim\" style=\"padding:100px 30px 100px 30px;max-width:1600px;text-align:left;color:#ffffff;text-shadow:0px 1px 10px #2a2a2a\">\n<p><span style=\"font-size: 1.2em; font-weight: bold\">Liebe Mitglieder der Schulfamilie,<\/span><\/p>\n<p><span style=\"font-size: 1.2em; font-weight: bold\">die Osterzeit naht und somit haben wir, die Aktionsgruppe der SMV, gedacht, es w\u00e4re eine gute Zeit f\u00fcr eine weitere Aktion!\u00a0Wir wollen m\u00f6glichst viele Ostereindr\u00fccke von euch sammeln.<\/span><\/p>\n<\/div><\/div>\n<p><!--[su_section image=\"https:\/\/www.rwg-bayreuth.de\/home\/wp-content\/uploads\/2021\/03\/20-21-Ostereierjpg.jpg\" background_position=\"center center\" cover=\"yes\" max_width=\"100%\" padding=\"100px 30px 100px 30px\" border=\"none\" text_shadow=\"0px 1px 10px #ffffff\" target=\"self\"]\n\n<strong>Liebe Mitglieder der Schulfamilie,<\/strong>\n\n<strong>die Osterzeit naht und somit haben wir, die Aktionsgruppe der SMV, gedacht, es w\u00e4re eine gute Zeit f\u00fcr eine weitere Aktion!\u00a0Wir wollen m\u00f6glichst viele Ostereindr\u00fccke von euch sammeln.<\/strong>\n[\/su_section]\n--><br \/>\n&nbsp;<\/p>\n<p class=\"ohne\">Um daran teilzunehmen, k\u00f6nnt ihr ein Bild von allen Dingen, die mit dem Osterfest zu tun haben, an uns schicken. Das k\u00f6nnen\u2026<\/p>\n<ul class=\"ohne\">\n<li>verschiedene Basteleien<\/li>\n<li>ein Bild von gef\u00e4rbten oder angemalten Ostereiern<\/li>\n<li>ein dekoriertes Osternest<\/li>\n<li>oder etwas Gebackenes wie ein Osterlamm oder Hefezopf<\/li>\n<\/ul>\n<p>\u2026sein.<\/p>\n<p>Anbei findet ihr eine Sammlung von m\u00f6glichen Rezeptvorschl\u00e4gen und Bastelideen, die euch eine Inspiration geben k\u00f6nnen.<\/p>\n<p>Au\u00dferdem wird es einen Wettbewerb geben.<\/p>\n<h3>So geht die Teilnahme:<\/h3>\n<ul>\n<li>Gebt ein Bild von eurem Fr\u00fchst\u00fcckstisch an Ostern ab.<\/li>\n<li>Gewinner*in wird die Person, die das sch\u00f6nste Osterfr\u00fchst\u00fcck vorbereitet.<\/li>\n<li>Selbstverst\u00e4ndlich wird es auch Preise geben, also lohnt es sich auf jeden Fall mitzumachen!<\/li>\n<\/ul>\n<h3>So geht die Abgabe:<\/h3>\n<ol>\n<li>Schickt euer Bilder an die E-Mail-Adresse: <a href=\"mailto:claire.d.schmidt@gmail.com\">claire.d.schmidt@gmail.com<\/a><\/li>\n<li>Die Abgabefrist geht <strong>bis zum 6. April.<\/strong><\/li>\n<li>Ob ihr auf dem Bild zu sehen seid, ist euch \u00fcberlassen.<\/li>\n<li>Jedes Bild, das abgeschickt wurde, hat automatisch die Einverst\u00e4ndniserkl\u00e4rung der Eltern, auf der Schulhomepage zu landen.<\/li>\n<\/ol>\n<h3>Ideen zum Nachbasteln oder Backen:<\/h3>\n<div class=\"sue-panel\" data-url=\"\" data-target=\"self\" style=\"background-color:#ffffff;color:#1a1a1a;border-radius:0px;box-shadow:3px 5px 10px gray;border:1px solid #cccccc\"><div class=\"sue-panel-content su-u-trim\" style=\"padding:15px;text-align:left\">\n<h4 style=\"text-align: center;\">Oster-Erdbeer-Tiramisu<\/h4>\n<p class=\"gruen ohne\"><em>Zutaten f\u00fcr 4-6 Personen<\/em><\/p>\n<ul>\n<li>75g L\u00f6ffelbiskuits<\/li>\n<li>5-6 EL kalten Kaffee oder Orangensaft<\/li>\n<li>500g Erdbeeren<\/li>\n<li>2 EL + 60g Zucker<\/li>\n<li>500g Magerquark<\/li>\n<li>250g Mascarpone<\/li>\n<li>5-6 EL Milch<\/li>\n<li>1 P\u00e4ckchen Vanillin-Zucker<\/li>\n<li>Backkakao<\/li>\n<\/ul>\n<p class=\"gruen ohne\"><em>So geht\u2019s:<\/em><\/p>\n<ol>\n<li>L\u00f6ffelbiskuits in eine Form zerbr\u00f6ckeln und anschlie\u00dfend mit dem Kaffee bzw. dem Orangensaft betr\u00e4ufeln.<\/li>\n<li>Gewaschene Erdbeeren vierteln, ein paar zum Verzieren beiseitelegen und den Rest mit den 2EL Zucker bestreuen.<\/li>\n<li>Quark, Mascarpone, Milch, Vanillin-Zucker und die 60g Zucker mit einem Handr\u00fchrger\u00e4t verr\u00fchren.<\/li>\n<li>Erst die geschnittenen Erdbeeren, dann die Creme auf den Biskuitbr\u00f6seln verteilen.<\/li>\n<\/ol>\n<p class=\"gruen ohne\"><em>Verzier-Ideen:<\/em><\/p>\n<p>Aus Papier Schablonen ausschneiden, auf der Creme platzieren und dann mit Backkakao best\u00e4uben (z.B. Osterhasen oder Ostereier) Abschlie\u00dfend k\u00f6nnte man noch die \u00fcbrig gelassenen Erdbeeren darauflegen.<\/p>\n<p class=\"gruen ohne\"><em>Tipp:<\/em><\/p>\n<p>Man kann dieses Rezept auch f\u00fcr kleine Gl\u00e4schen benutzen.<\/p>\n<div class=\"su-image-carousel  su-image-carousel-columns-2 su-image-carousel-has-spacing su-image-carousel-crop su-image-carousel-crop-1-1 su-image-carousel-has-lightbox su-image-carousel-has-outline su-image-carousel-adaptive su-image-carousel-slides-style-minimal su-image-carousel-controls-style-light su-image-carousel-align-center\" style=\"max-width:550px\" data-flickity-options='{\"groupCells\":true,\"cellSelector\":\".su-image-carousel-item\",\"adaptiveHeight\":false,\"cellAlign\":\"left\",\"prevNextButtons\":false,\"pageDots\":false,\"autoPlay\":4000,\"imagesLoaded\":true,\"contain\":true,\"selectedAttraction\":0.025000000000000001,\"friction\":0.28000000000000003}' id=\"su_image_carousel_69f19fd5b87cf\"><div class=\"su-image-carousel-item\"><div class=\"su-image-carousel-item-content\"><a href=\"https:\/\/www.rwg-bayreuth.de\/home\/wp-content\/uploads\/2021\/03\/20-21-SMV-Oster-Erdbeer-Tiramisu-1.jpg\" data-caption=\"\"><img loading=\"lazy\" decoding=\"async\" width=\"720\" height=\"720\" src=\"https:\/\/www.rwg-bayreuth.de\/home\/wp-content\/uploads\/2021\/03\/20-21-SMV-Oster-Erdbeer-Tiramisu-1.jpg\" class=\"\" alt=\"\" srcset=\"https:\/\/www.rwg-bayreuth.de\/home\/wp-content\/uploads\/2021\/03\/20-21-SMV-Oster-Erdbeer-Tiramisu-1.jpg 720w, https:\/\/www.rwg-bayreuth.de\/home\/wp-content\/uploads\/2021\/03\/20-21-SMV-Oster-Erdbeer-Tiramisu-1-450x450.jpg 450w, https:\/\/www.rwg-bayreuth.de\/home\/wp-content\/uploads\/2021\/03\/20-21-SMV-Oster-Erdbeer-Tiramisu-1-150x150.jpg 150w, https:\/\/www.rwg-bayreuth.de\/home\/wp-content\/uploads\/2021\/03\/20-21-SMV-Oster-Erdbeer-Tiramisu-1-250x250.jpg 250w\" sizes=\"(max-width: 720px) 100vw, 720px\" \/><\/a><\/div><\/div><div class=\"su-image-carousel-item\"><div class=\"su-image-carousel-item-content\"><a href=\"https:\/\/www.rwg-bayreuth.de\/home\/wp-content\/uploads\/2021\/03\/20-21-SMV-Oster-Erdbeer-Tiramisu-2.jpg\" data-caption=\"\"><img loading=\"lazy\" decoding=\"async\" width=\"720\" height=\"720\" src=\"https:\/\/www.rwg-bayreuth.de\/home\/wp-content\/uploads\/2021\/03\/20-21-SMV-Oster-Erdbeer-Tiramisu-2.jpg\" class=\"\" alt=\"\" srcset=\"https:\/\/www.rwg-bayreuth.de\/home\/wp-content\/uploads\/2021\/03\/20-21-SMV-Oster-Erdbeer-Tiramisu-2.jpg 720w, https:\/\/www.rwg-bayreuth.de\/home\/wp-content\/uploads\/2021\/03\/20-21-SMV-Oster-Erdbeer-Tiramisu-2-450x450.jpg 450w, https:\/\/www.rwg-bayreuth.de\/home\/wp-content\/uploads\/2021\/03\/20-21-SMV-Oster-Erdbeer-Tiramisu-2-150x150.jpg 150w, https:\/\/www.rwg-bayreuth.de\/home\/wp-content\/uploads\/2021\/03\/20-21-SMV-Oster-Erdbeer-Tiramisu-2-250x250.jpg 250w\" sizes=\"(max-width: 720px) 100vw, 720px\" \/><\/a><\/div><\/div><\/div><script id=\"su_image_carousel_69f19fd5b87cf_script\">if(window.SUImageCarousel){setTimeout(function() {window.SUImageCarousel.initGallery(document.getElementById(\"su_image_carousel_69f19fd5b87cf\"))}, 0);}var su_image_carousel_69f19fd5b87cf_script=document.getElementById(\"su_image_carousel_69f19fd5b87cf_script\");if(su_image_carousel_69f19fd5b87cf_script){su_image_carousel_69f19fd5b87cf_script.parentNode.removeChild(su_image_carousel_69f19fd5b87cf_script);}<\/script>\n<\/div><\/div>\n<p>&nbsp;<\/p>\n<div class=\"sue-panel\" data-url=\"\" data-target=\"self\" style=\"background-color:#ffffff;color:#1a1a1a;border-radius:0px;box-shadow:3px 5px 10px gray;border:1px solid #cccccc\"><div class=\"sue-panel-content su-u-trim\" style=\"padding:15px;text-align:left\">\n<h4 style=\"text-align: center;\">Papier-Osterhasen<\/h4>\n<p><a href=\"https:\/\/www.rwg-bayreuth.de\/home\/wp-content\/uploads\/2021\/03\/20-21-SMV-Papier-Osterhase.jpg\"><img decoding=\"async\" src=\"https:\/\/www.rwg-bayreuth.de\/home\/wp-content\/uploads\/2021\/03\/20-21-SMV-Papier-Osterhase.jpg\" alt=\"\" width=\"240\" height=\"auto\" class=\"alignright size-full wp-image-28668\" style=\"max-width: 30%\" srcset=\"https:\/\/www.rwg-bayreuth.de\/home\/wp-content\/uploads\/2021\/03\/20-21-SMV-Papier-Osterhase.jpg 720w, https:\/\/www.rwg-bayreuth.de\/home\/wp-content\/uploads\/2021\/03\/20-21-SMV-Papier-Osterhase-450x450.jpg 450w, https:\/\/www.rwg-bayreuth.de\/home\/wp-content\/uploads\/2021\/03\/20-21-SMV-Papier-Osterhase-150x150.jpg 150w, https:\/\/www.rwg-bayreuth.de\/home\/wp-content\/uploads\/2021\/03\/20-21-SMV-Papier-Osterhase-250x250.jpg 250w\" sizes=\"(max-width: 720px) 100vw, 720px\" \/><\/a><\/p>\n<p class=\"gruen ohne\"><em>Osterhasen Schablone:<\/em><\/p>\n<p><a href=\"https:\/\/www.rwg-bayreuth.de\/home\/wp-content\/uploads\/2021\/03\/20-21-SMV-Osterhasenschablone.pdf\"><img decoding=\"async\" src=\"https:\/\/www.rwg-bayreuth.de\/home\/wp-content\/uploads\/2021\/03\/20-21-SMV-Osterhasenschablone.jpg\" alt=\"\" width=\"434\" height=\"auto\" class=\"alignnone size-full wp-image-28686\" Style=\"max-width: 15%\" srcset=\"https:\/\/www.rwg-bayreuth.de\/home\/wp-content\/uploads\/2021\/03\/20-21-SMV-Osterhasenschablone.jpg 434w, https:\/\/www.rwg-bayreuth.de\/home\/wp-content\/uploads\/2021\/03\/20-21-SMV-Osterhasenschablone-326x450.jpg 326w, https:\/\/www.rwg-bayreuth.de\/home\/wp-content\/uploads\/2021\/03\/20-21-SMV-Osterhasenschablone-250x346.jpg 250w\" sizes=\"(max-width: 434px) 100vw, 434px\" \/><img decoding=\"async\" src=\"https:\/\/www.rwg-bayreuth.de\/home\/wp-content\/uploads\/2021\/03\/20-21-SMV-Osterhasenschablone.jpg\" alt=\"\" width=\"434\" height=\"auto\" class=\"alignnone size-full wp-image-28686\" Style=\"max-width: 15%\" srcset=\"https:\/\/www.rwg-bayreuth.de\/home\/wp-content\/uploads\/2021\/03\/20-21-SMV-Osterhasenschablone.jpg 434w, https:\/\/www.rwg-bayreuth.de\/home\/wp-content\/uploads\/2021\/03\/20-21-SMV-Osterhasenschablone-326x450.jpg 326w, https:\/\/www.rwg-bayreuth.de\/home\/wp-content\/uploads\/2021\/03\/20-21-SMV-Osterhasenschablone-250x346.jpg 250w\" sizes=\"(max-width: 434px) 100vw, 434px\" \/><img decoding=\"async\" src=\"https:\/\/www.rwg-bayreuth.de\/home\/wp-content\/uploads\/2021\/03\/20-21-SMV-Osterhasenschablone.jpg\" alt=\"\" width=\"434\" height=\"auto\" class=\"alignnone size-full wp-image-28686\" Style=\"max-width: 15%\" srcset=\"https:\/\/www.rwg-bayreuth.de\/home\/wp-content\/uploads\/2021\/03\/20-21-SMV-Osterhasenschablone.jpg 434w, https:\/\/www.rwg-bayreuth.de\/home\/wp-content\/uploads\/2021\/03\/20-21-SMV-Osterhasenschablone-326x450.jpg 326w, https:\/\/www.rwg-bayreuth.de\/home\/wp-content\/uploads\/2021\/03\/20-21-SMV-Osterhasenschablone-250x346.jpg 250w\" sizes=\"(max-width: 434px) 100vw, 434px\" \/><\/a><\/p>\n<p>Diese Osterbastelei ist eine sehr einfache, aber sch\u00f6ne Methode dein Zimmer \u00f6sterlich zu dekorieren.<\/p>\n<p class=\"gruen ohne clear\"><em>Anleitung: <\/em><\/p>\n<ul>\n<li>Hasen-Schablone ausdrucken und ausschneiden<\/li>\n<li>Schablone auf farbiges DinA4 Papier aufmalen<\/li>\n<li>Den Hasen und wei\u00dfen Bommel ausschneiden<\/li>\n<li>Bommel auf Hasen kleben<\/li>\n<\/ul>\n<p>Und fertig! \ud83d\ude0a<\/p>\n<p><a href=\"https:\/\/www.rwg-bayreuth.de\/home\/wp-content\/uploads\/2021\/03\/20-21-SMV-Titelbild-Osteraktion2021.jpg\"><img loading=\"lazy\" decoding=\"async\" src=\"https:\/\/www.rwg-bayreuth.de\/home\/wp-content\/uploads\/2021\/03\/20-21-SMV-Titelbild-Osteraktion2021-1024x405.jpg\" alt=\"\" width=\"900\" height=\"356\" class=\"aligncenter size-large wp-image-28671\" srcset=\"https:\/\/www.rwg-bayreuth.de\/home\/wp-content\/uploads\/2021\/03\/20-21-SMV-Titelbild-Osteraktion2021-1024x405.jpg 1024w, https:\/\/www.rwg-bayreuth.de\/home\/wp-content\/uploads\/2021\/03\/20-21-SMV-Titelbild-Osteraktion2021-450x178.jpg 450w, https:\/\/www.rwg-bayreuth.de\/home\/wp-content\/uploads\/2021\/03\/20-21-SMV-Titelbild-Osteraktion2021-768x304.jpg 768w, https:\/\/www.rwg-bayreuth.de\/home\/wp-content\/uploads\/2021\/03\/20-21-SMV-Titelbild-Osteraktion2021-250x99.jpg 250w, https:\/\/www.rwg-bayreuth.de\/home\/wp-content\/uploads\/2021\/03\/20-21-SMV-Titelbild-Osteraktion2021.jpg 1040w\" sizes=\"(max-width: 900px) 100vw, 900px\" \/><\/a><br \/>\n<\/div><\/div>\n<p>&nbsp;<\/p>\n<h4>Hier sind noch weitere tolle Ideen zum Nachbasteln!<\/h4>\n<p class=\"gruen ohne\"><em>Acht Ideen zum Osterbasteln:<\/em><\/p>\n<p><a href=\"https:\/\/www.gofeminin.de\/familie\/osterbasteln-mit-kindern-s3037920.html\" rel=\"noopener noreferrer\" target=\"_blank\">https:\/\/www.gofeminin.de\/familie\/osterbasteln-mit-kindern-s3037920.html<\/a><\/p>\n<p class=\"gruen ohne\"><em>Versteckte Osterhasen:<\/em><\/p>\n<p><a href=\"https:\/\/www.fotokasten.de\/blog\/osterbasteln\/\" rel=\"noopener noreferrer\" target=\"_blank\">https:\/\/www.fotokasten.de\/blog\/osterbasteln\/<\/a><\/p>\n<p class=\"gruen ohne\"><em>Origami Osterhasen Korb:<\/em><\/p>\n<p><a href=\"https:\/\/www.minidrops.de\/blog\/origami-osterhasen-korb\/\" rel=\"noopener noreferrer\" target=\"_blank\">https:\/\/www.minidrops.de\/blog\/origami-osterhasen-korb\/<\/a><\/p>\n<p class=\"gruen ohne\"><em>Papierk\u00fcken:<\/em><\/p>\n<p><a href=\"https:\/\/www.talu.de\/kueken-aus-papier-basteln\/\" rel=\"noopener noreferrer\" target=\"_blank\">https:\/\/www.talu.de\/kueken-aus-papier-basteln\/<\/a><\/p>\n<p>&nbsp;<\/p>\n<h4>Und wenn ihr Lust auf ein s\u00fc\u00dfes Hefegeb\u00e4ck habt, schaut doch mal bei diesen Links vorbei!<\/h4>\n<p class=\"gruen ohne\"><em>Oster-Backrezepte von unsrer Frau Hupe:<\/em><\/p>\n<p><a href=\"https:\/\/www.rwg-bayreuth.de\/home\/?p=25282\">https:\/\/www.rwg-bayreuth.de\/home\/?p=25282<\/a><\/p>\n<p class=\"gruen ohne\"><em>S\u00fc\u00dfes Hefegeb\u00e4ck:<\/em><\/p>\n<p><a href=\"https:\/\/klaraslife.com\/de\/hefeteig-hasen-suesses-hefegebaeck-zu-ostern\/\" rel=\"noopener noreferrer\" target=\"_blank\">https:\/\/klaraslife.com\/de\/hefeteig-hasen-suesses-hefegebaeck-zu-ostern\/<\/a><\/p>\n<h4 class=\"\">Oder backt diese Quarkhasen mit eurer Familie nach!<\/h4>\n<p class=\"gruen ohne\"><em>Quarkhasen:<\/em><\/p>\n<p><a href=\"https:\/\/kaffeeundcupcakes.de\/suesse-quarkhasen-ostergebaeck-aus-quark-oel-teig\/\" rel=\"noopener noreferrer\" target=\"_blank\">https:\/\/kaffeeundcupcakes.de\/suesse-quarkhasen-ostergebaeck-aus-quark-oel-teig\/<\/a><\/p>\n<p>&nbsp;<\/p>\n<p><!--[su_section image=\"https:\/\/www.rwg-bayreuth.de\/home\/wp-content\/uploads\/2021\/03\/20-21-Ostereierjpg.jpg\" background_position=\"center center\" cover=\"yes\" max_width=\"100%\" padding=\"100px 30px 100px 30px\" border=\"none\" text_shadow=\"0px 1px 10px #ffffff\" target=\"self\"]--><\/p>\n<div class=\"sue-section sue-section-parallax\" data-url=\"\" data-target=\"self\" style=\"margin:0px 0px 0px 0px;border-top:0px solid #cccccc;border-bottom:0px solid #cccccc\"><div class=\"sue-section-background\" style=\"background-color:#ffffff;background-position:center center;background-size:cover;background-image:url(&#039;https:\/\/www.rwg-bayreuth.de\/home\/wp-content\/uploads\/2021\/03\/20-21-Ostereier.jpg&#039;);\"><\/div><div class=\"sue-section-content su-u-trim\" style=\"padding:100px 30px 100px 30px;max-width:1600px;text-align:left;color:#ffffff;text-shadow:0px 1px 10px #2a2a2a\">\n<p><span style=\"font-size: 1.2em; font-weight: bold\">Bestimmt l\u00e4sst sich f\u00fcr jede*n etwas finden und ihr habt Spa\u00df beim Backen oder Basteln.<br \/>\nWir freuen uns \u00fcber jedes eingereichte Bild und w\u00fcnschen euch allen ein frohes Osterfest und erholsame Ferien!<\/span><\/p>\n<p><span style=\"font-size: 1.2em; font-weight: bold\">Eure SMV<\/span><\/p>\n<\/div><\/div>\n<p>&nbsp;<\/p>\n","protected":false},"excerpt":{"rendered":"<p>Gewinner Weitere Osterbilder &nbsp; Aktion &nbsp; Um daran teilzunehmen, k\u00f6nnt ihr ein Bild von allen Dingen, die mit dem Osterfest zu tun haben, an uns schicken. Das k\u00f6nnen\u2026 verschiedene Basteleien ein Bild von gef\u00e4rbten oder angemalten Ostereiern ein dekoriertes Osternest oder etwas Gebackenes wie ein Osterlamm oder Hefezopf \u2026sein. Anbei findet ihr eine Sammlung von&hellip;<\/p>\n","protected":false},"author":11,"featured_media":28752,"comment_status":"closed","ping_status":"closed","sticky":false,"template":"","format":"standard","meta":{"footnotes":""},"categories":[1],"tags":[51,35],"_links":{"self":[{"href":"https:\/\/www.rwg-bayreuth.de\/home\/index.php?rest_route=\/wp\/v2\/posts\/28654"}],"collection":[{"href":"https:\/\/www.rwg-bayreuth.de\/home\/index.php?rest_route=\/wp\/v2\/posts"}],"about":[{"href":"https:\/\/www.rwg-bayreuth.de\/home\/index.php?rest_route=\/wp\/v2\/types\/post"}],"author":[{"embeddable":true,"href":"https:\/\/www.rwg-bayreuth.de\/home\/index.php?rest_route=\/wp\/v2\/users\/11"}],"replies":[{"embeddable":true,"href":"https:\/\/www.rwg-bayreuth.de\/home\/index.php?rest_route=%2Fwp%2Fv2%2Fcomments&post=28654"}],"version-history":[{"count":38,"href":"https:\/\/www.rwg-bayreuth.de\/home\/index.php?rest_route=\/wp\/v2\/posts\/28654\/revisions"}],"predecessor-version":[{"id":32131,"href":"https:\/\/www.rwg-bayreuth.de\/home\/index.php?rest_route=\/wp\/v2\/posts\/28654\/revisions\/32131"}],"wp:featuredmedia":[{"embeddable":true,"href":"https:\/\/www.rwg-bayreuth.de\/home\/index.php?rest_route=\/wp\/v2\/media\/28752"}],"wp:attachment":[{"href":"https:\/\/www.rwg-bayreuth.de\/home\/index.php?rest_route=%2Fwp%2Fv2%2Fmedia&parent=28654"}],"wp:term":[{"taxonomy":"category","embeddable":true,"href":"https:\/\/www.rwg-bayreuth.de\/home\/index.php?rest_route=%2Fwp%2Fv2%2Fcategories&post=28654"},{"taxonomy":"post_tag","embeddable":true,"href":"https:\/\/www.rwg-bayreuth.de\/home\/index.php?rest_route=%2Fwp%2Fv2%2Ftags&post=28654"}],"curies":[{"name":"wp","href":"https:\/\/api.w.org\/{rel}","templated":true}]}}