{"id":28603,"date":"2021-03-21T07:08:00","date_gmt":"2021-03-21T06:08:00","guid":{"rendered":"http:\/\/www.rwg-bayreuth.de\/home\/?p=28603"},"modified":"2021-03-18T15:12:33","modified_gmt":"2021-03-18T14:12:33","slug":"rwg-gruendergeist-auf-grosser-buehne","status":"publish","type":"post","link":"https:\/\/www.rwg-bayreuth.de\/home\/?p=28603","title":{"rendered":"RWG Gr\u00fcndergeist auf gro\u00dfer B\u00fchne"},"content":{"rendered":"<p><a href=\"https:\/\/www.rwg-bayreuth.de\/home\/wp-content\/uploads\/2021\/03\/20-21-WR-Nils-Ankenbrand-und-Luca-Kreger.jpg\"><img loading=\"lazy\" decoding=\"async\" src=\"https:\/\/www.rwg-bayreuth.de\/home\/wp-content\/uploads\/2021\/03\/20-21-WR-Nils-Ankenbrand-und-Luca-Kreger-399x450.jpg\" alt=\"\" width=\"399\" height=\"450\" class=\"aligncenter size-medium wp-image-28604\" srcset=\"https:\/\/www.rwg-bayreuth.de\/home\/wp-content\/uploads\/2021\/03\/20-21-WR-Nils-Ankenbrand-und-Luca-Kreger-399x450.jpg 399w, https:\/\/www.rwg-bayreuth.de\/home\/wp-content\/uploads\/2021\/03\/20-21-WR-Nils-Ankenbrand-und-Luca-Kreger-768x867.jpg 768w, https:\/\/www.rwg-bayreuth.de\/home\/wp-content\/uploads\/2021\/03\/20-21-WR-Nils-Ankenbrand-und-Luca-Kreger-250x282.jpg 250w, https:\/\/www.rwg-bayreuth.de\/home\/wp-content\/uploads\/2021\/03\/20-21-WR-Nils-Ankenbrand-und-Luca-Kreger.jpg 907w\" sizes=\"(max-width: 399px) 100vw, 399px\" \/><\/a><\/p>\n<h3>Sch\u00fcler des Wirtschaftszweiges Nils Ankenbrand und Luca Kreger als Referenten f\u00fcr die virtuelle JUNIOR Auftaktveranstaltung 2021 t\u00e4tig<\/h3>\n<p>Ein Start-up bereits in der Schule gr\u00fcnden? Das ist ein Traum vieler junger Menschen, auch der von 16 Sch\u00fclerinnen und Sch\u00fclern des Richard-Wagner-Gymnasiums. Durch den Wirtschaftszweig, den man am RWG ab der 7. Klasse besuchen kann, haben die Sch\u00fcler immer wieder die M\u00f6glichkeit, das in der Theorie gelerntes Wissen in der Praxis auch auszuprobieren.<\/p>\n<p><img loading=\"lazy\" decoding=\"async\" src=\"https:\/\/www.rwg-bayreuth.de\/home\/wp-content\/uploads\/2020\/09\/20-21-thegreenebeene-q-150x150.jpg\" alt=\"\" width=\"150\" height=\"150\" class=\"alignright size-thumbnail wp-image-27084\" srcset=\"https:\/\/www.rwg-bayreuth.de\/home\/wp-content\/uploads\/2020\/09\/20-21-thegreenebeene-q-150x150.jpg 150w, https:\/\/www.rwg-bayreuth.de\/home\/wp-content\/uploads\/2020\/09\/20-21-thegreenebeene-q-450x450.jpg 450w, https:\/\/www.rwg-bayreuth.de\/home\/wp-content\/uploads\/2020\/09\/20-21-thegreenebeene-q-250x250.jpg 250w, https:\/\/www.rwg-bayreuth.de\/home\/wp-content\/uploads\/2020\/09\/20-21-thegreenebeene-q.jpg 640w\" sizes=\"(max-width: 150px) 100vw, 150px\" \/>Ein Jahr lang arbeitete das RWG Sch\u00fclerunternehmen \u201eTheGreeneBeene\u201c mit regionalen Partnern zusammen. In der Gr\u00fcndungsphase wurde das Unternehmen von J\u00f6rg Lichtenegger und seiner Kommunikationsagentur GMK aus Bayreuth bei der Entwicklung der Marke unterst\u00fctzt. Die \u00dcberlegung der Sch\u00fcler\/innen war es, einen Beitrag f\u00fcr eine bessere Umwelt zu leisten. Aufgrund der schockierenden Bilder von Plastikm\u00fcll in den Meeren und dem hohen Grad an Umweltverschmutzung waren sie der \u00dcberzeugung, dass sich dringend etwas \u00e4ndern muss. Deshalb kamen die RWGler auf die Idee, Bienenwachst\u00fccher zu produzieren, um so eine Plastikalternative anzubieten und der Umwelt zu helfen. So wurden die drei Bereiche \u00d6konomie, \u00d6kologie und der soziale Aspekt miteinander verbunden.<\/p>\n<p>Nachdem die Gesch\u00e4ftsidee, der Name und das Logo des Unternehmens feststanden und die Unternehmensabteilung wie Marketing, Buchf\u00fchrung, Vertrieb und Produktion besetzt waren, konnte dann endlich im Fr\u00fchjahr 2020 der Markteintritt vollzogen werden. Mit einer eigenen Website pr\u00e4sentierte sich das Unternehmen seiner Zielgruppe. Auch ein Werbespot wurde von den Jungunternehmern gedreht. Die Nachfrage war dementsprechend gro\u00df, sodass die Bilanz schnell schwarze Zahlen schreiben konnte.<br \/>\nDas RWG Unternehmen wurde begleitet durch das JUNIOR Projekt. Tr\u00e4ger der JUNIOR Programme ist die IW JUNIOR gGmbH. Als Tochter des Instituts der deutschen Wirtschaft steht die IW JUNIOR f\u00fcr \u00f6konomische und finanzielle Bildung mit hohem Nachhaltigkeitsanspruch. Sie bringen Sch\u00fclern die Themen Wirtschaft und Finanzen praxisnah und handlungsorientiert unter dem Motto \u201elearning by doing\u201c n\u00e4her. Der Anspruch der JUNIOR Programme besteht darin, Jugendlichen das komplexe Thema Wirtschaft realit\u00e4tsnah zug\u00e4nglich zu machen. Sch\u00fcler*innen haben dabei die M\u00f6glichkeit, ein eigenes Unternehmen zu gr\u00fcnden. In ihren bundesweiten JUNIOR Sch\u00fclerfirmenprogrammen werden seit 1994 Sch\u00fcler zu Unternehmern, erproben im Team unternehmerisches Handeln und lernen, verantwortlich Entscheidungen zu treffen. So werden wichtige Kompetenzen gest\u00e4rkt, die Jugendliche fit f\u00fcr die Zukunft machen. Dieses Projekt wird auch durch das Kultusministerium Bayern unterst\u00fctzt.<\/p>\n<p>Wie schwer es ist, ein eigenes Unternehmen zu gr\u00fcnden und welche H\u00fcrden man nehmen muss, bis das Unternehmen auch tats\u00e4chlich Gewinn abwirft, das haben die RWGler erleben d\u00fcrfen. Diese Erfahrungen nimmt den Jungunternehmern niemand mehr. Ganz im Gegenteil. <\/p>\n<p>Das RWG-Sch\u00fclerunternehmen \u00fcberzeugte mit seiner Gesch\u00e4ftsidee die IW JUNIOR, Tochter des Institutes der Deutschen Wirtschaft so, dass sie aus allen bayerischen Gr\u00fcnderfirmen des Fr\u00fchjahres 2020 ausgew\u00e4hlt wurde, um unter dem Motto: \u201e2020- ein besonderes Unternehmensjahr\u201c, bei der virtuellen JUNIOR Auftaktveranstaltung 2021 f\u00fcr die Neueinsteiger als Referenten t\u00e4tig zu werden. Nils Ankenbrand und Luca Kreger berichteten vor einem gro\u00dfen Publikum \u00fcber ihre Erfahrungen, Eindr\u00fccke und Erlebnisse der zur\u00fcckliegenden Gesch\u00e4ftst\u00e4tigkeit. <\/p>\n<p>Neben den beiden Vorstandsvorsitzenden des RWG-Unternehmens Ankenbrand und Kreger richtete auch Kultusstaatssekret\u00e4rin Anna Stolz bei der virtuellen JUNIOR Auftaktveranstaltung das Wort an die Jungunternehmer von morgen. Ihre Gru\u00dfworte sind auf der Seite des Kultusministeriums nachzulesen.<\/p>\n<p>Das Fazit der RWG Sch\u00fcler und Sch\u00fclerinnen f\u00e4llt durchwegs positiv aus. Sie sind dankbar, eine solche Erfahrung gemacht zu haben. Wann kommt man sonst schon in den Genuss, ein Start-up bereits in Schulzeiten zu gr\u00fcnden und einfach f\u00fcrs Leben zu lernen. <\/p>\n","protected":false},"excerpt":{"rendered":"<p>Sch\u00fcler des Wirtschaftszweiges Nils Ankenbrand und Luca Kreger als Referenten f\u00fcr die virtuelle JUNIOR Auftaktveranstaltung 2021 t\u00e4tig Ein Start-up bereits in der Schule gr\u00fcnden? Das ist ein Traum vieler junger Menschen, auch der von 16 Sch\u00fclerinnen und Sch\u00fclern des Richard-Wagner-Gymnasiums. Durch den Wirtschaftszweig, den man am RWG ab der 7. Klasse besuchen kann, haben die&hellip;<\/p>\n","protected":false},"author":11,"featured_media":27081,"comment_status":"closed","ping_status":"closed","sticky":false,"template":"","format":"standard","meta":{"footnotes":""},"categories":[1],"tags":[51,64,53],"_links":{"self":[{"href":"https:\/\/www.rwg-bayreuth.de\/home\/index.php?rest_route=\/wp\/v2\/posts\/28603"}],"collection":[{"href":"https:\/\/www.rwg-bayreuth.de\/home\/index.php?rest_route=\/wp\/v2\/posts"}],"about":[{"href":"https:\/\/www.rwg-bayreuth.de\/home\/index.php?rest_route=\/wp\/v2\/types\/post"}],"author":[{"embeddable":true,"href":"https:\/\/www.rwg-bayreuth.de\/home\/index.php?rest_route=\/wp\/v2\/users\/11"}],"replies":[{"embeddable":true,"href":"https:\/\/www.rwg-bayreuth.de\/home\/index.php?rest_route=%2Fwp%2Fv2%2Fcomments&post=28603"}],"version-history":[{"count":1,"href":"https:\/\/www.rwg-bayreuth.de\/home\/index.php?rest_route=\/wp\/v2\/posts\/28603\/revisions"}],"predecessor-version":[{"id":28605,"href":"https:\/\/www.rwg-bayreuth.de\/home\/index.php?rest_route=\/wp\/v2\/posts\/28603\/revisions\/28605"}],"wp:featuredmedia":[{"embeddable":true,"href":"https:\/\/www.rwg-bayreuth.de\/home\/index.php?rest_route=\/wp\/v2\/media\/27081"}],"wp:attachment":[{"href":"https:\/\/www.rwg-bayreuth.de\/home\/index.php?rest_route=%2Fwp%2Fv2%2Fmedia&parent=28603"}],"wp:term":[{"taxonomy":"category","embeddable":true,"href":"https:\/\/www.rwg-bayreuth.de\/home\/index.php?rest_route=%2Fwp%2Fv2%2Fcategories&post=28603"},{"taxonomy":"post_tag","embeddable":true,"href":"https:\/\/www.rwg-bayreuth.de\/home\/index.php?rest_route=%2Fwp%2Fv2%2Ftags&post=28603"}],"curies":[{"name":"wp","href":"https:\/\/api.w.org\/{rel}","templated":true}]}}