{"id":28493,"date":"2021-03-14T13:05:57","date_gmt":"2021-03-14T12:05:57","guid":{"rendered":"http:\/\/www.rwg-bayreuth.de\/home\/?p=28493"},"modified":"2021-04-16T14:27:44","modified_gmt":"2021-04-16T12:27:44","slug":"sandmann-lieber-sandmann","status":"publish","type":"post","link":"https:\/\/www.rwg-bayreuth.de\/home\/?p=28493","title":{"rendered":"Sandmann, lieber Sandmann"},"content":{"rendered":"<style>\n h1, h6 { color : red; }\n<\/style>\n<div><img decoding=\"async\" src=\"https:\/\/www.rwg-bayreuth.de\/home\/wp-content\/uploads\/2021\/03\/20-21-Deutsch-P-Seminar-Sandmann-e1615739456660.jpg\" alt=\"\" width=\"100\" height=\"auto\" class=\"alignright size-full wp-image-28496\" \/><\/p>\n<p style=\"text-align: center; vertical-align: middle;\"><em>Es ist noch nicht so weit<br \/>\nWir sehen erst den Abendgru\u00df<br \/>\nEhe jedes Kind ins Bettchen muss<br \/>\nDu hast gewiss noch Zeit<\/em><\/p>\n<\/div>\n<p class=\"clear\">Daran dachten wir alle zun\u00e4chst, als das P-Seminar \u201eDer Sandmann\u201c von Frau Guder-Sp\u00e4th das erste Mal stattgefunden hat.\u00a0 So oder so \u00e4hnlich starteten wir also jeden Montagnachmittag ins Gruselseminar. Doch das Thema entpuppte sich schnell als ein anderes. Es ging n\u00e4mlich nicht um das M\u00e4nnchen mit der Zipfelm\u00fctze, welches wir aus dem Fernsehen kennen, sondern um ein bekanntes literarisches Werk. Eines k\u00f6nnen wir schon mal vorwegnehmen: Das Buch \u201eDer Sandmann\u201c von E.T.A. Hoffmann, was wir bisher aus dem Deutschunterricht kannten, bekam bei Frau Guder-Sp\u00e4th eine ganz neue Bedeutung.<\/p>\n<p style=\"text-align: center;\"><em>Die Novelle handelt vom Studenten namens Nathanael, der aufgrund einer pr\u00e4genden Kindheitserinnerung ein psychisches Trauma erlitten hat. Dieses ist durch die Folgen der alchemistischen Versuche des Vaters Nathanaels und dem Advokat Coppelius entstanden. Die Begegnung mit dem Wetterglash\u00e4ndler Coppola, in welchem Nathanael den Coppelius seiner Kindheit sieht, l\u00e4sst diese schwerwiegende Erinnerung erneut aufleben und bringt die altbekannte Angst zur\u00fcck. All diese Traumata lassen ihn schlussendlich verr\u00fcckt werden und treiben ihn in den Selbstmord. Das zentrale Motiv der Geschichte sind angsteinfl\u00f6\u00dfende Augen, weshalb uns diese auch in unseren Tr\u00e4umen verfolgten.<\/em><\/p>\n<h6>Wie es dazu gekommen ist:<\/h6>\n<p><a href=\"https:\/\/www.rwg-bayreuth.de\/home\/wp-content\/uploads\/2021\/03\/20-21-Deutsch-P-Seminar-Auge.jpg\"><img loading=\"lazy\" decoding=\"async\" src=\"https:\/\/www.rwg-bayreuth.de\/home\/wp-content\/uploads\/2021\/03\/20-21-Deutsch-P-Seminar-Auge-450x340.jpg\" alt=\"\" width=\"450\" height=\"340\" class=\"alignright size-medium wp-image-28497\" srcset=\"https:\/\/www.rwg-bayreuth.de\/home\/wp-content\/uploads\/2021\/03\/20-21-Deutsch-P-Seminar-Auge-450x340.jpg 450w, https:\/\/www.rwg-bayreuth.de\/home\/wp-content\/uploads\/2021\/03\/20-21-Deutsch-P-Seminar-Auge-768x580.jpg 768w, https:\/\/www.rwg-bayreuth.de\/home\/wp-content\/uploads\/2021\/03\/20-21-Deutsch-P-Seminar-Auge-250x189.jpg 250w, https:\/\/www.rwg-bayreuth.de\/home\/wp-content\/uploads\/2021\/03\/20-21-Deutsch-P-Seminar-Auge.jpg 1024w\" sizes=\"(max-width: 450px) 100vw, 450px\" \/><\/a>Unser anf\u00e4ng&shy;liches, kreatives Brain&shy;stor&shy;ming \u00fcber einen Grusel&shy;abend mit Theater&shy;st\u00fcck musste aller&shy;dings schon zu Beginn des Seminars auf Grund der Corona Pandemie in einen digi&shy;talen Jitsi-Konferenz&shy;raum verlegt werden. Doch die 17+1 Sanddamen planten den Sandmannabend flei\u00dfig mit Hilfe eines Gruppenchats weiter und lie\u00dfen sich durch nichts aufhalten! Trotz der Schul\u00f6ffnung nach dem ersten Lockdown fand das P-Seminar zun\u00e4chst einmal gar nicht statt. Das erschwerte nat\u00fcrlich unsere Planung. Hinzu kam immer die Ungewissheit, ob wir das St\u00fcck aufgrund von Corona \u00fcberhaupt je auff\u00fchren werden.\u00a0 Um dennoch voranzukommen, teilten wir uns in Gruppen auf und planten neben dem Theaterst\u00fcck auch ein integriertes Mystery-Game. Hierbei h\u00e4tten die Zuschauer an verschiedenen Stationen Informationen \u00fcber den Protagonisten Nathanael, die Motive der Geschichte und die Ursachen f\u00fcr den Selbstmord erhalten k\u00f6nnen.<\/p>\n<p>Doch, dass wir am Ende an einem ganz anderen Punkt herauskommen werden, h\u00e4tten wir zu diesem Zeitpunkt alle nicht gedacht\u2026<\/p>\n<p>W\u00e4hrend die 17 Sanddamen die Sommerferien als kreative Pause nutzten, schrieb Frau Guder-Sp\u00e4th flei\u00dfig den Text f\u00fcr unser St\u00fcck. Als Grundlage diente die Geschichte von E.T.A Hofmann, die wir nach reifer \u00dcberlegung und durch einige Inspirationen aus Horrorfilmen erg\u00e4nzten und mit modernen Aspekten versahen.<\/p>\n<p>Im September starteten wir voller Elan ins neue Schuljahr, indem auch endlich wieder unser P-Seminar im Pr\u00e4senzunterricht stattfinden konnte. Schnell machten wir uns an die Arbeit und verteilten, nach dem gemeinsamen Lesen des St\u00fccks, unsere Rollen. Anschlie\u00dfend lie\u00dfen wir unsere Charaktere zum Leben zu erwachen. Die Proben waren immer abwechslungsreich und lustig. Wir suchten in der Requisite nach den passenden Kost\u00fcmen und machten eine Exkursion auf den Glockenturm des RWGs. Auf Grund der ernsten Corona-Lage beschlossen wir kurzerhand anstelle einer Auff\u00fchrung einen Film zu produzieren. Der Glockenturm sollte uns eventuell als Drehort dienen. Leider machte uns Corona auch hier erneut einen Strich durch die Rechnung, da die Kontakte auf zwei Haushalte beschr\u00e4nkt wurden, die Schulen geschlossen wurden und ein erneuter Lockdown in Sicht war. Der bereits geplante Filmdreh, f\u00fcr den wir auch schon einige Probeaufnahmen gemacht haben, fiel leider ins Wasser.<\/p>\n<p><a href=\"https:\/\/www.rwg-bayreuth.de\/home\/wp-content\/uploads\/2021\/03\/20-21-Deutsch-P-Seminar.jpg\"><img loading=\"lazy\" decoding=\"async\" src=\"https:\/\/www.rwg-bayreuth.de\/home\/wp-content\/uploads\/2021\/03\/20-21-Deutsch-P-Seminar-450x236.jpg\" alt=\"\" width=\"450\" height=\"236\" class=\"alignright size-medium wp-image-28495\" srcset=\"https:\/\/www.rwg-bayreuth.de\/home\/wp-content\/uploads\/2021\/03\/20-21-Deutsch-P-Seminar-450x236.jpg 450w, https:\/\/www.rwg-bayreuth.de\/home\/wp-content\/uploads\/2021\/03\/20-21-Deutsch-P-Seminar-768x404.jpg 768w, https:\/\/www.rwg-bayreuth.de\/home\/wp-content\/uploads\/2021\/03\/20-21-Deutsch-P-Seminar-250x131.jpg 250w, https:\/\/www.rwg-bayreuth.de\/home\/wp-content\/uploads\/2021\/03\/20-21-Deutsch-P-Seminar.jpg 1024w\" sizes=\"(max-width: 450px) 100vw, 450px\" \/><\/a>Im neuen Jahr standen dann, wegen der immer noch an&shy;dauern&shy;den Schul&shy;schlie&shy;\u00dfung, erneut Jitsi-Kon&shy;feren&shy;zen auf dem Programm. Und schon wieder mussten die Sanddamen ihre grauen Gehirn&shy;zellen anstrengen und eine neue kreative Idee f\u00fcr die Darbietung des St\u00fccks entwickeln. Hierbei kamen wir darauf, das Theaterst\u00fcck in ein H\u00f6rspiel umzuwandeln. Anschlie\u00dfend ging es an die Ausarbeitung des neuen Plans. Hierf\u00fcr erg\u00e4nzte Frau Guder-Sp\u00e4th den Text mit neuen, notwendigen Informationen. W\u00e4hrenddessen teilten wir uns in Gruppen auf und k\u00fcmmerten uns um Ton, Schnitt und die anschlie\u00dfende Vermarktung der CDs und nahmen die einzelnen Sequenzen des H\u00f6rspiels \u00fcbers Telefon auf.<\/p>\n<p style=\"color: red;\"><strong>Die CD &#8222;Der Sandmann&#8220; von E.T.A. Hoffmann ist f\u00fcr einen Preis von 6 Euro bei <a href=\"mailto:p-seminar.sandmann@gmx.de\">p-seminar.sandmann@gmx.de<\/a> zu erwerben.<\/strong><\/p>\n<p>Auch wenn wir auf Grund von Corona vieles \u00e4ndern mussten und nicht umsetzen konnten, wie geplant, haben wir wohl das Beste aus der Situation gemacht und bekamen zudem die einmalige Chance, ein H\u00f6rspiel zu produzieren.<\/p>\n<p>Die 17 Sanddamen bedanken sich auch ganz herzlich bei Ihnen, Frau Guder-Sp\u00e4th, f\u00fcr Ihr Engagement und Ihr stets offenes Ohr f\u00fcr uns und unsere Ideen. Die sch\u00f6ne, au\u00dfergew\u00f6hnliche P-Seminar-Zeit werden wir wohl so schnell nicht vergessen!<\/p>\n<p>&nbsp;<\/p>\n<p><em>Ein Bericht von J\u00fclide Balikci, Sophia Hanke, Lea Paulig und Leonie-Sophie Scherm (Q12)<\/em><\/p>\n<p>&nbsp;<\/p>\n<p>&nbsp;<\/p>\n","protected":false},"excerpt":{"rendered":"<p>Es ist noch nicht so weit Wir sehen erst den Abendgru\u00df Ehe jedes Kind ins Bettchen muss Du hast gewiss noch Zeit Daran dachten wir alle zun\u00e4chst, als das P-Seminar \u201eDer Sandmann\u201c von Frau Guder-Sp\u00e4th das erste Mal stattgefunden hat.\u00a0 So oder so \u00e4hnlich starteten wir also jeden Montagnachmittag ins Gruselseminar. Doch das Thema entpuppte&hellip;<\/p>\n","protected":false},"author":11,"featured_media":28498,"comment_status":"closed","ping_status":"closed","sticky":false,"template":"","format":"standard","meta":{"footnotes":""},"categories":[1],"tags":[59,51,64],"_links":{"self":[{"href":"https:\/\/www.rwg-bayreuth.de\/home\/index.php?rest_route=\/wp\/v2\/posts\/28493"}],"collection":[{"href":"https:\/\/www.rwg-bayreuth.de\/home\/index.php?rest_route=\/wp\/v2\/posts"}],"about":[{"href":"https:\/\/www.rwg-bayreuth.de\/home\/index.php?rest_route=\/wp\/v2\/types\/post"}],"author":[{"embeddable":true,"href":"https:\/\/www.rwg-bayreuth.de\/home\/index.php?rest_route=\/wp\/v2\/users\/11"}],"replies":[{"embeddable":true,"href":"https:\/\/www.rwg-bayreuth.de\/home\/index.php?rest_route=%2Fwp%2Fv2%2Fcomments&post=28493"}],"version-history":[{"count":26,"href":"https:\/\/www.rwg-bayreuth.de\/home\/index.php?rest_route=\/wp\/v2\/posts\/28493\/revisions"}],"predecessor-version":[{"id":28792,"href":"https:\/\/www.rwg-bayreuth.de\/home\/index.php?rest_route=\/wp\/v2\/posts\/28493\/revisions\/28792"}],"wp:featuredmedia":[{"embeddable":true,"href":"https:\/\/www.rwg-bayreuth.de\/home\/index.php?rest_route=\/wp\/v2\/media\/28498"}],"wp:attachment":[{"href":"https:\/\/www.rwg-bayreuth.de\/home\/index.php?rest_route=%2Fwp%2Fv2%2Fmedia&parent=28493"}],"wp:term":[{"taxonomy":"category","embeddable":true,"href":"https:\/\/www.rwg-bayreuth.de\/home\/index.php?rest_route=%2Fwp%2Fv2%2Fcategories&post=28493"},{"taxonomy":"post_tag","embeddable":true,"href":"https:\/\/www.rwg-bayreuth.de\/home\/index.php?rest_route=%2Fwp%2Fv2%2Ftags&post=28493"}],"curies":[{"name":"wp","href":"https:\/\/api.w.org\/{rel}","templated":true}]}}