{"id":28346,"date":"2021-03-04T06:56:25","date_gmt":"2021-03-04T05:56:25","guid":{"rendered":"http:\/\/www.rwg-bayreuth.de\/home\/?p=28346"},"modified":"2021-03-04T10:34:38","modified_gmt":"2021-03-04T09:34:38","slug":"ldl-teil-4-hier-gibts-was-auf-die-ohren-gedichtpraesentationen-in-der-5c","status":"publish","type":"post","link":"https:\/\/www.rwg-bayreuth.de\/home\/?p=28346","title":{"rendered":"&#8218;LdL&#8216; &#8211; Teil 4: Hier gibt&#8217;s was auf die Ohren! Gedichtpr\u00e4sentationen in der 5c"},"content":{"rendered":"<p><a href=\"https:\/\/www.rwg-bayreuth.de\/home\/wp-content\/uploads\/2021\/03\/20-21-LdL-Videokonferenz-4.jpg\"><img loading=\"lazy\" decoding=\"async\" src=\"https:\/\/www.rwg-bayreuth.de\/home\/wp-content\/uploads\/2021\/03\/20-21-LdL-Videokonferenz-4-450x300.jpg\" alt=\"\" width=\"450\" height=\"300\" class=\"aligncenter size-medium wp-image-28354\" srcset=\"https:\/\/www.rwg-bayreuth.de\/home\/wp-content\/uploads\/2021\/03\/20-21-LdL-Videokonferenz-4-450x300.jpg 450w, https:\/\/www.rwg-bayreuth.de\/home\/wp-content\/uploads\/2021\/03\/20-21-LdL-Videokonferenz-4-768x512.jpg 768w, https:\/\/www.rwg-bayreuth.de\/home\/wp-content\/uploads\/2021\/03\/20-21-LdL-Videokonferenz-4-250x167.jpg 250w, https:\/\/www.rwg-bayreuth.de\/home\/wp-content\/uploads\/2021\/03\/20-21-LdL-Videokonferenz-4-900x600.jpg 900w, https:\/\/www.rwg-bayreuth.de\/home\/wp-content\/uploads\/2021\/03\/20-21-LdL-Videokonferenz-4-600x400.jpg 600w, https:\/\/www.rwg-bayreuth.de\/home\/wp-content\/uploads\/2021\/03\/20-21-LdL-Videokonferenz-4.jpg 989w\" sizes=\"(max-width: 450px) 100vw, 450px\" \/><\/a><\/p>\n<p>Im Zentrum des vierten Teils unserer Reihe \u201aLernen <del>[d]<\/del>trotz Lockdown\u2018 stehen im Wesentlichen H\u00f6rdateien, welche im Rahmen einer Unterrichtssequenz zum Thema \u201aLyrik\u2018 entstanden sind: Die Klasse 5c befasste sich dabei im Deutschunterricht eine Woche lang im Distanzunterricht mit den Grundlagen, die es braucht, um ein Gedicht ordentlich in seiner dargebotenen Form erfassen zu k\u00f6nnen \u2013 es wurden nicht nur Strophen und Verse gr\u00fcndlich \u201aunter die Lupe genommen\u2018, Reimschemata untersucht, sondern es war auch \u201aRhythmusgef\u00fchl\u2018 gefragt, wenn es etwa um das Metrum eines Gedichts geht! <\/p>\n<p>Im Nu wurden die Sch\u00fcler\/innen in diesen Bereichen fit \u2013 seid ihr es auch? Testet euch doch gleich einmal hier in einem interaktiven Kreuzwortr\u00e4tsel rund um Gedichte: <\/p>\n<div style=\"margin-left: 5vw; margin-right: 5vw;\">\n<iframe src=\"https:\/\/learningapps.org\/watch?v=p8cht8qec21\" style=\"border:2px solid #ddd;width:100%;height:500px;\" allowfullscreen=\"true\" webkitallowfullscreen=\"true\" mozallowfullscreen=\"true\"><\/iframe><\/div>\n<p>Schlie\u00dflich besch\u00e4ftigte sich die Klasse auch damit, wie man einen ordentlichen Gedichtvortrag gr\u00fcndlich vorbereiten kann: Um einen ersten Eindruck von den lyrischen Texten und deren Wirkung zu bekommen, war zun\u00e4chst einmal das eifrige Abschreiben von Gedichten aus Deutschbuch und\/oder Arbeitsheft im Wochenplan gefordert \u2013 denn schlie\u00dflich wird ja eine entsprechende Vorlage ben\u00f6tigt, mit der man auch gewinnbringend arbeiten kann: Hierbei lernten die Kinder v.a. eines: Literarische Texte \u201aerliest\u2018 man sich insbesondere auch durch das Vornehmen von Markierungen und Hervorhebungen im Text selbst! Schnell waren geeignete Zeichen gefunden, mit denen mutig betonte W\u00f6rter unterstrichen und Pausen eingetragen wurden; auch die Sprechgeschwindigkeit sollte dabei durch Kennzeichnung variiert werden, nat\u00fcrlich stets passend zur inhaltlichen Aussage des Gedichts!<br \/>\nNach einer gemeinsamen Erprobungsphase, in der unterschiedliche Betonungen ausgetestet wurden \u2013 vorzugsweise auch w\u00e4hrend der gemeinsamen Videokonferenzen \u2013  und der daraus sich entfaltenden Wirkung nachgelauscht wurde, ging es an die Einzelarbeit zuhause.<\/p>\n<p class=\"ohne\">Die Kinder durften dabei zwischen drei Gedichtvorschl\u00e4gen w\u00e4hlen, die f\u00fcr die sp\u00e4tere Aufnahme pr\u00e4pariert werden sollten; zur Auswahl standen \u2013 erneut passend zur Situation unterschiedlicher Gegebenheiten w\u00e4hrend des Lockdowns \u2013  Oskar Stocks Gedicht \u201e\u00dcbers Wetter\u201c <\/p>\n<div class=\"su-audio ohne\" data-id=\"su_audio_player_69f1a0abd01e2\" data-audio=\"https:\/\/www.rwg-bayreuth.de\/home\/wp-content\/uploads\/2021\/02\/20-21-LdL-Uebers-Wetter.mp3\" data-swf=\"https:\/\/www.rwg-bayreuth.de\/home\/wp-content\/plugins\/shortcodes-ultimate-pro\/vendor\/jplayer\/jplayer.swf\" data-autoplay=\"no\" data-loop=\"no\" style=\"max-width:\"><div id=\"su_audio_player_69f1a0abd01e2\" class=\"jp-jplayer\"><\/div><div id=\"su_audio_player_69f1a0abd01e2_container\" class=\"jp-audio\"><div class=\"jp-type-single\"><div class=\"jp-gui jp-interface\"><div class=\"jp-controls\"><span class=\"jp-play\"><\/span><span class=\"jp-pause\"><\/span><span class=\"jp-stop\"><\/span><span class=\"jp-mute\"><\/span><span class=\"jp-unmute\"><\/span><span class=\"jp-volume-max\"><\/span><\/div><div class=\"jp-progress\"><div class=\"jp-seek-bar\"><div class=\"jp-play-bar\"><\/div><\/div><\/div><div class=\"jp-volume-bar\"><div class=\"jp-volume-bar-value\"><\/div><\/div><div class=\"jp-current-time\"><\/div><div class=\"jp-duration\"><\/div><\/div><div class=\"jp-title\"><\/div><\/div><\/div><\/div>\n<p class=\"ohne\">oder Peter Hacks \u201eDer Winter\u201c <\/p>\n<div class=\"su-audio ohne\" data-id=\"su_audio_player_69f1a0abd01fd\" data-audio=\"https:\/\/www.rwg-bayreuth.de\/home\/wp-content\/uploads\/2021\/02\/20-21-LdL-Der-Winter.mp3\" data-swf=\"https:\/\/www.rwg-bayreuth.de\/home\/wp-content\/plugins\/shortcodes-ultimate-pro\/vendor\/jplayer\/jplayer.swf\" data-autoplay=\"no\" data-loop=\"no\" style=\"max-width:\"><div id=\"su_audio_player_69f1a0abd01fd\" class=\"jp-jplayer\"><\/div><div id=\"su_audio_player_69f1a0abd01fd_container\" class=\"jp-audio\"><div class=\"jp-type-single\"><div class=\"jp-gui jp-interface\"><div class=\"jp-controls\"><span class=\"jp-play\"><\/span><span class=\"jp-pause\"><\/span><span class=\"jp-stop\"><\/span><span class=\"jp-mute\"><\/span><span class=\"jp-unmute\"><\/span><span class=\"jp-volume-max\"><\/span><\/div><div class=\"jp-progress\"><div class=\"jp-seek-bar\"><div class=\"jp-play-bar\"><\/div><\/div><\/div><div class=\"jp-volume-bar\"><div class=\"jp-volume-bar-value\"><\/div><\/div><div class=\"jp-current-time\"><\/div><div class=\"jp-duration\"><\/div><\/div><div class=\"jp-title\"><\/div><\/div><\/div><\/div>\n<p>(Hinweis: Zur Zeit der Erarbeitung herrschte gerade tiefstes Winterwetter bei bis zu minus 20 Grad&#8230;da mag sich manch einer sicherlich die neuerlichen Fr\u00fchlingstemperaturen herbeigesehnt haben\u2026); <\/p>\n<p>au\u00dferdem konnten die Kinder als Alternative auch Wilhelm Buschs \u201eGemartert\u201c vortragen (das Thema hier ist die Beschreibung der Strapazen, die ein Klavier w\u00e4hrend der Dauer seines \u201aLebens\u2018 auf sich nehmen muss, etwa, wenn es von den unterschiedlich \u201avirtuosen\u2018 Spieler(inn)en maltr\u00e4tiert wird\u2026 &#8211; vielleicht hat ja der Eine oder Andere w\u00e4hrend der Zeit des Lockdowns auch ein neues Hobby f\u00fcr sich entdeckt?!)<\/p>\n<div class=\"su-audio ohne\" data-id=\"su_audio_player_69f1a0abd020e\" data-audio=\"https:\/\/www.rwg-bayreuth.de\/home\/wp-content\/uploads\/2021\/02\/G20-21-LdL-emartert.mp3\" data-swf=\"https:\/\/www.rwg-bayreuth.de\/home\/wp-content\/plugins\/shortcodes-ultimate-pro\/vendor\/jplayer\/jplayer.swf\" data-autoplay=\"no\" data-loop=\"no\" style=\"\"><div id=\"su_audio_player_69f1a0abd020e\" class=\"jp-jplayer\"><\/div><div id=\"su_audio_player_69f1a0abd020e_container\" class=\"jp-audio\"><div class=\"jp-type-single\"><div class=\"jp-gui jp-interface\"><div class=\"jp-controls\"><span class=\"jp-play\"><\/span><span class=\"jp-pause\"><\/span><span class=\"jp-stop\"><\/span><span class=\"jp-mute\"><\/span><span class=\"jp-unmute\"><\/span><span class=\"jp-volume-max\"><\/span><\/div><div class=\"jp-progress\"><div class=\"jp-seek-bar\"><div class=\"jp-play-bar\"><\/div><\/div><\/div><div class=\"jp-volume-bar\"><div class=\"jp-volume-bar-value\"><\/div><\/div><div class=\"jp-current-time\"><\/div><div class=\"jp-duration\"><\/div><\/div><div class=\"jp-title\"><\/div><\/div><\/div><\/div>\n<p>Nach der individuellen Entscheidungsphase wurde intensiv ge\u00fcbt, bevor der gro\u00dfe Auftritt bevorstand; vielen Dank an dieser Stelle auch an die Eltern und Geschwister, die vielleicht sogar mehrfach als geduldige Zuh\u00f6rer f\u00fcr die \u201aGeneralprobe\u2018 des Gedichtvortrags einspringen mussten. \ud83d\ude42 Abgeschlossen wurde das Projekt zuletzt durch die Aufnahme des eigenen Vortrags als Audiodatei auf mebis, sodass es am Ende v.a. Frau Track selbst vorbehalten war, 24 mehr oder weniger perfekt gelungene Gedichtvortr\u00e4ge anh\u00f6ren zu d\u00fcrfen! Eine Kostprobe erhielt die Klasse zudem von Annika, die sich mutig in der Videokonferenz mit Bild und Ton dem Publikum stellte \u2013 Respekt! <\/p>\n<p>Liebe Sch\u00fcler\/innen, ihr habt eure Sache mehr als gut gemeistert und k\u00f6nnt wirklich stolz auf eure Leistung sein \u2013 denn wenn die Wirkung eines Vortrags am Ende ganz allein von der blo\u00dfen Stimme selbst abh\u00e4ngt, ist daf\u00fcr ganz sch\u00f6n viel Konzentration, Einf\u00fchlungsverm\u00f6gen und auch Ausdrucksst\u00e4rke verlangt. Das habt ihr alle wirklich toll hinbekommen! <\/p>\n<p>Und am Ende war das ganz gewiss noch viel sch\u00f6ner anzuh\u00f6ren als unter einer Maske, wie sie nun seit geraumer Zeit im Pr\u00e4senzunterricht ja leider weiterhin gefordert ist.<\/p>\n<p><em>S. Track (mit flei\u00dfiger Unterst\u00fctzung der Unterstufensch\u00fcler\/innen der Klasse 5c)<\/em><\/p>\n","protected":false},"excerpt":{"rendered":"<p>Im Zentrum des vierten Teils unserer Reihe \u201aLernen [d]trotz Lockdown\u2018 stehen im Wesentlichen H\u00f6rdateien, welche im Rahmen einer Unterrichtssequenz zum Thema \u201aLyrik\u2018 entstanden sind: Die Klasse 5c befasste sich dabei im Deutschunterricht eine Woche lang im Distanzunterricht mit den Grundlagen, die es braucht, um ein Gedicht ordentlich in seiner dargebotenen Form erfassen zu k\u00f6nnen \u2013&hellip;<\/p>\n","protected":false},"author":11,"featured_media":28354,"comment_status":"closed","ping_status":"closed","sticky":false,"template":"","format":"standard","meta":{"footnotes":""},"categories":[1],"tags":[59,51,131],"_links":{"self":[{"href":"https:\/\/www.rwg-bayreuth.de\/home\/index.php?rest_route=\/wp\/v2\/posts\/28346"}],"collection":[{"href":"https:\/\/www.rwg-bayreuth.de\/home\/index.php?rest_route=\/wp\/v2\/posts"}],"about":[{"href":"https:\/\/www.rwg-bayreuth.de\/home\/index.php?rest_route=\/wp\/v2\/types\/post"}],"author":[{"embeddable":true,"href":"https:\/\/www.rwg-bayreuth.de\/home\/index.php?rest_route=\/wp\/v2\/users\/11"}],"replies":[{"embeddable":true,"href":"https:\/\/www.rwg-bayreuth.de\/home\/index.php?rest_route=%2Fwp%2Fv2%2Fcomments&post=28346"}],"version-history":[{"count":16,"href":"https:\/\/www.rwg-bayreuth.de\/home\/index.php?rest_route=\/wp\/v2\/posts\/28346\/revisions"}],"predecessor-version":[{"id":28382,"href":"https:\/\/www.rwg-bayreuth.de\/home\/index.php?rest_route=\/wp\/v2\/posts\/28346\/revisions\/28382"}],"wp:featuredmedia":[{"embeddable":true,"href":"https:\/\/www.rwg-bayreuth.de\/home\/index.php?rest_route=\/wp\/v2\/media\/28354"}],"wp:attachment":[{"href":"https:\/\/www.rwg-bayreuth.de\/home\/index.php?rest_route=%2Fwp%2Fv2%2Fmedia&parent=28346"}],"wp:term":[{"taxonomy":"category","embeddable":true,"href":"https:\/\/www.rwg-bayreuth.de\/home\/index.php?rest_route=%2Fwp%2Fv2%2Fcategories&post=28346"},{"taxonomy":"post_tag","embeddable":true,"href":"https:\/\/www.rwg-bayreuth.de\/home\/index.php?rest_route=%2Fwp%2Fv2%2Ftags&post=28346"}],"curies":[{"name":"wp","href":"https:\/\/api.w.org\/{rel}","templated":true}]}}