{"id":28171,"date":"2021-02-08T09:00:17","date_gmt":"2021-02-08T08:00:17","guid":{"rendered":"http:\/\/www.rwg-bayreuth.de\/home\/?p=28171"},"modified":"2021-02-26T23:31:58","modified_gmt":"2021-02-26T22:31:58","slug":"ldl-teil-1-gestaltung-von-lapbooks-zum-thema-balladen","status":"publish","type":"post","link":"https:\/\/www.rwg-bayreuth.de\/home\/?p=28171","title":{"rendered":"\u201aLdL\u2018 \u2013 Teil 1: Gestaltung von Lapbooks zum Thema Balladen"},"content":{"rendered":"<div id=\"attachment_28179\" style=\"width: 460px\" class=\"wp-caption aligncenter\"><a href=\"https:\/\/www.rwg-bayreuth.de\/home\/wp-content\/uploads\/2021\/02\/20-21-Deutsch-LdL-Die-Brueck-am-Tay-1.jpg\"><img loading=\"lazy\" decoding=\"async\" aria-describedby=\"caption-attachment-28179\" src=\"https:\/\/www.rwg-bayreuth.de\/home\/wp-content\/uploads\/2021\/02\/20-21-Deutsch-LdL-Die-Brueck-am-Tay-1-450x338.jpg\" alt=\"\" width=\"450\" height=\"338\" class=\"size-medium wp-image-28179\" srcset=\"https:\/\/www.rwg-bayreuth.de\/home\/wp-content\/uploads\/2021\/02\/20-21-Deutsch-LdL-Die-Brueck-am-Tay-1-450x338.jpg 450w, https:\/\/www.rwg-bayreuth.de\/home\/wp-content\/uploads\/2021\/02\/20-21-Deutsch-LdL-Die-Brueck-am-Tay-1-768x576.jpg 768w, https:\/\/www.rwg-bayreuth.de\/home\/wp-content\/uploads\/2021\/02\/20-21-Deutsch-LdL-Die-Brueck-am-Tay-1-250x188.jpg 250w, https:\/\/www.rwg-bayreuth.de\/home\/wp-content\/uploads\/2021\/02\/20-21-Deutsch-LdL-Die-Brueck-am-Tay-1.jpg 1024w\" sizes=\"(max-width: 450px) 100vw, 450px\" \/><\/a><p id=\"caption-attachment-28179\" class=\"wp-caption-text\">Die Br\u00fcck am Tay 1<\/p><\/div>\n<p>Den ersten Teil unserer Reihe \u201aLernen <span style='text-decoration: line-through !important;'>[d]<\/span>trotz Lockdown\u2018 bildet ein Projekt, das im Unterricht der 8. Jahrgangsstufe durchgef\u00fchrt wurde:<\/p>\n<p>Die Unterrichtssequenz war derart aufgebaut, dass die Sch\u00fcler\/innen integrativ an die Schreibform des Informierens bzw. Wiedergebens des Inhalts von literarischen Texten herangef\u00fchrt wurden. Die Klasse 8c bet\u00e4tigte sich im Unterricht von Frau Heberle dabei k\u00fcnstlerisch-kreativ, indem sie anhand einer exemplarischen Ballade (hier Theodor Fontanes \u201eJohn Maynard\u201c) die einzelnen Strophen grafisch in einer \u201aBildergeschichte\u2018 darstellte. So konnte den Sch\u00fcler\/innen die Bedeutung einzelner f\u00fcr die Zusammenfassung von (nicht nur) literarischen Texten wichtigen Sinnabschnitte plausibel gemacht werden; die Klasse befasste sich zudem mit den Merkmalen der von Goethe als \u201eUr-Ei der Dichtung\u201c bezeichneten Ballade mit ihrer Verquickung von lyrischen, dramatischen und epischen Elementen.<\/p>\n<p>Die informierende Schreibform des Zusammenfassens von Texten wurde nicht nur durch das eigenst\u00e4ndige Verfassen weiterer Inhaltsangaben zu ausgew\u00e4hlten Balladen in Gruppenarbeit vertieft; die Sch\u00fcler\/innen sollten zudem ein Lapbook zu ihrer bearbeiteten Textgrundlage erstellen \u2013 Letzteres war v.a. in der Phase des Distanz- bzw. Wechselunterrichts ideal zu bewerkstelligen! Zur Auswahl standen dabei u.a. Goethes \u201eDer Zauberlehrling\u201c, Fontanes \u201eDie Br\u00fcck` am Tay\u201c, , K\u00e4stners \u201eDer Handstand auf der Loreley\u201c oder F\u00fchmanns \u201eLob des Ungehorsams\u201c.<\/p>\n<div class=\"su-image-carousel  su-image-carousel-columns-3 su-image-carousel-has-spacing su-image-carousel-crop su-image-carousel-crop-4-3 su-image-carousel-has-lightbox su-image-carousel-has-outline su-image-carousel-adaptive su-image-carousel-slides-style-minimal su-image-carousel-controls-style-light su-image-carousel-align-none\" style=\"\" data-flickity-options='{\"groupCells\":true,\"cellSelector\":\".su-image-carousel-item\",\"adaptiveHeight\":false,\"cellAlign\":\"left\",\"prevNextButtons\":true,\"pageDots\":false,\"autoPlay\":4000,\"imagesLoaded\":true,\"contain\":true,\"selectedAttraction\":0.025000000000000001,\"friction\":0.28000000000000003}' id=\"su_image_carousel_69f1aca6eb33c\"><div class=\"su-image-carousel-item\"><div class=\"su-image-carousel-item-content\"><a href=\"https:\/\/www.rwg-bayreuth.de\/home\/wp-content\/uploads\/2021\/02\/20-21-Deutsch-LdL-Die-Brueck-am-Tay-2.jpg\" data-caption=\"Die Br\u00fcck am Tay 2\"><img loading=\"lazy\" decoding=\"async\" width=\"768\" height=\"1024\" src=\"https:\/\/www.rwg-bayreuth.de\/home\/wp-content\/uploads\/2021\/02\/20-21-Deutsch-LdL-Die-Brueck-am-Tay-2-768x1024.jpg\" class=\"\" alt=\"\" srcset=\"https:\/\/www.rwg-bayreuth.de\/home\/wp-content\/uploads\/2021\/02\/20-21-Deutsch-LdL-Die-Brueck-am-Tay-2-768x1024.jpg 768w, https:\/\/www.rwg-bayreuth.de\/home\/wp-content\/uploads\/2021\/02\/20-21-Deutsch-LdL-Die-Brueck-am-Tay-2-338x450.jpg 338w, https:\/\/www.rwg-bayreuth.de\/home\/wp-content\/uploads\/2021\/02\/20-21-Deutsch-LdL-Die-Brueck-am-Tay-2-250x333.jpg 250w, https:\/\/www.rwg-bayreuth.de\/home\/wp-content\/uploads\/2021\/02\/20-21-Deutsch-LdL-Die-Brueck-am-Tay-2.jpg 1024w\" sizes=\"(max-width: 768px) 100vw, 768px\" \/><span>Die Br\u00fcck am Tay 2<\/span><\/a><\/div><\/div><div class=\"su-image-carousel-item\"><div class=\"su-image-carousel-item-content\"><a href=\"https:\/\/www.rwg-bayreuth.de\/home\/wp-content\/uploads\/2021\/02\/20-21-Deutsch-LdL-Die-Brueck-am-Tay-3.jpg\" data-caption=\"Die Br\u00fcck am Tay 3\"><img loading=\"lazy\" decoding=\"async\" width=\"900\" height=\"675\" src=\"https:\/\/www.rwg-bayreuth.de\/home\/wp-content\/uploads\/2021\/02\/20-21-Deutsch-LdL-Die-Brueck-am-Tay-3.jpg\" class=\"\" alt=\"\" srcset=\"https:\/\/www.rwg-bayreuth.de\/home\/wp-content\/uploads\/2021\/02\/20-21-Deutsch-LdL-Die-Brueck-am-Tay-3.jpg 1024w, https:\/\/www.rwg-bayreuth.de\/home\/wp-content\/uploads\/2021\/02\/20-21-Deutsch-LdL-Die-Brueck-am-Tay-3-450x338.jpg 450w, https:\/\/www.rwg-bayreuth.de\/home\/wp-content\/uploads\/2021\/02\/20-21-Deutsch-LdL-Die-Brueck-am-Tay-3-768x576.jpg 768w, https:\/\/www.rwg-bayreuth.de\/home\/wp-content\/uploads\/2021\/02\/20-21-Deutsch-LdL-Die-Brueck-am-Tay-3-250x188.jpg 250w\" sizes=\"(max-width: 900px) 100vw, 900px\" \/><span>Die Br\u00fcck am Tay 3<\/span><\/a><\/div><\/div><div class=\"su-image-carousel-item\"><div class=\"su-image-carousel-item-content\"><a href=\"https:\/\/www.rwg-bayreuth.de\/home\/wp-content\/uploads\/2021\/02\/20-21-Deutsch-LdL-Die-Brueck-am-Tay-4.jpg\" data-caption=\"Die Br\u00fcck am Tay 4\"><img loading=\"lazy\" decoding=\"async\" width=\"900\" height=\"675\" src=\"https:\/\/www.rwg-bayreuth.de\/home\/wp-content\/uploads\/2021\/02\/20-21-Deutsch-LdL-Die-Brueck-am-Tay-4.jpg\" class=\"\" alt=\"\" srcset=\"https:\/\/www.rwg-bayreuth.de\/home\/wp-content\/uploads\/2021\/02\/20-21-Deutsch-LdL-Die-Brueck-am-Tay-4.jpg 1024w, https:\/\/www.rwg-bayreuth.de\/home\/wp-content\/uploads\/2021\/02\/20-21-Deutsch-LdL-Die-Brueck-am-Tay-4-450x338.jpg 450w, https:\/\/www.rwg-bayreuth.de\/home\/wp-content\/uploads\/2021\/02\/20-21-Deutsch-LdL-Die-Brueck-am-Tay-4-768x576.jpg 768w, https:\/\/www.rwg-bayreuth.de\/home\/wp-content\/uploads\/2021\/02\/20-21-Deutsch-LdL-Die-Brueck-am-Tay-4-250x188.jpg 250w\" sizes=\"(max-width: 900px) 100vw, 900px\" \/><span>Die Br\u00fcck am Tay 4<\/span><\/a><\/div><\/div><\/div><script id=\"su_image_carousel_69f1aca6eb33c_script\">if(window.SUImageCarousel){setTimeout(function() {window.SUImageCarousel.initGallery(document.getElementById(\"su_image_carousel_69f1aca6eb33c\"))}, 0);}var su_image_carousel_69f1aca6eb33c_script=document.getElementById(\"su_image_carousel_69f1aca6eb33c_script\");if(su_image_carousel_69f1aca6eb33c_script){su_image_carousel_69f1aca6eb33c_script.parentNode.removeChild(su_image_carousel_69f1aca6eb33c_script);}<\/script>\n<p>Ein Lapbook ist ein Buch, das auf dem Scho\u00df gehalten werden kann (engl. lap = Scho\u00df). Bei diesem \u201eBuch\u201c handelt es sich um eine mehrfach aufklappbare Mappe, in die kleine Klappkarten, Taschen, Faltb\u00fccher und Umschl\u00e4ge integriert sind. Darin befinden sich zeichnerisch und schriftlich dargestellte Erkenntnisse zu einem bestimmten Thema. <\/p>\n<p>Im Sinne der Schulaufgabenvorbereitung (Zusammenfassung von literarischen Texten) einerseits sowie der k\u00fcnstlerisch-kreativen Erschlie\u00dfung der Balladen andererseits waren neben \u201atechnischen\u2018 Aspekten zu Gattung, Inhalt und Sprache ebenso \u00e4sthetische Gestaltungsprinzipien gefordert: Die Sch\u00fcler\/innen konnten beispielsweise eine Art Comic-Strip der Ballade erstellen und\/oder dem Inhalt des Textes als Zeitungsartikel verfassen; es war zudem die grafische Aufbereitung einer Personenkonstellation gefordert, die das Verh\u00e4ltnis der Figuren zueinander beleuchtet.<\/p>\n<p>Und schlie\u00dflich sollte auch die eigene Meinungsbildung nicht zu kurz kommen, indem die Deutschlehrerin eine pers\u00f6nliche Stellungnahme zu dem\/der in der Ballade behandelten Thema\/Problematik forderte \u2013 eine insgesamt ambitionierte Aufgabe, welche die Sch\u00fcler\/innen aber mit gro\u00dfem Engagement meisterten. Somit konnten sich auch die Ergebnisse des Distanzunterrichts und die Pr\u00e4sentationen im Homeschooling mehr als sehen lassen! <\/p>\n<div class=\"su-image-carousel  su-image-carousel-columns-3 su-image-carousel-has-spacing su-image-carousel-crop su-image-carousel-crop-4-3 su-image-carousel-has-lightbox su-image-carousel-has-outline su-image-carousel-adaptive su-image-carousel-slides-style-minimal su-image-carousel-controls-style-light su-image-carousel-align-none\" style=\"\" data-flickity-options='{\"groupCells\":true,\"cellSelector\":\".su-image-carousel-item\",\"adaptiveHeight\":false,\"cellAlign\":\"left\",\"prevNextButtons\":true,\"pageDots\":false,\"autoPlay\":4000,\"imagesLoaded\":true,\"contain\":true,\"selectedAttraction\":0.025000000000000001,\"friction\":0.28000000000000003}' id=\"su_image_carousel_69f1aca6eb714\"><div class=\"su-image-carousel-item\"><div class=\"su-image-carousel-item-content\"><a href=\"https:\/\/www.rwg-bayreuth.de\/home\/wp-content\/uploads\/2021\/02\/20-21-Deutsch-LdL-Lob-des-Ungehorsams-1.jpg\" data-caption=\"Lob des Ungehorsams 1\"><img loading=\"lazy\" decoding=\"async\" width=\"768\" height=\"1024\" src=\"https:\/\/www.rwg-bayreuth.de\/home\/wp-content\/uploads\/2021\/02\/20-21-Deutsch-LdL-Lob-des-Ungehorsams-1-768x1024.jpg\" class=\"\" alt=\"\" srcset=\"https:\/\/www.rwg-bayreuth.de\/home\/wp-content\/uploads\/2021\/02\/20-21-Deutsch-LdL-Lob-des-Ungehorsams-1-768x1024.jpg 768w, https:\/\/www.rwg-bayreuth.de\/home\/wp-content\/uploads\/2021\/02\/20-21-Deutsch-LdL-Lob-des-Ungehorsams-1-338x450.jpg 338w, https:\/\/www.rwg-bayreuth.de\/home\/wp-content\/uploads\/2021\/02\/20-21-Deutsch-LdL-Lob-des-Ungehorsams-1-250x333.jpg 250w, https:\/\/www.rwg-bayreuth.de\/home\/wp-content\/uploads\/2021\/02\/20-21-Deutsch-LdL-Lob-des-Ungehorsams-1.jpg 1024w\" sizes=\"(max-width: 768px) 100vw, 768px\" \/><span>Lob des Ungehorsams 1<\/span><\/a><\/div><\/div><div class=\"su-image-carousel-item\"><div class=\"su-image-carousel-item-content\"><a href=\"https:\/\/www.rwg-bayreuth.de\/home\/wp-content\/uploads\/2021\/02\/20-21-Deutsch-LdL-Lob-des-Ungehorsams-2.jpg\" data-caption=\"Lob des Ungehorsams 2\"><img loading=\"lazy\" decoding=\"async\" width=\"900\" height=\"675\" src=\"https:\/\/www.rwg-bayreuth.de\/home\/wp-content\/uploads\/2021\/02\/20-21-Deutsch-LdL-Lob-des-Ungehorsams-2.jpg\" class=\"\" alt=\"\" srcset=\"https:\/\/www.rwg-bayreuth.de\/home\/wp-content\/uploads\/2021\/02\/20-21-Deutsch-LdL-Lob-des-Ungehorsams-2.jpg 1024w, https:\/\/www.rwg-bayreuth.de\/home\/wp-content\/uploads\/2021\/02\/20-21-Deutsch-LdL-Lob-des-Ungehorsams-2-450x338.jpg 450w, https:\/\/www.rwg-bayreuth.de\/home\/wp-content\/uploads\/2021\/02\/20-21-Deutsch-LdL-Lob-des-Ungehorsams-2-768x576.jpg 768w, https:\/\/www.rwg-bayreuth.de\/home\/wp-content\/uploads\/2021\/02\/20-21-Deutsch-LdL-Lob-des-Ungehorsams-2-250x188.jpg 250w\" sizes=\"(max-width: 900px) 100vw, 900px\" \/><span>Lob des Ungehorsams 2<\/span><\/a><\/div><\/div><div class=\"su-image-carousel-item\"><div class=\"su-image-carousel-item-content\"><a href=\"https:\/\/www.rwg-bayreuth.de\/home\/wp-content\/uploads\/2021\/02\/20-21-Deutsch-LdL-Der-Zauberlehrling-1.jpg\" data-caption=\"Der Zauberlehrling 1\"><img loading=\"lazy\" decoding=\"async\" width=\"768\" height=\"1024\" src=\"https:\/\/www.rwg-bayreuth.de\/home\/wp-content\/uploads\/2021\/02\/20-21-Deutsch-LdL-Der-Zauberlehrling-1-768x1024.jpg\" class=\"\" alt=\"\" srcset=\"https:\/\/www.rwg-bayreuth.de\/home\/wp-content\/uploads\/2021\/02\/20-21-Deutsch-LdL-Der-Zauberlehrling-1-768x1024.jpg 768w, https:\/\/www.rwg-bayreuth.de\/home\/wp-content\/uploads\/2021\/02\/20-21-Deutsch-LdL-Der-Zauberlehrling-1-338x450.jpg 338w, https:\/\/www.rwg-bayreuth.de\/home\/wp-content\/uploads\/2021\/02\/20-21-Deutsch-LdL-Der-Zauberlehrling-1-250x333.jpg 250w, https:\/\/www.rwg-bayreuth.de\/home\/wp-content\/uploads\/2021\/02\/20-21-Deutsch-LdL-Der-Zauberlehrling-1.jpg 1024w\" sizes=\"(max-width: 768px) 100vw, 768px\" \/><span>Der Zauberlehrling 1<\/span><\/a><\/div><\/div><div class=\"su-image-carousel-item\"><div class=\"su-image-carousel-item-content\"><a href=\"https:\/\/www.rwg-bayreuth.de\/home\/wp-content\/uploads\/2021\/02\/20-21-Deutsch-LdL-Der-Zauberlehrling-2.jpg\" data-caption=\"Der Zauberlehrling 2\"><img loading=\"lazy\" decoding=\"async\" width=\"900\" height=\"675\" src=\"https:\/\/www.rwg-bayreuth.de\/home\/wp-content\/uploads\/2021\/02\/20-21-Deutsch-LdL-Der-Zauberlehrling-2.jpg\" class=\"\" alt=\"\" srcset=\"https:\/\/www.rwg-bayreuth.de\/home\/wp-content\/uploads\/2021\/02\/20-21-Deutsch-LdL-Der-Zauberlehrling-2.jpg 1024w, https:\/\/www.rwg-bayreuth.de\/home\/wp-content\/uploads\/2021\/02\/20-21-Deutsch-LdL-Der-Zauberlehrling-2-450x338.jpg 450w, https:\/\/www.rwg-bayreuth.de\/home\/wp-content\/uploads\/2021\/02\/20-21-Deutsch-LdL-Der-Zauberlehrling-2-768x576.jpg 768w, https:\/\/www.rwg-bayreuth.de\/home\/wp-content\/uploads\/2021\/02\/20-21-Deutsch-LdL-Der-Zauberlehrling-2-250x188.jpg 250w\" sizes=\"(max-width: 900px) 100vw, 900px\" \/><span>Der Zauberlehrling 2<\/span><\/a><\/div><\/div><\/div><script id=\"su_image_carousel_69f1aca6eb714_script\">if(window.SUImageCarousel){setTimeout(function() {window.SUImageCarousel.initGallery(document.getElementById(\"su_image_carousel_69f1aca6eb714\"))}, 0);}var su_image_carousel_69f1aca6eb714_script=document.getElementById(\"su_image_carousel_69f1aca6eb714_script\");if(su_image_carousel_69f1aca6eb714_script){su_image_carousel_69f1aca6eb714_script.parentNode.removeChild(su_image_carousel_69f1aca6eb714_script);}<\/script>\n<p><em>S. Track \/ C. Heberle \u2013 mit tatkr\u00e4ftiger Unterst\u00fctzung der Sch\u00fcler\/innen der Klasse 8c<\/em><\/p>\n","protected":false},"excerpt":{"rendered":"<p>Den ersten Teil unserer Reihe \u201aLernen [d]trotz Lockdown\u2018 bildet ein Projekt, das im Unterricht der 8. Jahrgangsstufe durchgef\u00fchrt wurde: Die Unterrichtssequenz war derart aufgebaut, dass die Sch\u00fcler\/innen integrativ an die Schreibform des Informierens bzw. Wiedergebens des Inhalts von literarischen Texten herangef\u00fchrt wurden. Die Klasse 8c bet\u00e4tigte sich im Unterricht von Frau Heberle dabei k\u00fcnstlerisch-kreativ, indem&hellip;<\/p>\n","protected":false},"author":11,"featured_media":28182,"comment_status":"closed","ping_status":"closed","sticky":false,"template":"","format":"standard","meta":{"footnotes":""},"categories":[1],"tags":[59,51,131],"_links":{"self":[{"href":"https:\/\/www.rwg-bayreuth.de\/home\/index.php?rest_route=\/wp\/v2\/posts\/28171"}],"collection":[{"href":"https:\/\/www.rwg-bayreuth.de\/home\/index.php?rest_route=\/wp\/v2\/posts"}],"about":[{"href":"https:\/\/www.rwg-bayreuth.de\/home\/index.php?rest_route=\/wp\/v2\/types\/post"}],"author":[{"embeddable":true,"href":"https:\/\/www.rwg-bayreuth.de\/home\/index.php?rest_route=\/wp\/v2\/users\/11"}],"replies":[{"embeddable":true,"href":"https:\/\/www.rwg-bayreuth.de\/home\/index.php?rest_route=%2Fwp%2Fv2%2Fcomments&post=28171"}],"version-history":[{"count":7,"href":"https:\/\/www.rwg-bayreuth.de\/home\/index.php?rest_route=\/wp\/v2\/posts\/28171\/revisions"}],"predecessor-version":[{"id":28187,"href":"https:\/\/www.rwg-bayreuth.de\/home\/index.php?rest_route=\/wp\/v2\/posts\/28171\/revisions\/28187"}],"wp:featuredmedia":[{"embeddable":true,"href":"https:\/\/www.rwg-bayreuth.de\/home\/index.php?rest_route=\/wp\/v2\/media\/28182"}],"wp:attachment":[{"href":"https:\/\/www.rwg-bayreuth.de\/home\/index.php?rest_route=%2Fwp%2Fv2%2Fmedia&parent=28171"}],"wp:term":[{"taxonomy":"category","embeddable":true,"href":"https:\/\/www.rwg-bayreuth.de\/home\/index.php?rest_route=%2Fwp%2Fv2%2Fcategories&post=28171"},{"taxonomy":"post_tag","embeddable":true,"href":"https:\/\/www.rwg-bayreuth.de\/home\/index.php?rest_route=%2Fwp%2Fv2%2Ftags&post=28171"}],"curies":[{"name":"wp","href":"https:\/\/api.w.org\/{rel}","templated":true}]}}