{"id":28100,"date":"2021-02-09T15:28:53","date_gmt":"2021-02-09T14:28:53","guid":{"rendered":"http:\/\/www.rwg-bayreuth.de\/home\/?p=28100"},"modified":"2021-03-29T20:32:58","modified_gmt":"2021-03-29T18:32:58","slug":"kostuempraemierung-der-unterstufe","status":"publish","type":"post","link":"https:\/\/www.rwg-bayreuth.de\/home\/?p=28100","title":{"rendered":"Kost\u00fcmpr\u00e4mierung der Unterstufe"},"content":{"rendered":"<h1>Faschingsbilder<\/h1>\n<div class=\"su-image-carousel  su-image-carousel-columns-3 su-image-carousel-has-spacing su-image-carousel-crop su-image-carousel-crop-3-4 su-image-carousel-has-lightbox su-image-carousel-has-outline su-image-carousel-adaptive su-image-carousel-slides-style-minimal su-image-carousel-controls-style-light su-image-carousel-align-none\" style=\"\" data-flickity-options='{\"groupCells\":true,\"cellSelector\":\".su-image-carousel-item\",\"adaptiveHeight\":false,\"cellAlign\":\"left\",\"prevNextButtons\":true,\"pageDots\":false,\"autoPlay\":4000,\"imagesLoaded\":true,\"contain\":true,\"selectedAttraction\":0.025000000000000001,\"friction\":0.28000000000000003}' id=\"su_image_carousel_69f1a0accfc3e\"><div class=\"su-image-carousel-item\"><div class=\"su-image-carousel-item-content\"><a href=\"https:\/\/www.rwg-bayreuth.de\/home\/wp-content\/uploads\/2021\/02\/20-21-SMV-Faschingsaktiont-6.jpg\" data-caption=\"\"><img loading=\"lazy\" decoding=\"async\" width=\"768\" height=\"768\" src=\"https:\/\/www.rwg-bayreuth.de\/home\/wp-content\/uploads\/2021\/02\/20-21-SMV-Faschingsaktiont-6-768x768.jpg\" class=\"\" alt=\"\" srcset=\"https:\/\/www.rwg-bayreuth.de\/home\/wp-content\/uploads\/2021\/02\/20-21-SMV-Faschingsaktiont-6-768x768.jpg 768w, https:\/\/www.rwg-bayreuth.de\/home\/wp-content\/uploads\/2021\/02\/20-21-SMV-Faschingsaktiont-6-450x450.jpg 450w, https:\/\/www.rwg-bayreuth.de\/home\/wp-content\/uploads\/2021\/02\/20-21-SMV-Faschingsaktiont-6.jpg 1024w, https:\/\/www.rwg-bayreuth.de\/home\/wp-content\/uploads\/2021\/02\/20-21-SMV-Faschingsaktiont-6-150x150.jpg 150w, https:\/\/www.rwg-bayreuth.de\/home\/wp-content\/uploads\/2021\/02\/20-21-SMV-Faschingsaktiont-6-250x250.jpg 250w\" sizes=\"(max-width: 768px) 100vw, 768px\" \/><\/a><\/div><\/div><div class=\"su-image-carousel-item\"><div class=\"su-image-carousel-item-content\"><a href=\"https:\/\/www.rwg-bayreuth.de\/home\/wp-content\/uploads\/2021\/02\/20-21-SMV-Faschingsaktiont-3.jpg\" data-caption=\"\"><img loading=\"lazy\" decoding=\"async\" width=\"768\" height=\"768\" src=\"https:\/\/www.rwg-bayreuth.de\/home\/wp-content\/uploads\/2021\/02\/20-21-SMV-Faschingsaktiont-3-768x768.jpg\" class=\"\" alt=\"\" srcset=\"https:\/\/www.rwg-bayreuth.de\/home\/wp-content\/uploads\/2021\/02\/20-21-SMV-Faschingsaktiont-3-768x768.jpg 768w, https:\/\/www.rwg-bayreuth.de\/home\/wp-content\/uploads\/2021\/02\/20-21-SMV-Faschingsaktiont-3-450x450.jpg 450w, https:\/\/www.rwg-bayreuth.de\/home\/wp-content\/uploads\/2021\/02\/20-21-SMV-Faschingsaktiont-3.jpg 1024w, https:\/\/www.rwg-bayreuth.de\/home\/wp-content\/uploads\/2021\/02\/20-21-SMV-Faschingsaktiont-3-150x150.jpg 150w, https:\/\/www.rwg-bayreuth.de\/home\/wp-content\/uploads\/2021\/02\/20-21-SMV-Faschingsaktiont-3-250x250.jpg 250w\" sizes=\"(max-width: 768px) 100vw, 768px\" \/><\/a><\/div><\/div><div class=\"su-image-carousel-item\"><div class=\"su-image-carousel-item-content\"><a href=\"https:\/\/www.rwg-bayreuth.de\/home\/wp-content\/uploads\/2021\/02\/20-21-SMV-Faschingsaktiont-5.jpg\" data-caption=\"\"><img loading=\"lazy\" decoding=\"async\" width=\"768\" height=\"1024\" src=\"https:\/\/www.rwg-bayreuth.de\/home\/wp-content\/uploads\/2021\/02\/20-21-SMV-Faschingsaktiont-5.jpg\" class=\"\" alt=\"\" srcset=\"https:\/\/www.rwg-bayreuth.de\/home\/wp-content\/uploads\/2021\/02\/20-21-SMV-Faschingsaktiont-5.jpg 768w, https:\/\/www.rwg-bayreuth.de\/home\/wp-content\/uploads\/2021\/02\/20-21-SMV-Faschingsaktiont-5-338x450.jpg 338w, https:\/\/www.rwg-bayreuth.de\/home\/wp-content\/uploads\/2021\/02\/20-21-SMV-Faschingsaktiont-5-250x333.jpg 250w\" sizes=\"(max-width: 768px) 100vw, 768px\" \/><\/a><\/div><\/div><div class=\"su-image-carousel-item\"><div class=\"su-image-carousel-item-content\"><a href=\"https:\/\/www.rwg-bayreuth.de\/home\/wp-content\/uploads\/2021\/02\/20-21-SMV-Faschingsaktiont-9.jpg\" data-caption=\"\"><img loading=\"lazy\" decoding=\"async\" width=\"768\" height=\"1024\" src=\"https:\/\/www.rwg-bayreuth.de\/home\/wp-content\/uploads\/2021\/02\/20-21-SMV-Faschingsaktiont-9.jpg\" class=\"\" alt=\"\" srcset=\"https:\/\/www.rwg-bayreuth.de\/home\/wp-content\/uploads\/2021\/02\/20-21-SMV-Faschingsaktiont-9.jpg 768w, https:\/\/www.rwg-bayreuth.de\/home\/wp-content\/uploads\/2021\/02\/20-21-SMV-Faschingsaktiont-9-338x450.jpg 338w, https:\/\/www.rwg-bayreuth.de\/home\/wp-content\/uploads\/2021\/02\/20-21-SMV-Faschingsaktiont-9-250x333.jpg 250w\" sizes=\"(max-width: 768px) 100vw, 768px\" \/><\/a><\/div><\/div><div class=\"su-image-carousel-item\"><div class=\"su-image-carousel-item-content\"><a href=\"https:\/\/www.rwg-bayreuth.de\/home\/wp-content\/uploads\/2021\/02\/20-21-SMV-Faschingsaktiont-2.jpg\" data-caption=\"\"><img loading=\"lazy\" decoding=\"async\" width=\"768\" height=\"1024\" src=\"https:\/\/www.rwg-bayreuth.de\/home\/wp-content\/uploads\/2021\/02\/20-21-SMV-Faschingsaktiont-2.jpg\" class=\"\" alt=\"\" srcset=\"https:\/\/www.rwg-bayreuth.de\/home\/wp-content\/uploads\/2021\/02\/20-21-SMV-Faschingsaktiont-2.jpg 768w, https:\/\/www.rwg-bayreuth.de\/home\/wp-content\/uploads\/2021\/02\/20-21-SMV-Faschingsaktiont-2-338x450.jpg 338w, https:\/\/www.rwg-bayreuth.de\/home\/wp-content\/uploads\/2021\/02\/20-21-SMV-Faschingsaktiont-2-250x333.jpg 250w\" sizes=\"(max-width: 768px) 100vw, 768px\" \/><\/a><\/div><\/div><div class=\"su-image-carousel-item\"><div class=\"su-image-carousel-item-content\"><a href=\"https:\/\/www.rwg-bayreuth.de\/home\/wp-content\/uploads\/2021\/02\/20-21-SMV-Faschingsaktiont-1.jpg\" data-caption=\"\"><img loading=\"lazy\" decoding=\"async\" width=\"768\" height=\"1024\" src=\"https:\/\/www.rwg-bayreuth.de\/home\/wp-content\/uploads\/2021\/02\/20-21-SMV-Faschingsaktiont-1.jpg\" class=\"\" alt=\"\" srcset=\"https:\/\/www.rwg-bayreuth.de\/home\/wp-content\/uploads\/2021\/02\/20-21-SMV-Faschingsaktiont-1.jpg 768w, https:\/\/www.rwg-bayreuth.de\/home\/wp-content\/uploads\/2021\/02\/20-21-SMV-Faschingsaktiont-1-338x450.jpg 338w, https:\/\/www.rwg-bayreuth.de\/home\/wp-content\/uploads\/2021\/02\/20-21-SMV-Faschingsaktiont-1-250x333.jpg 250w\" sizes=\"(max-width: 768px) 100vw, 768px\" \/><\/a><\/div><\/div><div class=\"su-image-carousel-item\"><div class=\"su-image-carousel-item-content\"><a href=\"https:\/\/www.rwg-bayreuth.de\/home\/wp-content\/uploads\/2021\/02\/20-21-SMV-Faschingsaktiont-4.jpg\" data-caption=\"\"><img loading=\"lazy\" decoding=\"async\" width=\"768\" height=\"1024\" src=\"https:\/\/www.rwg-bayreuth.de\/home\/wp-content\/uploads\/2021\/02\/20-21-SMV-Faschingsaktiont-4.jpg\" class=\"\" alt=\"\" srcset=\"https:\/\/www.rwg-bayreuth.de\/home\/wp-content\/uploads\/2021\/02\/20-21-SMV-Faschingsaktiont-4.jpg 768w, https:\/\/www.rwg-bayreuth.de\/home\/wp-content\/uploads\/2021\/02\/20-21-SMV-Faschingsaktiont-4-338x450.jpg 338w, https:\/\/www.rwg-bayreuth.de\/home\/wp-content\/uploads\/2021\/02\/20-21-SMV-Faschingsaktiont-4-250x333.jpg 250w\" sizes=\"(max-width: 768px) 100vw, 768px\" \/><\/a><\/div><\/div><div class=\"su-image-carousel-item\"><div class=\"su-image-carousel-item-content\"><a href=\"https:\/\/www.rwg-bayreuth.de\/home\/wp-content\/uploads\/2021\/02\/20-21-SMV-Faschingsaktiont-7.jpg\" data-caption=\"\"><img loading=\"lazy\" decoding=\"async\" width=\"768\" height=\"1024\" src=\"https:\/\/www.rwg-bayreuth.de\/home\/wp-content\/uploads\/2021\/02\/20-21-SMV-Faschingsaktiont-7.jpg\" class=\"\" alt=\"\" srcset=\"https:\/\/www.rwg-bayreuth.de\/home\/wp-content\/uploads\/2021\/02\/20-21-SMV-Faschingsaktiont-7.jpg 768w, https:\/\/www.rwg-bayreuth.de\/home\/wp-content\/uploads\/2021\/02\/20-21-SMV-Faschingsaktiont-7-338x450.jpg 338w, https:\/\/www.rwg-bayreuth.de\/home\/wp-content\/uploads\/2021\/02\/20-21-SMV-Faschingsaktiont-7-250x333.jpg 250w\" sizes=\"(max-width: 768px) 100vw, 768px\" \/><\/a><\/div><\/div><div class=\"su-image-carousel-item\"><div class=\"su-image-carousel-item-content\"><a href=\"https:\/\/www.rwg-bayreuth.de\/home\/wp-content\/uploads\/2021\/02\/20-21-SMV-Faschingsaktiont-10.jpg\" data-caption=\"\"><img loading=\"lazy\" decoding=\"async\" width=\"450\" height=\"1024\" src=\"https:\/\/www.rwg-bayreuth.de\/home\/wp-content\/uploads\/2021\/02\/20-21-SMV-Faschingsaktiont-10.jpg\" class=\"\" alt=\"\" srcset=\"https:\/\/www.rwg-bayreuth.de\/home\/wp-content\/uploads\/2021\/02\/20-21-SMV-Faschingsaktiont-10.jpg 450w, https:\/\/www.rwg-bayreuth.de\/home\/wp-content\/uploads\/2021\/02\/20-21-SMV-Faschingsaktiont-10-198x450.jpg 198w, https:\/\/www.rwg-bayreuth.de\/home\/wp-content\/uploads\/2021\/02\/20-21-SMV-Faschingsaktiont-10-250x569.jpg 250w\" sizes=\"(max-width: 450px) 100vw, 450px\" \/><\/a><\/div><\/div><div class=\"su-image-carousel-item\"><div class=\"su-image-carousel-item-content\"><a href=\"https:\/\/www.rwg-bayreuth.de\/home\/wp-content\/uploads\/2021\/02\/20-21-SMV-Faschingsaktiont-8.jpg\" data-caption=\"\"><img loading=\"lazy\" decoding=\"async\" width=\"768\" height=\"1024\" src=\"https:\/\/www.rwg-bayreuth.de\/home\/wp-content\/uploads\/2021\/02\/20-21-SMV-Faschingsaktiont-8.jpg\" class=\"\" alt=\"\" srcset=\"https:\/\/www.rwg-bayreuth.de\/home\/wp-content\/uploads\/2021\/02\/20-21-SMV-Faschingsaktiont-8.jpg 768w, https:\/\/www.rwg-bayreuth.de\/home\/wp-content\/uploads\/2021\/02\/20-21-SMV-Faschingsaktiont-8-338x450.jpg 338w, https:\/\/www.rwg-bayreuth.de\/home\/wp-content\/uploads\/2021\/02\/20-21-SMV-Faschingsaktiont-8-250x333.jpg 250w\" sizes=\"(max-width: 768px) 100vw, 768px\" \/><\/a><\/div><\/div><\/div><script id=\"su_image_carousel_69f1a0accfc3e_script\">if(window.SUImageCarousel){setTimeout(function() {window.SUImageCarousel.initGallery(document.getElementById(\"su_image_carousel_69f1a0accfc3e\"))}, 0);}var su_image_carousel_69f1a0accfc3e_script=document.getElementById(\"su_image_carousel_69f1a0accfc3e_script\");if(su_image_carousel_69f1a0accfc3e_script){su_image_carousel_69f1a0accfc3e_script.parentNode.removeChild(su_image_carousel_69f1a0accfc3e_script);}<\/script>\n<p>&nbsp;<\/p>\n<h1>Siegerbilder<\/h1>\n<div class=\"su-row\"><div class=\"su-column su-column-size-1-3\"><div class=\"su-column-inner su-u-clearfix su-u-trim\">\n<p style=\"margin: 0pt\"><a href=\"https:\/\/www.rwg-bayreuth.de\/home\/wp-content\/uploads\/2021\/02\/20-21-SMV-Faschingsaktiont-8.jpg\"><img loading=\"lazy\" decoding=\"async\" src=\"https:\/\/www.rwg-bayreuth.de\/home\/wp-content\/uploads\/2021\/02\/20-21-SMV-Faschingsaktiont-8.jpg\" alt=\"\" width=\"768\" height=\"1024\" class=\"alignnone size-full wp-image-28225\" srcset=\"https:\/\/www.rwg-bayreuth.de\/home\/wp-content\/uploads\/2021\/02\/20-21-SMV-Faschingsaktiont-8.jpg 768w, https:\/\/www.rwg-bayreuth.de\/home\/wp-content\/uploads\/2021\/02\/20-21-SMV-Faschingsaktiont-8-338x450.jpg 338w, https:\/\/www.rwg-bayreuth.de\/home\/wp-content\/uploads\/2021\/02\/20-21-SMV-Faschingsaktiont-8-250x333.jpg 250w\" sizes=\"(max-width: 768px) 100vw, 768px\" \/><\/a><\/p>\n<h3>1. Pippi Langstrumpfs<\/h3>\n<p>&nbsp;<br \/>\n<\/div><\/div>\n<div class=\"su-column su-column-size-1-3\"><div class=\"su-column-inner su-u-clearfix su-u-trim\">\n<p style=\"margin: 0pt\"><a href=\"https:\/\/www.rwg-bayreuth.de\/home\/wp-content\/uploads\/2021\/02\/20-21-SMV-Faschingsaktiont-4.jpg\"><img loading=\"lazy\" decoding=\"async\" src=\"https:\/\/www.rwg-bayreuth.de\/home\/wp-content\/uploads\/2021\/02\/20-21-SMV-Faschingsaktiont-4.jpg\" alt=\"\" width=\"768\" height=\"1024\" class=\"alignnone size-full wp-image-28221\" srcset=\"https:\/\/www.rwg-bayreuth.de\/home\/wp-content\/uploads\/2021\/02\/20-21-SMV-Faschingsaktiont-4.jpg 768w, https:\/\/www.rwg-bayreuth.de\/home\/wp-content\/uploads\/2021\/02\/20-21-SMV-Faschingsaktiont-4-338x450.jpg 338w, https:\/\/www.rwg-bayreuth.de\/home\/wp-content\/uploads\/2021\/02\/20-21-SMV-Faschingsaktiont-4-250x333.jpg 250w\" sizes=\"(max-width: 768px) 100vw, 768px\" \/><\/a><\/p>\n<h3>2. Hermine<\/h3>\n<p>&nbsp;<br \/>\n<\/div><\/div>\n<div class=\"su-column su-column-size-1-3\"><div class=\"su-column-inner su-u-clearfix su-u-trim\">\n<p style=\"margin: 0pt\"><a href=\"https:\/\/www.rwg-bayreuth.de\/home\/wp-content\/uploads\/2021\/02\/20-21-SMV-Faschingsaktiont-10-b.jpg\"><img loading=\"lazy\" decoding=\"async\" src=\"https:\/\/www.rwg-bayreuth.de\/home\/wp-content\/uploads\/2021\/02\/20-21-SMV-Faschingsaktiont-10-b.jpg\" alt=\"\" width=\"768\" height=\"1024\" class=\"alignnone size-full wp-image-28235\" srcset=\"https:\/\/www.rwg-bayreuth.de\/home\/wp-content\/uploads\/2021\/02\/20-21-SMV-Faschingsaktiont-10-b.jpg 768w, https:\/\/www.rwg-bayreuth.de\/home\/wp-content\/uploads\/2021\/02\/20-21-SMV-Faschingsaktiont-10-b-338x450.jpg 338w, https:\/\/www.rwg-bayreuth.de\/home\/wp-content\/uploads\/2021\/02\/20-21-SMV-Faschingsaktiont-10-b-250x333.jpg 250w\" sizes=\"(max-width: 768px) 100vw, 768px\" \/><\/a><\/p>\n<h3>3. Ladybug<\/h3>\n<p>&nbsp;<br \/>\n<\/div><\/div><\/div>\n<h1>Faschingsaktion<\/h1>\n<p><a href=\"https:\/\/www.rwg-bayreuth.de\/home\/wp-content\/uploads\/2021\/02\/20-21-Faschingsplakat-B-1.jpg\"><img decoding=\"async\" src=\"https:\/\/www.rwg-bayreuth.de\/home\/wp-content\/uploads\/2021\/02\/20-21-Faschingsplakat-B-1.jpg\" alt=\"\" width=\"100%\" height=\"auto\" class=\"alignnone size-full wp-image-28107\" srcset=\"https:\/\/www.rwg-bayreuth.de\/home\/wp-content\/uploads\/2021\/02\/20-21-Faschingsplakat-B-1.jpg 1024w, https:\/\/www.rwg-bayreuth.de\/home\/wp-content\/uploads\/2021\/02\/20-21-Faschingsplakat-B-1-450x150.jpg 450w, https:\/\/www.rwg-bayreuth.de\/home\/wp-content\/uploads\/2021\/02\/20-21-Faschingsplakat-B-1-768x256.jpg 768w, https:\/\/www.rwg-bayreuth.de\/home\/wp-content\/uploads\/2021\/02\/20-21-Faschingsplakat-B-1-250x83.jpg 250w\" sizes=\"(max-width: 1024px) 100vw, 1024px\" \/><\/a><\/p>\n<h6>Liebe Unterstufe!<\/h6>\n<p>Leider ist es in diesem Jahr nicht m\u00f6glich, einen Fasching in der Schule zu feiern. Das soll uns aber nicht davon abhalten, Spa\u00df zu haben und uns zu verkleiden. Deshalb haben wir f\u00fcr euch einen etwas anderen digitalen Fasching organisiert. Als Thema haben wir uns &#8222;Kindheitshelden&#8220; ausgesucht. Hierf\u00fcr w\u00e4re es super, wenn ihr euch alle ein cooles Kost\u00fcm heraussucht und uns ein Foto von euch in die Cloud hochladet. Selbstverst\u00e4ndlich werden auch dieses Jahr wieder die Sieger auf unserer Homepage gek\u00fcrt sowie ein paar Seiten im Jahresbericht dazu gestaltet. Also legt los und macht flei\u00dfig mit!<\/p>\n<p><em>Eure Selina &#038; Nora<\/em><\/p>\n<p>PS: Schickt die Fotos gerne an mich im Cloud-Talk (Nora Vogl) bis zum 18.02.2021.<br \/>\nDenkt aber daran, vorher eure Eltern zu fragen, ob das Foto auf der Homepage ver\u00f6ffentlicht werden darf, ohne ihr Einverst\u00e4ndnis k\u00f6nnt ihr leider nicht teilnehmen. <\/p>\n<p><a href=\"https:\/\/www.rwg-bayreuth.de\/home\/wp-content\/uploads\/2021\/02\/20-21-Faschingsplakat-B-2.jpg\"><img decoding=\"async\" src=\"https:\/\/www.rwg-bayreuth.de\/home\/wp-content\/uploads\/2021\/02\/20-21-Faschingsplakat-B-2.jpg\" alt=\"\" width=\"100%\" height=\"auto\" class=\"alignnone size-full wp-image-28106\" srcset=\"https:\/\/www.rwg-bayreuth.de\/home\/wp-content\/uploads\/2021\/02\/20-21-Faschingsplakat-B-2.jpg 1024w, https:\/\/www.rwg-bayreuth.de\/home\/wp-content\/uploads\/2021\/02\/20-21-Faschingsplakat-B-2-450x150.jpg 450w, https:\/\/www.rwg-bayreuth.de\/home\/wp-content\/uploads\/2021\/02\/20-21-Faschingsplakat-B-2-768x257.jpg 768w, https:\/\/www.rwg-bayreuth.de\/home\/wp-content\/uploads\/2021\/02\/20-21-Faschingsplakat-B-2-250x83.jpg 250w\" sizes=\"(max-width: 1024px) 100vw, 1024px\" \/><\/a><\/p>\n","protected":false},"excerpt":{"rendered":"<p>Faschingsbilder &nbsp; Siegerbilder Faschingsaktion Liebe Unterstufe! Leider ist es in diesem Jahr nicht m\u00f6glich, einen Fasching in der Schule zu feiern. Das soll uns aber nicht davon abhalten, Spa\u00df zu haben und uns zu verkleiden. Deshalb haben wir f\u00fcr euch einen etwas anderen digitalen Fasching organisiert. Als Thema haben wir uns &#8222;Kindheitshelden&#8220; ausgesucht. Hierf\u00fcr w\u00e4re&hellip;<\/p>\n","protected":false},"author":11,"featured_media":28101,"comment_status":"closed","ping_status":"closed","sticky":false,"template":"","format":"standard","meta":{"footnotes":""},"categories":[1],"tags":[51,35],"_links":{"self":[{"href":"https:\/\/www.rwg-bayreuth.de\/home\/index.php?rest_route=\/wp\/v2\/posts\/28100"}],"collection":[{"href":"https:\/\/www.rwg-bayreuth.de\/home\/index.php?rest_route=\/wp\/v2\/posts"}],"about":[{"href":"https:\/\/www.rwg-bayreuth.de\/home\/index.php?rest_route=\/wp\/v2\/types\/post"}],"author":[{"embeddable":true,"href":"https:\/\/www.rwg-bayreuth.de\/home\/index.php?rest_route=\/wp\/v2\/users\/11"}],"replies":[{"embeddable":true,"href":"https:\/\/www.rwg-bayreuth.de\/home\/index.php?rest_route=%2Fwp%2Fv2%2Fcomments&post=28100"}],"version-history":[{"count":16,"href":"https:\/\/www.rwg-bayreuth.de\/home\/index.php?rest_route=\/wp\/v2\/posts\/28100\/revisions"}],"predecessor-version":[{"id":28244,"href":"https:\/\/www.rwg-bayreuth.de\/home\/index.php?rest_route=\/wp\/v2\/posts\/28100\/revisions\/28244"}],"wp:featuredmedia":[{"embeddable":true,"href":"https:\/\/www.rwg-bayreuth.de\/home\/index.php?rest_route=\/wp\/v2\/media\/28101"}],"wp:attachment":[{"href":"https:\/\/www.rwg-bayreuth.de\/home\/index.php?rest_route=%2Fwp%2Fv2%2Fmedia&parent=28100"}],"wp:term":[{"taxonomy":"category","embeddable":true,"href":"https:\/\/www.rwg-bayreuth.de\/home\/index.php?rest_route=%2Fwp%2Fv2%2Fcategories&post=28100"},{"taxonomy":"post_tag","embeddable":true,"href":"https:\/\/www.rwg-bayreuth.de\/home\/index.php?rest_route=%2Fwp%2Fv2%2Ftags&post=28100"}],"curies":[{"name":"wp","href":"https:\/\/api.w.org\/{rel}","templated":true}]}}