{"id":28086,"date":"2021-02-10T09:36:12","date_gmt":"2021-02-10T08:36:12","guid":{"rendered":"http:\/\/www.rwg-bayreuth.de\/home\/?p=28086"},"modified":"2021-04-29T21:13:51","modified_gmt":"2021-04-29T19:13:51","slug":"rwg-we-dance-together","status":"publish","type":"post","link":"https:\/\/www.rwg-bayreuth.de\/home\/?p=28086","title":{"rendered":"RWG \u2013 we dance together!"},"content":{"rendered":"<p><a href=\"https:\/\/www.rwg-bayreuth.de\/home\/wp-content\/uploads\/2021\/02\/20-21-Foto_we-dance-together.jpg\"><img loading=\"lazy\" decoding=\"async\" src=\"https:\/\/www.rwg-bayreuth.de\/home\/wp-content\/uploads\/2021\/02\/20-21-Foto_we-dance-together-450x253.jpg\" alt=\"\" width=\"450\" height=\"253\" class=\"aligncenter size-medium wp-image-28088\" srcset=\"https:\/\/www.rwg-bayreuth.de\/home\/wp-content\/uploads\/2021\/02\/20-21-Foto_we-dance-together-450x253.jpg 450w, https:\/\/www.rwg-bayreuth.de\/home\/wp-content\/uploads\/2021\/02\/20-21-Foto_we-dance-together-768x432.jpg 768w, https:\/\/www.rwg-bayreuth.de\/home\/wp-content\/uploads\/2021\/02\/20-21-Foto_we-dance-together-250x141.jpg 250w, https:\/\/www.rwg-bayreuth.de\/home\/wp-content\/uploads\/2021\/02\/20-21-Foto_we-dance-together.jpg 1024w, https:\/\/www.rwg-bayreuth.de\/home\/wp-content\/uploads\/2021\/02\/20-21-Foto_we-dance-together-800x450.jpg 800w\" sizes=\"(max-width: 450px) 100vw, 450px\" \/><\/a><\/p>\n<p>Endlich ist es so weit! Der Tanz als Zeichen f\u00fcr den Sport ist online \u2013 und viele Klassen waren dabei!<\/p>\n<p>Unter dem Motto: \u201eGemeinsam ein Zeichen f\u00fcr den Sport setzten\u201c fanden sich viele Sportgruppen zusammen und tanzten. Denn die Deutsche Schulsportstiftung hatte zu Beginn des Schuljahres alle Schulen in Deutschland dazu aufgerufen, ein Zeichen f\u00fcr den Schulsport und Jugend trainiert f\u00fcr Olympia &#038; Paralympics zu setzen. Mit einem deutschlandweiten Aktionstag unter dem Motto <strong>\u201eJugend trainiert\u201c \u2013 gemeinsam bewegen<\/strong> sollte ein wichtiger Schritt in Richtung der Wiederaufnahme des Schulsports in Zeiten von Corona-Einschr\u00e4nkungen vollzogen werden. Hierbei fand eine Flashmob-Aktion statt.<br \/>\nNachdem diese Aktion aber auf unseren Wandertag fiel und wir somit nicht direkt daran teilnehmen konnten, studierten viele Klassen den Tanz ein und \u00fcbten flei\u00dfig, um dennoch ein Zeichen f\u00fcr den Sport zu setzen.<br \/>\n\u00dcber 150 Sch\u00fclerinnen und Sch\u00fcler beteiligten sich und lie\u00dfen ein gro\u00dfartiges Video entstehen. Die Teile wurden, wie man sieht, zu unterschiedlichsten Zeiten der Corona-Einschr\u00e4nkungen aufgenommen.<br \/>\nWir alle hoffen, bald wieder gemeinsam Sport machen zu k\u00f6nnen! Am liebsten nat\u00fcrlich, frei, ohne Maske und Abstand, mit allem, was dazu geh\u00f6rt!<\/p>\n<p>Link zum Video: <a href=\"https:\/\/cloud.rwg-bayreuth.de\/f\/1588687\">cloud.rwg-bayreuth.de\/f\/1588687<\/a><\/p>\n<p>Vielen Dank an alle Teilnehmer der Aktion und an Florian Mehling f\u00fcr das Schneiden des Videos! <\/p>\n<p>Um das Video in guter Qualit\u00e4t sehen zu k\u00f6nnen, m\u00fcsst ihr es downloaden und nicht \u00fcber die Cloud streamen.<\/p>\n<p>\u00dcbrigens neue Challenges warten auf euch auf der Homepage!<\/p>\n<p><em>Annika Keyser<\/em><\/p>\n","protected":false},"excerpt":{"rendered":"<p>Endlich ist es so weit! Der Tanz als Zeichen f\u00fcr den Sport ist online \u2013 und viele Klassen waren dabei! Unter dem Motto: \u201eGemeinsam ein Zeichen f\u00fcr den Sport setzten\u201c fanden sich viele Sportgruppen zusammen und tanzten. Denn die Deutsche Schulsportstiftung hatte zu Beginn des Schuljahres alle Schulen in Deutschland dazu aufgerufen, ein Zeichen f\u00fcr&hellip;<\/p>\n","protected":false},"author":11,"featured_media":28087,"comment_status":"closed","ping_status":"closed","sticky":false,"template":"","format":"standard","meta":{"footnotes":""},"categories":[1],"tags":[51,63],"_links":{"self":[{"href":"https:\/\/www.rwg-bayreuth.de\/home\/index.php?rest_route=\/wp\/v2\/posts\/28086"}],"collection":[{"href":"https:\/\/www.rwg-bayreuth.de\/home\/index.php?rest_route=\/wp\/v2\/posts"}],"about":[{"href":"https:\/\/www.rwg-bayreuth.de\/home\/index.php?rest_route=\/wp\/v2\/types\/post"}],"author":[{"embeddable":true,"href":"https:\/\/www.rwg-bayreuth.de\/home\/index.php?rest_route=\/wp\/v2\/users\/11"}],"replies":[{"embeddable":true,"href":"https:\/\/www.rwg-bayreuth.de\/home\/index.php?rest_route=%2Fwp%2Fv2%2Fcomments&post=28086"}],"version-history":[{"count":4,"href":"https:\/\/www.rwg-bayreuth.de\/home\/index.php?rest_route=\/wp\/v2\/posts\/28086\/revisions"}],"predecessor-version":[{"id":29012,"href":"https:\/\/www.rwg-bayreuth.de\/home\/index.php?rest_route=\/wp\/v2\/posts\/28086\/revisions\/29012"}],"wp:featuredmedia":[{"embeddable":true,"href":"https:\/\/www.rwg-bayreuth.de\/home\/index.php?rest_route=\/wp\/v2\/media\/28087"}],"wp:attachment":[{"href":"https:\/\/www.rwg-bayreuth.de\/home\/index.php?rest_route=%2Fwp%2Fv2%2Fmedia&parent=28086"}],"wp:term":[{"taxonomy":"category","embeddable":true,"href":"https:\/\/www.rwg-bayreuth.de\/home\/index.php?rest_route=%2Fwp%2Fv2%2Fcategories&post=28086"},{"taxonomy":"post_tag","embeddable":true,"href":"https:\/\/www.rwg-bayreuth.de\/home\/index.php?rest_route=%2Fwp%2Fv2%2Ftags&post=28086"}],"curies":[{"name":"wp","href":"https:\/\/api.w.org\/{rel}","templated":true}]}}